{"id":67271,"date":"2024-08-07T04:00:00","date_gmt":"2024-08-07T07:00:00","guid":{"rendered":"https:\/\/grandepremio.com\/br\/noticias\/charles-leclerc-sente-piora-sf-24-precisa-cuidar-para-nao-despencar-ferrari-2024\/"},"modified":"2024-08-07T06:44:14","modified_gmt":"2024-08-07T09:44:14","slug":"charles-leclerc-sente-piora-sf-24-precisa-cuidar-para-nao-despencar-ferrari-2024","status":"publish","type":"post","link":"https:\/\/grandepremio.com\/br\/f1\/charles-leclerc-sente-piora-sf-24-precisa-cuidar-para-nao-despencar-ferrari-2024\/","title":{"rendered":"Leclerc sente piora da SF-24 e precisa cuidar para n\u00e3o despencar com Ferrari em 2024"},"content":{"rendered":"\n<p class=\"wp-block-paragraph\"><strong>Charles Leclerc<\/strong> come\u00e7ou a temporada 2024 da <strong>F\u00f3rmula 1<\/strong> em \u00f3tima forma e conseguindo extrair todo o potencial da ent\u00e3o forte e consistente <strong>SF-24<\/strong>. O #16 teve grandes atua\u00e7\u00f5es em boa parte da primeira metade do ano e cruzou a linha de chegada no top-4 nas oito primeiras corridas. O ponto alto foi a vit\u00f3ria no <strong>GP de M\u00f4naco<\/strong>, em casa, quando deu ind\u00edcios de que poderia se colocar na briga pelo t\u00edtulo do <strong>Mundial de Pilotos<\/strong>. O grande problema \u00e9 que o monegasco perdeu f\u00f4lego na disputa justamente quando o carro demonstrou fraquezas e a equipe precisava de uma lideran\u00e7a no processo de reestrutura\u00e7\u00e3o.<\/p>\n\n\n\n<p class=\"wp-block-paragraph\"><strong>Leclerc <\/strong>j\u00e1 \u00e9 considerado l\u00edder dentro da <strong>Ferrari <\/strong>h\u00e1 algum tempo. Desde que chegou ao time em 2019, o #16 conquistou espa\u00e7o, desbancou o tetracampe\u00e3o<strong> Sebastian Vettel<\/strong>, conseguiu a confian\u00e7a da equipe e se tornou prioridade dos italianos. <strong>Charles<\/strong>, de fato, \u00e9 um \u00f3timo piloto e, vestindo vermelho \u2014 com exce\u00e7\u00e3o de 2021 \u2014, nunca perdeu a disputa direta para um companheiro de equipe. O ponto fraco do monegasco, no entanto, \u00e9 que parece sentir a press\u00e3o quando a escuderia n\u00e3o consegue fazer as coisas flu\u00edrem de forma perfeita.<\/p>\n\n\n\n<p class=\"wp-block-paragraph\">Foi assim em 2022, quando a <strong>Ferrari <\/strong>perdeu terreno em rela\u00e7\u00e3o \u00e0 <strong>Red Bull<\/strong> ap\u00f3s as quebras na <strong>Espanha <\/strong>e no <strong>Azerbaij\u00e3o<\/strong>, e agora depois conquistar a vit\u00f3ria em <strong>M\u00f4naco<\/strong>. Isso sem contar, claro, anos em que o time esteve abaixo e Charles n\u00e3o conseguiu se destacar tanto assim, como o pr\u00f3prio 2021. Desta vez, <strong>Leclerc <\/strong>saiu do Principado com 31 pontos de desvantagem para <strong>Max Verstappen<\/strong>. No <strong>Mundial de Construtores<\/strong>, a diferen\u00e7a dos taurinos para os italianos era de 24 tentos \u2014 uma margem extremamente pequena, ainda mais <a href=\"https:\/\/www.grandepremio.com\/br\/f1\/noticias\/refem-proprio-nivel-sergio-perez-fica-red-bull-futuro-segue-grande-incognita\/\">levando em considera\u00e7\u00e3o o momento ruim de <strong>Sergio P\u00e9rez<\/strong><\/a>.<\/p>\n\n\n\n<p class=\"wp-block-paragraph\">Os ind\u00edcios de que a <strong>Ferrari <\/strong>errou no desenvolvimento da SF-24 come\u00e7aram a surgir quando os pilotos reclamaram da atualiza\u00e7\u00e3o que chegou para o <strong>GP da Em\u00edlia-Romanha<\/strong>, etapa realizada antes do <strong>GP de M\u00f4naco<\/strong>. Naquele momento, o time liderado por <strong>Fr\u00e9d\u00e9ric Vasseur<\/strong> tinha como objetivo n\u00e3o apenas retomar o posto de segunda for\u00e7a \u2014 que acabara de ser ocupado pela <strong>McLaren <\/strong>\u2014, mas tamb\u00e9m se colocar no mesmo patamar da<strong> Red Bull<\/strong> e brigar efetivamente pelo t\u00edtulo.<\/p>\n\n\n\n<figure class=\"wp-block-image size-large\"><img decoding=\"async\" src=\"https:\/\/www.grandepremio.com\/br\/wp-content\/uploads\/2024\/05\/monaco-2024-f1-corrida-ferrari-charles-leclerc-09-1200x800.jpg\" alt=\"\" class=\"wp-image-819897\"\/><figcaption class=\"wp-element-caption\">Depois de vencer o GP de M\u00f4naco, Charles Leclerc teve in\u00fameros problemas na F1 2024 (Foto: Pirelli)<\/figcaption><\/figure>\n\n\n\n<p class=\"wp-block-paragraph\">\u201cO ritmo n\u00e3o foi bom hoje e n\u00e3o estou feliz. Ap\u00f3s a classifica\u00e7\u00e3o, vimos algo no carro que n\u00e3o estava funcionando como pretendido ou esperado. Tivemos dificuldades e sofremos com alguns problemas. Em geral, as coisas n\u00e3o deram certo hoje e, por isso, n\u00e3o estou feliz. Mas tenho certeza que podemos reverter a situa\u00e7\u00e3o em <strong>M\u00f4naco <\/strong>e solucionar alguns problemas que estavam nos impedindo de sermos melhores. Estaremos de volta no ritmo\u201d, destacou<strong> Carlos Sainz <\/strong>ap\u00f3s o <strong>GP da Em\u00edlia-Romanha<\/strong>.<\/p>\n\n\n\n<p class=\"wp-block-paragraph\">O resultado em <strong>M\u00f4naco<\/strong>, com <strong>Leclerc <\/strong>em primeiro e <strong>Sainz <\/strong>em terceiro, ofuscou um pouco a declara\u00e7\u00e3o do espanhol e parecia um indicativo de que a Ferrari estava de volta ao p\u00e1reo. Mas o choque de realidade veio logo na prova seguinte, no <strong>Canad\u00e1<\/strong>, quando a dupla sequer foi capaz de avan\u00e7ar ao Q3. \u00c9 verdade que durante a corrida o monegasco foi <a href=\"https:\/\/www.grandepremio.com\/br\/f1\/noticias\/ferrari-diz-charles-leclerc-perdeu-80-cv-potencia-com-problema-motor-canada\/\">prejudicado por uma perda de pot\u00eancia do motor<\/a> e tamb\u00e9m foi atrapalhado pela estrat\u00e9gia da <strong>Ferrari <\/strong>\u2014 que colocou pneus de pista seca quando o asfalto ainda estava molhado. Mas faltou tamb\u00e9m leitura de corrida por parte do #16 \u2014 habilidade important\u00edssima principalmente em momentos delicados, e que Carlos j\u00e1 mostrou dominar com maestria.<\/p>\n\n\n\n<p class=\"wp-block-paragraph\">Apesar de um respiro com o quinto lugar no GP da Espanha, o monegasco voltou a figurar fora dos pontos nos <strong>GPs da \u00c1ustria<\/strong> e da <strong>Inglaterra<\/strong>. No <strong>Red Bull Ring<\/strong>, <a href=\"https:\/\/www.grandepremio.com\/br\/f1\/noticias\/charles-leclerc-assume-culpa-por-erro-no-final-do-q3-na-austria-ultrapassei-o-limite\/\">errou na \u00faltima tentativa de volta r\u00e1pida no Q3<\/a> e alinhou no grid apenas em sexto. Na largada, se envolveu em um toque com <strong>Oscar Piastri<\/strong> na curva 1, teve de ir para os boxes e caiu para o fundo do grid. No fim, n\u00e3o teve ritmo para se recuperar, colecionou pit-stops e cruzou a linha de chegada apenas em 11\u00ba \u2014 em uma compara\u00e7\u00e3o direta, <strong>Sainz <\/strong>novamente aproveitou as oportunidades e <a href=\"https:\/\/www.grandepremio.com\/br\/video\/f1\/max-verstappen-fecha-porta-causa-batida-lando-norris-batalha-vitoria-austria\/\">se valeu do enrosco entre Lando Norris e Verstappen<\/a> para garantir um p\u00f3dio.&nbsp;Leclerc se limitou a dizer que <a href=\"https:\/\/www.grandepremio.com\/br\/f1\/noticias\/charles-leclerc-lamenta-incidente-oscar-piastri-avalia-gp-austria-sem-aspectos-positivos\/\">a corrida na \u00c1ustria n\u00e3o teve nada de positivo<\/a>.<\/p>\n\n\n\n<p class=\"wp-block-paragraph\">Em <strong>Silverstone<\/strong>, mais um fim de semana em que a Ferrari n\u00e3o estava bem, <strong>Charles <\/strong>voltou a cometer erros. Primeiro na classifica\u00e7\u00e3o, em que n\u00e3o contornou a curva 13 da forma ideal, perdeu 0s3 e foi eliminado ainda no Q2. Na corrida, novamente n\u00e3o teve uma boa leitura, aceitou a sugest\u00e3o de <a href=\"https:\/\/www.grandepremio.com\/br\/f1\/noticias\/ferrari-tatica-agressiva-charles-leclerc-inglaterra-nao-funcionou\/\">estrat\u00e9gia \u201cagressiva\u201d<\/a> da <strong>Ferrari<\/strong>, e acabou <a href=\"https:\/\/www.grandepremio.com\/br\/f1\/noticias\/charles-leclerc-lamenta-tatica-falha-gp-da-inglaterra-muita-coisa-dando-errado\/\">rodando oito voltas com pneus intermedi\u00e1rios enquanto a pista estava praticamente seca<\/a>. No fim, foi 14\u00ba e viu Sainz \u2014 que n\u00e3o aceitou a sugest\u00e3o do time \u2014 ficar em quinto.<\/p>\n\n\n\n<p class=\"wp-block-paragraph\">Sem desempenho e se vendo t\u00e3o perdido quanto a <strong>Ferrari<\/strong>, Leclerc reconheceu que n\u00e3o sabia como retomar a boa forma.<\/p>\n\n\n\n<p class=\"wp-block-paragraph\">\u201cNunca realmente encontrei o ritmo do carro\u201d, disse ap\u00f3s a corrida em Silverstone. \u201cGuiei numa configura\u00e7\u00e3o diferente da que tinha usado ontem para fazer uma compara\u00e7\u00e3o, mas revertemos \u00e0s especifica\u00e7\u00f5es antigas hoje. Devo dizer que n\u00e3o ajudou na minha prepara\u00e7\u00e3o, especialmente em pista seca. Perdemos ritmo e n\u00e3o sabemos como recuperar\u201d, afirmou.<\/p>\n\n\n\n<figure class=\"wp-block-image size-large\"><img decoding=\"async\" src=\"https:\/\/www.grandepremio.com\/br\/wp-content\/uploads\/2024\/07\/inglaterra-2024-f1-treino-livre-ferrari-charles-leclerc-01-2-1200x800.jpg\" alt=\"\" class=\"wp-image-837398\"\/><figcaption class=\"wp-element-caption\">Charles Leclerc voltou a ter problemas com a estrat\u00e9gia em Silverstone (Foto: Ferrari)<\/figcaption><\/figure>\n\n\n\n<p class=\"wp-block-paragraph\">Ainda pressionado pela falta de performance da <strong>SF-24<\/strong>, Leclerc errou durante o treino livre 2 do <strong>GP da Hungria<\/strong>. A <strong>Ferrari<\/strong>, no entanto, tentou minimizar a situa\u00e7\u00e3o e isentou o #16 dos erros constantes.<\/p>\n\n\n\n<p class=\"wp-block-paragraph\">\u201cAs \u00faltimas corridas foram dif\u00edceis para Charles, mas n\u00e3o \u00e9 culpa dele. Talvez ele tenha ficado condicionado a for\u00e7ar al\u00e9m do limite por conta dos nossos problemas na parte t\u00e9cnica. Cometemos erros juntos e reagimos juntos enquanto grupo\u201d, disse Vasseur.&nbsp;<\/p>\n\n\n\n<p class=\"wp-block-paragraph\">Apesar do erro no TL2, foi na <strong>Hungria <\/strong>que a <strong>Ferrari <\/strong>e tamb\u00e9m <strong>Leclerc <\/strong>deram um sinal de rea\u00e7\u00e3o. Apesar de ter se classificado em sexto, o piloto alinhou o ritmo decente com a boa estrat\u00e9gia e conseguiu retornar ao top-4 \u2014 embora tenha admitido que isso <a href=\"https:\/\/www.grandepremio.com\/br\/f1\/noticias\/charles-leclerc-diz-ritmo-estava-la-mas-4o-lugar-hungria-nao-e-suficiente\/\">n\u00e3o foi o suficiente<\/a>.<\/p>\n\n\n\n<p class=\"wp-block-paragraph\">Na <strong>B\u00e9lgica<\/strong>, novamente a Ferrari esbo\u00e7ou uma rea\u00e7\u00e3o e <strong>Leclerc <\/strong>correspondeu. Na classifica\u00e7\u00e3o, desbancou P\u00e9rez, as <strong>McLaren <\/strong>e as <strong>Mercedes<\/strong>, e ficou com o segundo tempo \u2014 que acabou virando a pole por causa da puni\u00e7\u00e3o de Verstappen. Na corrida, fez o que era poss\u00edvel e conseguiu salvar um p\u00f3dio ap\u00f3s se beneficiar da desclassifica\u00e7\u00e3o de<strong> George Russell<\/strong> antes de partir para as f\u00e9rias de ver\u00e3o<\/p>\n\n\n\n<p class=\"wp-block-paragraph\">Foi justamente quando Vasseur destacou que as <a href=\"https:\/\/www.grandepremio.com\/br\/f1\/noticias\/ferrari-fala-em-sentimentos-mistos-mas-destaca-progresso-apos-gp-da-belgica\/\">coisas voltaram a se alinhar e a equipe \u201cteve algum progresso<\/a>\u201d, que <strong>Leclerc <\/strong>tamb\u00e9m retomou a boa forma e conseguiu voltar a conquistar resultados positivos. Portanto, apesar das adversidades, os dois top-4 seguidos chegaram em boa hora. Agora, com as f\u00e9rias de ver\u00e3o, <strong>Charles <\/strong>vai ter um tempo para colocar as coisas no lugar e voltar com mais foco para que as coisas estejam mais sob controle na segunda metade da temporada.&nbsp;<\/p>\n\n\n\n<p class=\"wp-block-paragraph\">Querendo ou n\u00e3o, esse tamb\u00e9m \u00e9 um dos \u00faltimos momentos que <strong>Leclerc <\/strong>tem para mostrar que pode seguir como um grande nome de confian\u00e7a dentro das garagens da <strong>Ferrari<\/strong>. Afinal, <strong>Lewis Hamilton<\/strong> est\u00e1 chegando a <strong>Maranello <\/strong>em 2025 e certamente vai receber um tratamento diferenciado. Fazer uma segunda metade de temporada ruim em 2024 tende a deixar tudo mais complicado para o #16 no ano que vem.<\/p>\n\n\n\n<p class=\"wp-block-paragraph\">\u00c9 hora de Leclerc mostrar que n\u00e3o \u00e9 s\u00f3 excelente quando as coisas v\u00e3o bem na equipe, mas tamb\u00e9m de mostrar for\u00e7a quando os astros se desalinharem nas garagens vermelhas.<\/p>\n\n\n\n<p class=\"wp-block-paragraph\">A&nbsp;<strong><a href=\"https:\/\/www.grandepremio.com\/br\/f1\/\" target=\"_blank\" rel=\"noreferrer noopener\"><\/a><a href=\"https:\/\/www.grandepremio.com\/br\/f1\/\" target=\"_blank\" rel=\"noreferrer noopener\">F\u00f3rmula 1<\/a>&nbsp;<\/strong>agora faz a tradicional pausa para as f\u00e9rias de ver\u00e3o na Europa e volta de&nbsp;<strong>23 a 25 de agosto<\/strong>&nbsp;em&nbsp;<strong><a href=\"https:\/\/www.grandepremio.com\/br\/circuito\/zandvoort\/\" target=\"_blank\" rel=\"noreferrer noopener\">Zandvoort<\/a><\/strong>, para a disputa do&nbsp;<strong>GP dos Pa\u00edses Baixos<\/strong>.<\/p>\n\n\n\n<p class=\"wp-block-paragraph\"><strong>&nbsp;Inscreva-se nos dois canais do GRANDE PR\u00caMIO no YouTube:&nbsp;<a href=\"https:\/\/www.youtube.com\/channel\/UC9OlHEgxoaY6QY6nWPoiqQg?sub_confirmation=1\" target=\"_blank\" rel=\"noreferrer noopener\">GP<\/a>&nbsp;|&nbsp;<a href=\"https:\/\/www.youtube.com\/channel\/UC9csiS6q_C3C0FYhyr1rnFA?sub_confirmation=1\" target=\"_blank\" rel=\"noreferrer noopener\">GP2<\/a><\/strong><\/p>\n\n\n\n<figure class=\"wp-block-embed is-type-video is-provider-youtube wp-block-embed-youtube wp-embed-aspect-16-9 wp-has-aspect-ratio\"><div class=\"wp-block-embed__wrapper\">\n<iframe loading=\"lazy\" title=\"RED BULL INCAPAZ DE VENCER? + BORTOLETO NA F1 COM SAUBER? | Paddock GP #383\" width=\"500\" height=\"281\" src=\"https:\/\/www.youtube.com\/embed\/sGg-uglxYl8?feature=oembed\" frameborder=\"0\" allow=\"accelerometer; autoplay; clipboard-write; encrypted-media; gyroscope; picture-in-picture; web-share\" referrerpolicy=\"strict-origin-when-cross-origin\" allowfullscreen><\/iframe>\n<\/div><\/figure>\n","protected":false},"excerpt":{"rendered":"<p>Charles Leclerc j\u00e1 \u00e9 um piloto experiente e que hoje \u00e9 visto como a prioridade da Ferrari na F1. Por\u00e9m, mesmo com toda a bagagem adquirida ao longo dos anos, o monegasco d\u00e1 seus sinais de fraqueza quando as coisas come\u00e7am a dar errado para sua equipe. Tem acontecido de novo<\/p>\n","protected":false},"author":0,"featured_media":1000847092,"comment_status":"closed","ping_status":"closed","sticky":false,"template":"","format":"standard","meta":{"42wp_featured_image_caption":"","42wp_featured_image_credits":"","42wp_featured_video":"","42wp_featured_image_hidden":false,"42wp_authors_list":[],"footnotes":""},"categories":[2],"tags":[26271,546,209,5273,147,3230,207,180,30909,1491,28285,30840,35129,33301],"42wp_author":[47149],"class_list":["post-67271","post","type-post","status-publish","format-standard","has-post-thumbnail","hentry","category-f1","tag-calendario-f1","tag-carlos-sainz","tag-charles-leclerc","tag-classificacao-f1","tag-f1","tag-f1-2024","tag-ferrari","tag-formula-1","tag-formula-1-2024","tag-grande-premio","tag-grandepremio","tag-horarios-f1","tag-onde-assistir-f1","tag-temporada-2024-f1","42wp_author-bernardo-castro"],"_links":{"self":[{"href":"https:\/\/grandepremio.com\/br\/wp-json\/wp\/v2\/posts\/67271","targetHints":{"allow":["GET"]}}],"collection":[{"href":"https:\/\/grandepremio.com\/br\/wp-json\/wp\/v2\/posts"}],"about":[{"href":"https:\/\/grandepremio.com\/br\/wp-json\/wp\/v2\/types\/post"}],"replies":[{"embeddable":true,"href":"https:\/\/grandepremio.com\/br\/wp-json\/wp\/v2\/comments?post=67271"}],"version-history":[{"count":0,"href":"https:\/\/grandepremio.com\/br\/wp-json\/wp\/v2\/posts\/67271\/revisions"}],"wp:featuredmedia":[{"embeddable":true,"href":"https:\/\/grandepremio.com\/br\/wp-json\/wp\/v2\/media\/1000847092"}],"wp:attachment":[{"href":"https:\/\/grandepremio.com\/br\/wp-json\/wp\/v2\/media?parent=67271"}],"wp:term":[{"taxonomy":"category","embeddable":true,"href":"https:\/\/grandepremio.com\/br\/wp-json\/wp\/v2\/categories?post=67271"},{"taxonomy":"post_tag","embeddable":true,"href":"https:\/\/grandepremio.com\/br\/wp-json\/wp\/v2\/tags?post=67271"},{"taxonomy":"42wp_author","embeddable":true,"href":"https:\/\/grandepremio.com\/br\/wp-json\/wp\/v2\/42wp_author?post=67271"}],"curies":[{"name":"wp","href":"https:\/\/api.w.org\/{rel}","templated":true}]}}