{"id":67777,"date":"2024-08-01T12:01:54","date_gmt":"2024-08-01T15:01:54","guid":{"rendered":"https:\/\/grandepremio.com\/br\/noticias\/fabio-quartararo-isola-amizade-garante-tony-arbolino-pronto-motogp\/"},"modified":"2024-08-01T12:02:40","modified_gmt":"2024-08-01T15:02:40","slug":"fabio-quartararo-isola-amizade-garante-tony-arbolino-pronto-motogp","status":"publish","type":"post","link":"https:\/\/grandepremio.com\/br\/motogp\/fabio-quartararo-isola-amizade-garante-tony-arbolino-pronto-motogp\/","title":{"rendered":"Quartararo isola amizade, mas garante que Arbolino est\u00e1 \u201cpronto para a MotoGP\u201d"},"content":{"rendered":"\n<p class=\"wp-block-paragraph\"><strong>Fabio Quartararo<\/strong> afirmou que <strong>Tony Arbolino <\/strong>est\u00e1 \u201cpronto para a <strong>MotoGP<\/strong>\u201d. O franc\u00eas reconheceu que o piloto da <strong>Marc VDS <\/strong>n\u00e3o faz um bom ano na classe intermedi\u00e1ria, mas negou que a avalia\u00e7\u00e3o esteja baseada na amizade dos dois.<\/p>\n\n\n\n<p class=\"wp-block-paragraph\">A Yamaha fechou nesta semana o line-up de <strong>2025 <\/strong>e <strong>2026<\/strong>, confirmando <strong>\u00c1lex Rins <\/strong>ao lado de Quartararo. No entanto, as duas vagas na <strong>Pramac<\/strong>, que ser\u00e1 sat\u00e9lite da casa de <strong>Iwata<\/strong>, ainda est\u00e3o em aberto.<\/p>\n\n\n\n<p class=\"wp-block-paragraph\">Quartararo j\u00e1 fez campanha p\u00fablica por <strong>Fabio Di Giannantonio<\/strong>, mas o italiano tamb\u00e9m \u00e9 cotado para a seguir na <strong>VR46<\/strong>. O #20, no entanto, tamb\u00e9m defendeu a promo\u00e7\u00e3o de <strong>Sergio Garc\u00eda<\/strong>, que hoje lidera a disputa na <strong>Moto2<\/strong>.<\/p>\n\n\n\n<p class=\"wp-block-paragraph\">Agora, contudo, Arbolino tamb\u00e9m entra em cena, ainda que a performance n\u00e3o esteja em destaque no momento.<\/p>\n\n\n\n<p class=\"wp-block-paragraph\"><strong>RANKING GP<\/strong><br><strong>\u25b6\ufe0f<\/strong>\u00a0<strong><a href=\"https:\/\/www.grandepremio.com\/br\/grandepremium\/ranking-gp\/motogp\/materias\/notas-pilotos-primeira-metade-motogp-2024\/\">As notas dos pilotos na primeira metade da MotoGP 2024<\/a><\/strong><\/p>\n\n\n\n<figure class=\"wp-block-image size-large\"><img decoding=\"async\" src=\"https:\/\/www.grandepremio.com\/br\/wp-content\/uploads\/2023\/09\/Moto2-2023-Japao-Motegi-Sexta-Marc-VDS-Tony-Arbolino3-1024x684.jpg\" alt=\"\" class=\"wp-image-735438\"\/><figcaption class=\"wp-element-caption\">Tony Arbolino n\u00e3o faz uma temporada das mais brilhantes na Moto2 (Foto: Marc VDS)<\/figcaption><\/figure>\n\n\n\n<p class=\"wp-block-paragraph\"><strong>\u25b6\ufe0f\u00a0Inscreva-se nos dois canais do GRANDE PR\u00caMIO no YouTube:\u00a0<a href=\"https:\/\/www.youtube.com\/channel\/UC9OlHEgxoaY6QY6nWPoiqQg?sub_confirmation=1\" target=\"_blank\" rel=\"noreferrer noopener\">GP<\/a>\u00a0|\u00a0<a href=\"https:\/\/www.youtube.com\/channel\/UC9csiS6q_C3C0FYhyr1rnFA?sub_confirmation=1\" target=\"_blank\" rel=\"noreferrer noopener\">GP2<\/a><\/strong><\/p>\n\n\n\n<p class=\"wp-block-paragraph\">\u201cTony Arbolino est\u00e1 pronto para a MotoGP. E n\u00e3o digo isso por ele ser meu amigo\u201d, disse Quartararo. \u201cEste ano n\u00e3o foi f\u00e1cil para ele, n\u00e3o sei se pelo pneu ou pela maneira como est\u00e3o trabalhando com ele. Mas, em outros momentos, ele conseguiu encadear muitos p\u00f3dios\u201d, seguiu.<\/p>\n\n\n\n<p class=\"wp-block-paragraph\">Fabio recordou o pr\u00f3prio passado na Moto2. Em duas temporadas, \u2018<em><strong>El Diablo<\/strong><\/em>\u2019 conseguiu uma \u00fanica vit\u00f3ria e s\u00f3 dois p\u00f3dios.<\/p>\n\n\n\n<p class=\"wp-block-paragraph\">\u201cO caso de Tony \u00e9 como o meu: eu tampouco tinha vencido corridas seguidas, nem somava p\u00f3dios, mas quando cheguei \u00e0 MotoGP foi imediatamente r\u00e1pido\u201d, recordou. \u201cEle agora vive muito perto de mim e tenho ci\u00eancia do tanto que ele est\u00e1 trabalhando\u201d, comentou.<\/p>\n\n\n\n<p class=\"wp-block-paragraph\">Depois das f\u00e9rias, a\u00a0<a href=\"https:\/\/grandepremio.com\/motovelocidade\/\" target=\"_blank\" rel=\"noreferrer noopener\">MotoGP<\/a>\u00a0volta \u00e0 ativa neste fim de semana, com o\u00a0<strong>GP da Gr\u00e3-Bretanha<\/strong>, em\u00a0<strong><a href=\"https:\/\/www.grandepremio.com\/br\/circuito\/silverstone\/\" target=\"_blank\" rel=\"noreferrer noopener\">Silverstone<\/a><\/strong>, 10\u00aa etapa da temporada 2024. O\u00a0<strong>GRANDE PR\u00caMIO\u00a0<\/strong>faz a cobertura completa do evento, assim como das outras classes do Mundial de\u00a0<a href=\"https:\/\/www.grandepremio.com\/motovelocidade\/\">Motovelocidade\u00a0<\/a>durante todo o ano.<\/p>\n\n\n\n<figure class=\"wp-block-embed is-type-video is-provider-youtube wp-block-embed-youtube wp-embed-aspect-16-9 wp-has-aspect-ratio\"><div class=\"wp-block-embed__wrapper\">\n<iframe loading=\"lazy\" title=\"MotoGP retoma 2024 com campeonato INDEFINIDO e EXPECTATIVA DE EVOLU\u00c7\u00c3O | GP \u00e0s 10\" width=\"500\" height=\"281\" src=\"https:\/\/www.youtube.com\/embed\/FxuKcOXe9ZY?feature=oembed\" frameborder=\"0\" allow=\"accelerometer; autoplay; clipboard-write; encrypted-media; gyroscope; picture-in-picture; web-share\" referrerpolicy=\"strict-origin-when-cross-origin\" allowfullscreen><\/iframe>\n<\/div><\/figure>\n","protected":false},"excerpt":{"rendered":"<p>Fabio Quartararo reconheceu que Tony Arbolino faz um ano dif\u00edcil, mas considerou que o italiano est\u00e1 pronto para a MotoGP. O titular da Yamaha negou que a avalia\u00e7\u00e3o esteja baseada na amizade dos dois<\/p>\n","protected":false},"author":0,"featured_media":1000720454,"comment_status":"closed","ping_status":"closed","sticky":false,"template":"","format":"standard","meta":{"42wp_featured_image_caption":"","42wp_featured_image_credits":"","42wp_featured_video":"","42wp_featured_image_hidden":false,"42wp_authors_list":[],"footnotes":""},"categories":[8],"tags":[5214,131,110,2327,32229,25690,28285,3504,130,897,132,79,78,34329,37693,37691,37692,25819,29345,28766,37694,26690,136,3632,2279,172],"42wp_author":[47113],"class_list":["post-67777","post","type-post","status-publish","format-standard","has-post-thumbnail","hentry","category-motogp","tag-classificacao-motogp","tag-ducati","tag-fabio-quartararo","tag-francesco-bagnaia","tag-gasgas","tag-gra-bretanha","tag-grandepremio","tag-gresini","tag-honda","tag-inglaterra","tag-ktm","tag-moto-gp","tag-motogp","tag-motogp-2024","tag-motogp-2024-calendario","tag-motogp-calendario-2024","tag-motogp-classificacao-2024","tag-motogp-hoje","tag-motogp-horario","tag-motogp-standings","tag-onde-assistir-motogp-2024","tag-pilotos-motogp","tag-pramac","tag-silverstone","tag-tony-arbolino","tag-yamaha","42wp_author-juliana-tesser"],"_links":{"self":[{"href":"https:\/\/grandepremio.com\/br\/wp-json\/wp\/v2\/posts\/67777","targetHints":{"allow":["GET"]}}],"collection":[{"href":"https:\/\/grandepremio.com\/br\/wp-json\/wp\/v2\/posts"}],"about":[{"href":"https:\/\/grandepremio.com\/br\/wp-json\/wp\/v2\/types\/post"}],"replies":[{"embeddable":true,"href":"https:\/\/grandepremio.com\/br\/wp-json\/wp\/v2\/comments?post=67777"}],"version-history":[{"count":0,"href":"https:\/\/grandepremio.com\/br\/wp-json\/wp\/v2\/posts\/67777\/revisions"}],"wp:featuredmedia":[{"embeddable":true,"href":"https:\/\/grandepremio.com\/br\/wp-json\/wp\/v2\/media\/1000720454"}],"wp:attachment":[{"href":"https:\/\/grandepremio.com\/br\/wp-json\/wp\/v2\/media?parent=67777"}],"wp:term":[{"taxonomy":"category","embeddable":true,"href":"https:\/\/grandepremio.com\/br\/wp-json\/wp\/v2\/categories?post=67777"},{"taxonomy":"post_tag","embeddable":true,"href":"https:\/\/grandepremio.com\/br\/wp-json\/wp\/v2\/tags?post=67777"},{"taxonomy":"42wp_author","embeddable":true,"href":"https:\/\/grandepremio.com\/br\/wp-json\/wp\/v2\/42wp_author?post=67777"}],"curies":[{"name":"wp","href":"https:\/\/api.w.org\/{rel}","templated":true}]}}