{"id":67888,"date":"2024-07-31T11:16:49","date_gmt":"2024-07-31T14:16:49","guid":{"rendered":"https:\/\/grandepremio.com\/br\/noticias\/perda-peso-carro-george-russell-mercedes-explica-desclassificacao-belgica\/"},"modified":"2024-07-31T12:51:19","modified_gmt":"2024-07-31T15:51:19","slug":"perda-peso-carro-george-russell-mercedes-explica-desclassificacao-belgica","status":"publish","type":"post","link":"https:\/\/grandepremio.com\/br\/f1\/perda-peso-carro-george-russell-mercedes-explica-desclassificacao-belgica\/","title":{"rendered":"Perda de peso do carro e at\u00e9 de Russell: Mercedes explica desclassifica\u00e7\u00e3o na B\u00e9lgica"},"content":{"rendered":"\n<p class=\"wp-block-paragraph\">A <strong>Mercedes<\/strong> <a href=\"https:\/\/www.grandepremio.com\/br\/f1\/noticias\/mercedes-promete-investigacao-completa-desclassificacao-george-russell-gp-da-belgica\/\">prometeu uma investiga\u00e7\u00e3o minuciosa para descobrir a causa da desclassifica\u00e7\u00e3o de<\/a> <strong>George Russell<\/strong>, que foi o primeiro a receber a bandeira quadriculada no <strong>GP da B\u00e9lgica<\/strong> de <strong><a href=\"https:\/\/www.grandepremio.com\/br\/f1\/\">F\u00f3rmula 1<\/a><\/strong> no \u00faltimo domingo (28), mas perdeu o triunfo pelo fato do conjunto estar 1,5 kg abaixo do m\u00ednimo permitido. Chefe de engenharia da equipe, <strong>Andrew Shovlin<\/strong> disse que diversos fatores que contribu\u00edram para a exclus\u00e3o do brit\u00e2nico do resultado final, como a perda de peso do carro e tamb\u00e9m do pr\u00f3prio piloto, al\u00e9m de ter visto novamente a prancha de madeira do assoalho ter alto desgaste. <\/p>\n\n\n\n<p class=\"wp-block-paragraph\">O dirigente da Mercedes explicou que Russell largou com o carro no mesmo peso de <strong>Lewis Hamilton<\/strong>, <a href=\"https:\/\/www.grandepremio.com\/br\/f1\/noticias\/george-russell-desclassificado-infringir-peso-minimo-gp-da-belgica-lewis-hamilton-herda-vitoria\/\">que herdou a vit\u00f3ria pela desclassifica\u00e7\u00e3o do companheiro<\/a>, mas o <strong>W15<\/strong> do <strong>#63<\/strong> passou por alguns processos que contribu\u00edram para este &#8216;emagrecimento&#8217;.<\/p>\n\n\n\n<p class=\"wp-block-paragraph\">O fato de Russell ter feito somente uma parada nos boxes contribuiu com isso. Os pneus desgastaram mais do que os de Hamilton. Os compostos de George deram mais voltas do que os que equipavam o companheiro no final \u2014 34 x 18 \u2014, terminando com menos borracha. <\/p>\n\n\n\n<p class=\"wp-block-paragraph\">Shovlin declarou que a Mercedes averiguou que Russell perdeu mais peso do que o normal ao longo das 44 voltas em <strong>Spa-Francorchamps<\/strong>, mas o time tamb\u00e9m viu repetir um problema que desclassificou Hamilton do <strong>GP dos Estados Unidos<\/strong> de 2023: <a href=\"https:\/\/www.grandepremio.com\/br\/f1\/noticias\/lewis-hamilton-charles-leclerc-desclassificados-gp-eua-infracao-tecnica-carlos-sainz-herda-3o\/\">a perda excessiva de material da prancha de madeira do assoalho<\/a>.<\/p>\n\n\n\n<figure class=\"wp-block-image size-large\"><img decoding=\"async\" src=\"https:\/\/www.grandepremio.com\/br\/wp-content\/uploads\/2024\/02\/andrew-shovlin-mercedes-2024-f1-testing-1024x682.jpg\" alt=\"\" class=\"wp-image-779240\"\/><figcaption class=\"wp-element-caption\">Andrew Shovlin listou fatores que fizeram George Russell ser desclassificado (Foto: Mercedes)<\/figcaption><\/figure>\n\n\n\n<p class=\"wp-block-paragraph\">&#8220;No come\u00e7o da corrida, os dois carros tinham o mesmo peso. Ambos foram pesados na classifica\u00e7\u00e3o e estavam dentro do limite de 500 gramas. Obviamente, \u00e9 muito frustrante e lament\u00e1vel, depois de Russell ter feito uma corrida muito boa para vencer vindo de tr\u00e1s. Estamos tentando entender exatamente o que aconteceu&#8221;, disse Shovlin.<\/p>\n\n\n\n<p class=\"wp-block-paragraph\">&#8220;V\u00e1rios componentes diferentes est\u00e3o envolvidos com rela\u00e7\u00e3o ao peso. O carro pode perder bastante peso durante a corrida. H\u00e1 desgaste de pneus, das pranchas, freios, consumo de \u00f3leo. Os pilotos perdem peso tamb\u00e9m e, nessa em particular, Russell emagreceu. Ele foi o \u00fanico a enfrentar esse problema devido ao fato de que o desgaste dos pneus foi muito maior e parece que perdemos mais material da prancha&#8221;, completou.<\/p>\n\n\n\n<p class=\"wp-block-paragraph\">Com rela\u00e7\u00e3o \u00e0 perda de material da prancha, Shovlin indicou que a Mercedes ainda estuda o que fazer para que essa situa\u00e7\u00e3o n\u00e3o volte a ocorrer. O dirigente minimizou que o desempenho superior de Russell durante o GP da B\u00e9lgica foi em decorr\u00eancia de ter corrida abaixo do regulamento.<\/p>\n\n\n\n<p class=\"wp-block-paragraph\">&#8220;Estamos coletando todos os dados para refinar nossos processos. N\u00f3s n\u00e3o queremos que isso se repita no futuro&#8221;, revelou.<\/p>\n\n\n\n<p class=\"wp-block-paragraph\">\u201cEm termos de ritmo no in\u00edcio da corrida, o ganho \u00e9 nulo, porque o carro de George e o de Lewis come\u00e7aram a prova com o mesmo peso. Como o W15 de Russell perdia peso mais r\u00e1pido do que Hamilton ao longo da corrida, existe um ganho associado a isso, mas estamos falando de cent\u00e9simos por volta. Algo muito pequeno, ainda mais quando se trata de um ou dois kg. Isso n\u00e3o representa muito tempo por giro&#8221;, finalizou.<\/p>\n\n\n\n<p class=\"wp-block-paragraph\">A&nbsp;<strong><a href=\"https:\/\/www.grandepremio.com\/br\/f1\/\" target=\"_blank\" rel=\"noreferrer noopener\"><\/a><a href=\"https:\/\/www.grandepremio.com\/br\/f1\/\" target=\"_blank\" rel=\"noreferrer noopener\">F\u00f3rmula 1<\/a>&nbsp;<\/strong>agora faz a tradicional pausa para as f\u00e9rias de ver\u00e3o na Europa e volta de&nbsp;<strong>23 a 25 de agosto<\/strong>&nbsp;em&nbsp;<strong><a href=\"https:\/\/www.grandepremio.com\/br\/circuito\/zandvoort\/\" target=\"_blank\" rel=\"noreferrer noopener\">Zandvoort<\/a><\/strong>, para a disputa do&nbsp;<strong>GP dos Pa\u00edses Baixos<\/strong>.<\/p>\n\n\n\n<p class=\"wp-block-paragraph\"><strong>Inscreva-se nos dois canais do GRANDE PR\u00caMIO no YouTube:&nbsp;<a href=\"https:\/\/www.youtube.com\/channel\/UC9OlHEgxoaY6QY6nWPoiqQg?sub_confirmation=1\" target=\"_blank\" rel=\"noreferrer noopener\">GP<\/a>&nbsp;|&nbsp;<a href=\"https:\/\/www.youtube.com\/channel\/UC9csiS6q_C3C0FYhyr1rnFA?sub_confirmation=1\" target=\"_blank\" rel=\"noreferrer noopener\">GP2<\/a><\/strong><\/p>\n\n\n\n<figure class=\"wp-block-embed is-type-video is-provider-youtube wp-block-embed-youtube wp-embed-aspect-16-9 wp-has-aspect-ratio\"><div class=\"wp-block-embed__wrapper\">\n<iframe loading=\"lazy\" title=\"RED BULL ASSINA DERROTA NA F1 E MANT\u00c9M P\u00c9REZ + SAINZ MERECIA EQUIPE FORTE? | Paddock Sprint\" width=\"500\" height=\"281\" src=\"https:\/\/www.youtube.com\/embed\/kLCBq1QRrpc?feature=oembed\" frameborder=\"0\" allow=\"accelerometer; autoplay; clipboard-write; encrypted-media; gyroscope; picture-in-picture; web-share\" referrerpolicy=\"strict-origin-when-cross-origin\" allowfullscreen><\/iframe>\n<\/div><\/figure>\n","protected":false},"excerpt":{"rendered":"<p>Andrew Shovlin, chefe de engenharia da Mercedes, enumerou v\u00e1rios fatores que contribu\u00edram para a exclus\u00e3o de George Russell da 14\u00aa etapa da temporada 2024 da F\u00f3rmula 1<\/p>\n","protected":false},"author":0,"featured_media":1000847818,"comment_status":"closed","ping_status":"closed","sticky":false,"template":"","format":"standard","meta":{"42wp_featured_image_caption":"","42wp_featured_image_credits":"","42wp_featured_video":"","42wp_featured_image_hidden":false,"42wp_authors_list":[],"footnotes":""},"categories":[2],"tags":[5157,5660,969,147,3230,642,160,180,30909,800,22936,1491,30103,28285,87,5672,82,108],"42wp_author":[47155],"class_list":["post-67888","post","type-post","status-publish","format-standard","has-post-thumbnail","hentry","category-f1","tag-andrew-shovlin","tag-classificacao","tag-corrida","tag-f1","tag-f1-2024","tag-f1-ao-vivo","tag-f1-tv","tag-formula-1","tag-formula-1-2024","tag-george-russell","tag-gp-da-belgica","tag-grande-premio","tag-grande-premio-f1","tag-grandepremio","tag-lewis-hamilton","tag-limite","tag-mercedes","tag-spa-francorchamps","42wp_author-daniel-balsa"],"_links":{"self":[{"href":"https:\/\/grandepremio.com\/br\/wp-json\/wp\/v2\/posts\/67888","targetHints":{"allow":["GET"]}}],"collection":[{"href":"https:\/\/grandepremio.com\/br\/wp-json\/wp\/v2\/posts"}],"about":[{"href":"https:\/\/grandepremio.com\/br\/wp-json\/wp\/v2\/types\/post"}],"replies":[{"embeddable":true,"href":"https:\/\/grandepremio.com\/br\/wp-json\/wp\/v2\/comments?post=67888"}],"version-history":[{"count":0,"href":"https:\/\/grandepremio.com\/br\/wp-json\/wp\/v2\/posts\/67888\/revisions"}],"wp:featuredmedia":[{"embeddable":true,"href":"https:\/\/grandepremio.com\/br\/wp-json\/wp\/v2\/media\/1000847818"}],"wp:attachment":[{"href":"https:\/\/grandepremio.com\/br\/wp-json\/wp\/v2\/media?parent=67888"}],"wp:term":[{"taxonomy":"category","embeddable":true,"href":"https:\/\/grandepremio.com\/br\/wp-json\/wp\/v2\/categories?post=67888"},{"taxonomy":"post_tag","embeddable":true,"href":"https:\/\/grandepremio.com\/br\/wp-json\/wp\/v2\/tags?post=67888"},{"taxonomy":"42wp_author","embeddable":true,"href":"https:\/\/grandepremio.com\/br\/wp-json\/wp\/v2\/42wp_author?post=67888"}],"curies":[{"name":"wp","href":"https:\/\/api.w.org\/{rel}","templated":true}]}}