{"id":68112,"date":"2024-07-29T12:42:59","date_gmt":"2024-07-29T15:42:59","guid":{"rendered":"https:\/\/grandepremio.com\/br\/noticias\/enzo-fittipaldi-atribui-abandono-belgica-falha-motor-poderiamos-ter-ficado-6o\/"},"modified":"2024-07-29T15:42:53","modified_gmt":"2024-07-29T18:42:53","slug":"enzo-fittipaldi-atribui-abandono-belgica-falha-motor-poderiamos-ter-ficado-6o","status":"publish","type":"post","link":"https:\/\/grandepremio.com\/br\/f2\/enzo-fittipaldi-atribui-abandono-belgica-falha-motor-poderiamos-ter-ficado-6o\/","title":{"rendered":"Enzo Fittipaldi atribui abandono na B\u00e9lgica a falha no motor: &#8220;Poder\u00edamos ter ficado em 6\u00ba&#8221;"},"content":{"rendered":"\n<p class=\"wp-block-paragraph\"><strong>Enzo Fittipaldi<\/strong> teve um final de semana sem ter muito o que comemorar na rodada dupla da <strong>B\u00e9lgica<\/strong> da <a href=\"https:\/\/www.grandepremio.com\/br\/f2\/\">F\u00f3rmula 2<\/a>. Em <strong>Spa-Francorchamps<\/strong>, o brasileiro n\u00e3o pontuou e viu uma s\u00e9rie de fatores que o deixou distante da zona dos pontos, como a <a href=\"https:\/\/www.grandepremio.com\/br\/f2\/noticias\/zak-osullivan-aproveita-pole-vence-sprint-conturbada-8-voltas-f2-belgica\/\">chuva que encurtou a corrida Sprint de s\u00e1bado (27)<\/a> e um problema no motor que obrigou o abandono <a href=\"https:\/\/www.grandepremio.com\/br\/f2\/noticias\/isack-hadjar-neutraliza-gabriel-bortoleto-vence-corrida-2-f2-belgica-paul-aron-quebra-volta-final\/\">no domingo (28)<\/a>.<\/p>\n\n\n\n<p class=\"wp-block-paragraph\">Fittipaldi n\u00e3o teve uma boa classifica\u00e7\u00e3o, marcando o 13\u00ba tempo, o que tamb\u00e9m condicionou o final de semana, principalmente para a primeira corrida na B\u00e9lgica. A chuva comprometeu as atividades do s\u00e1bado. Al\u00e9m de <a href=\"https:\/\/www.grandepremio.com\/br\/f2\/noticias\/f2-define-horario-joga-corrida-sprint-belgica-para-depois-classificacao-f1\/\">adiar para depois da defini\u00e7\u00e3o do grid<\/a> da <strong><a href=\"https:\/\/www.grandepremio.com\/br\/f1\/\">F\u00f3rmula 1<\/a><\/strong>, a prova foi encerrada com oito das 18 voltas programadas por conta do aguaceiro que caiu. O piloto da <strong>Van Amersfoort<\/strong> pouco p\u00f4de fazer, e ainda perdeu um posto ante a largada \u2014 fechou em 14\u00ba.<\/p>\n\n\n\n<p class=\"wp-block-paragraph\">J\u00e1 no domingo, as possibilidades de Fittipaldi pareciam que dariam a ele um resultado melhor. Mesmo saindo de 13\u00ba, ocupava o dez primeiros quando foi fazer a parada no pit-stop, no d\u00e9cimo giro. Durante a troca de pneus, o brasileiro precisou abandonar com problemas no motor, que danificou a embreagem, de acordo com o piloto.<\/p>\n\n\n\n<p class=\"wp-block-paragraph\"><strong><img decoding=\"async\" src=\"https:\/\/a.slack-edge.com\/production-standard-emoji-assets\/14.0\/google-medium\/25b6-fe0f.png\" alt=\":seta_para_frente:\">\u00a0Inscreva-se nos dois canais do GRANDE PR\u00caMIO no YouTube:\u00a0<a href=\"https:\/\/www.youtube.com\/channel\/UC9OlHEgxoaY6QY6nWPoiqQg?sub_confirmation=1\" target=\"_blank\" rel=\"noreferrer noopener\">GP<\/a>\u00a0|\u00a0<a href=\"https:\/\/www.youtube.com\/channel\/UC9csiS6q_C3C0FYhyr1rnFA?sub_confirmation=1\" target=\"_blank\" rel=\"noreferrer noopener\">GP2<\/a><\/strong><br><strong><img decoding=\"async\" src=\"https:\/\/a.slack-edge.com\/production-standard-emoji-assets\/14.0\/google-medium\/25b6-fe0f.png\" alt=\":seta_para_frente:\">\u00a0LEIA TAMB\u00c9M:\u00a0<a href=\"https:\/\/www.grandepremio.com\/br\/f2\/noticias\/gabriel-bortoleto-assume-vice-lideranca-podio-belgica-classificacao-f2-2024\/\">Bortoleto assume vice-lideran\u00e7a. Confira classifica\u00e7\u00e3o da F2 2024<\/a><\/strong><\/p>\n\n\n\n<figure class=\"wp-block-image size-full\"><img decoding=\"async\" src=\"https:\/\/www.grandepremio.com\/br\/wp-content\/uploads\/2024\/07\/Enzo-Fittipaldi-Belgica-F2.jpg\" alt=\"\" class=\"wp-image-846994\"\/><figcaption class=\"wp-element-caption\">Enzo Fittipaldi (Foto: F2)<\/figcaption><\/figure>\n\n\n\n<p class=\"wp-block-paragraph\">\u201cN\u00f3s est\u00e1vamos para terminar pelo menos entre os sete primeiros, mas um problema de motor nos obrigou a abandonar a corrida. Isso acabou danificando a embreagem desde a largada e a\u00ed no pit-stop a embreagem parou de funcionar. Poder\u00edamos at\u00e9 ter fechado essa prova em sexto\u201d, lamentou Fittipaldi.<\/p>\n\n\n\n<p class=\"wp-block-paragraph\">A F\u00f3rmula 2, assim como a F\u00f3rmula 1, entra de f\u00e9rias. Mas a categoria de base s\u00f3 vai retornar na <strong>It\u00e1lia<\/strong>, entre os dias 30 de agosto e 1\u00ba de setembro, onde Fittipaldi espera virar a p\u00e1gina.<\/p>\n\n\n\n<p class=\"wp-block-paragraph\">\u201cVamos tentar recuperar nossos bons resultados em Monza, uma pista que gosto bastante de pilotar\u201d, encerrou o brasileiro.<\/p>\n\n\n\n<figure class=\"wp-block-embed is-type-video is-provider-youtube wp-block-embed-youtube wp-embed-aspect-16-9 wp-has-aspect-ratio\"><div class=\"wp-block-embed__wrapper\">\n<iframe loading=\"lazy\" title=\"Colapinto, Antonelli\u2026: quem ainda tem F\u00d4LEGO na RETA FINAL da F2 2024 | GP \u00e0s 10\" width=\"500\" height=\"281\" src=\"https:\/\/www.youtube.com\/embed\/qyivNmZXNFM?feature=oembed\" frameborder=\"0\" allow=\"accelerometer; autoplay; clipboard-write; encrypted-media; gyroscope; picture-in-picture; web-share\" referrerpolicy=\"strict-origin-when-cross-origin\" allowfullscreen><\/iframe>\n<\/div><\/figure>\n","protected":false},"excerpt":{"rendered":"<p>Enzo Fittipaldi relatou que problema no motor danificou &#8220;desde a largada&#8221; a embreagem, que parou de funcionar durante pit-stop em Spa-Francorchamps<\/p>\n","protected":false},"author":0,"featured_media":1000848422,"comment_status":"closed","ping_status":"closed","sticky":false,"template":"","format":"standard","meta":{"42wp_featured_image_caption":"","42wp_featured_image_credits":"","42wp_featured_video":"","42wp_featured_image_hidden":false,"42wp_authors_list":[],"footnotes":""},"categories":[9],"tags":[25062,29654,30246,409,111,32189,2208,35969,1491,28285,35029,307,35030,35908,108,40432,35909,32190],"42wp_author":[47155],"class_list":["post-68112","post","type-post","status-publish","format-standard","has-post-thumbnail","hentry","category-f2","tag-belgica","tag-calendario-f2","tag-classificacao-f2","tag-enzo-fittipaldi","tag-f2","tag-f2-2024","tag-formula-2","tag-formula-2-2024","tag-grande-premio","tag-grandepremio","tag-horarios-f2","tag-motor","tag-onde-assistir-f2","tag-rodada-da-belgica","tag-spa-francorchamps","tag-spa-francorchamps-2024","tag-spa-francorchamps-f2","tag-temporada-2024-f2","42wp_author-daniel-balsa"],"_links":{"self":[{"href":"https:\/\/grandepremio.com\/br\/wp-json\/wp\/v2\/posts\/68112","targetHints":{"allow":["GET"]}}],"collection":[{"href":"https:\/\/grandepremio.com\/br\/wp-json\/wp\/v2\/posts"}],"about":[{"href":"https:\/\/grandepremio.com\/br\/wp-json\/wp\/v2\/types\/post"}],"replies":[{"embeddable":true,"href":"https:\/\/grandepremio.com\/br\/wp-json\/wp\/v2\/comments?post=68112"}],"version-history":[{"count":0,"href":"https:\/\/grandepremio.com\/br\/wp-json\/wp\/v2\/posts\/68112\/revisions"}],"wp:featuredmedia":[{"embeddable":true,"href":"https:\/\/grandepremio.com\/br\/wp-json\/wp\/v2\/media\/1000848422"}],"wp:attachment":[{"href":"https:\/\/grandepremio.com\/br\/wp-json\/wp\/v2\/media?parent=68112"}],"wp:term":[{"taxonomy":"category","embeddable":true,"href":"https:\/\/grandepremio.com\/br\/wp-json\/wp\/v2\/categories?post=68112"},{"taxonomy":"post_tag","embeddable":true,"href":"https:\/\/grandepremio.com\/br\/wp-json\/wp\/v2\/tags?post=68112"},{"taxonomy":"42wp_author","embeddable":true,"href":"https:\/\/grandepremio.com\/br\/wp-json\/wp\/v2\/42wp_author?post=68112"}],"curies":[{"name":"wp","href":"https:\/\/api.w.org\/{rel}","templated":true}]}}