{"id":68115,"date":"2024-07-29T12:34:15","date_gmt":"2024-07-29T15:34:15","guid":{"rendered":"https:\/\/grandepremio.com\/br\/noticias\/anuncio-carlos-sainz-williams-deixa-grid-formula-1-2025-quatro-vagas-abertas\/"},"modified":"2024-07-29T17:26:22","modified_gmt":"2024-07-29T20:26:22","slug":"anuncio-carlos-sainz-williams-deixa-grid-formula-1-2025-quatro-vagas-abertas","status":"publish","type":"post","link":"https:\/\/grandepremio.com\/br\/f1\/anuncio-carlos-sainz-williams-deixa-grid-formula-1-2025-quatro-vagas-abertas\/","title":{"rendered":"An\u00fancio de Sainz na Williams deixa grid da F\u00f3rmula 1 2025 com quatro vagas abertas"},"content":{"rendered":"\n<p class=\"wp-block-paragraph\">Um dos destinos mais aguardados para a <strong>temporada 2025<\/strong> da <strong>F\u00f3rmula 1<\/strong> <a href=\"https:\/\/www.grandepremio.com\/br\/f1\/noticias\/carlos-sainz-encerra-suspense-acerta-williams-destrava-mercado-pilotos-f1-2025\/\">enfim se tornou p\u00fablico nesta segunda-feira (29)<\/a>. Depois de muitas especula\u00e7\u00f5es, enfim <strong>Carlos Sainz<\/strong> tomou uma decis\u00e3o e vai mesmo defender as cores da <strong>Williams<\/strong> por, no m\u00ednimo, os pr\u00f3ximos dois anos. A confirma\u00e7\u00e3o deixa o grid com apenas mais quatro vagas a serem preenchidas.<\/p>\n\n\n\n<p class=\"wp-block-paragraph\">Das equipes ainda com assentos dispon\u00edveis, duas tamb\u00e9m tinham o espanhol como candidato. Uma delas, ali\u00e1s, nunca foi segredo: a <strong>Sauber<\/strong>, que j\u00e1 assegurou o experiente <strong>Nico H\u00fclkenberg<\/strong> at\u00e9 a chegada da <strong>Audi<\/strong>, em 2026. Atualmente, o time conta com <strong>Valtteri Bottas<\/strong> e <strong>Guanyu Zhou<\/strong>, por\u00e9m nenhum dos dois t\u00eam futuro garantido em Hinwil.<\/p>\n\n\n\n<p class=\"wp-block-paragraph\">A outra \u00e9 a <strong>Alpine<\/strong>, em reviravolta que come\u00e7ou com a sa\u00edda divulgada de <strong>Esteban Ocon <\/strong>ao final deste ano. Com<strong> Pierre Gasly<\/strong> certo, o time franc\u00eas lan\u00e7ou a sorte, por\u00e9m ter\u00e1 de olhar para as demais op\u00e7\u00f5es ainda dispon\u00edveis para o lugar do #31.<\/p>\n\n\n\n<p class=\"wp-block-paragraph\"><strong>Mercedes<\/strong> tamb\u00e9m precisa definir quem ser\u00e1 o substituto de <strong>Lewis Hamilton<\/strong>, que ir\u00e1 para a <strong>Ferrari <\/strong>em 2025 na vaga a ser deixada justamente por Sainz. A idealiza\u00e7\u00e3o de<strong> Toto Wolff <\/strong>\u00e9 <strong>Max Verstappen<\/strong>, por\u00e9m a movimenta\u00e7\u00e3o do mercado indica que o posto ser\u00e1 mesmo preenchido pelo pupilo<strong> Andrea Kimi Antonelli<\/strong>.<\/p>\n\n\n\n<figure class=\"wp-block-image size-large\"><img decoding=\"async\" src=\"https:\/\/www.grandepremio.com\/br\/wp-content\/uploads\/2024\/05\/20240502-0148-1024x684.jpg\" alt=\"\" class=\"wp-image-808234\"\/><figcaption class=\"wp-element-caption\">Carlos Sainz ser\u00e1 piloto da Williams a partir de 2025 (Foto: Marco Miltenburg\/Racepictures)<\/figcaption><\/figure>\n\n\n\n<p class=\"wp-block-paragraph\">Por fim, a <strong>RB<\/strong>, que renovou contrato com<strong> Yuki Tsunoda<\/strong>, por\u00e9m pode se ver na imin\u00eancia de ter de substituir <strong>Daniel Ricciardo <\/strong>ainda este ano. O australiano est\u00e1 no p\u00e1reo contra <strong>Liam Lawson<\/strong> pelo assento de <strong>Sergio P\u00e9rez<\/strong> na Red Bull, mas tamb\u00e9m luta pela sobreviv\u00eancia no time B da marca dos energ\u00e9ticos caso o neozeland\u00eas ganhe a disputa.<\/p>\n\n\n\n<p class=\"wp-block-paragraph\">Al\u00e9m de Williams (<strong>Alexander Albon<\/strong> e Sainz), Ferrari<strong>&nbsp;<\/strong>(<strong><a href=\"https:\/\/www.grandepremio.com\/br\/piloto\/charles-leclerc\/\" target=\"_blank\" rel=\"noreferrer noopener\">Charles Leclerc<\/a><\/strong>&nbsp;e&nbsp;<strong>Hamilton<\/strong>), Red Bull (<strong>Verstappen <\/strong>e P\u00e9rez),&nbsp;<strong>McLaren<\/strong>&nbsp;(<strong><a href=\"https:\/\/www.grandepremio.com\/br\/piloto\/oscar-piastri\/\" target=\"_blank\" rel=\"noreferrer noopener\">Oscar Piastri<\/a>&nbsp;<\/strong>e&nbsp;<strong>Lando Norris<\/strong>) e<strong>&nbsp;Aston Martin<\/strong>&nbsp;(<strong><a href=\"https:\/\/es.grandepremio.com\/\" target=\"_blank\" rel=\"noreferrer noopener\">Fernando Alonso<\/a>&nbsp;<\/strong>e&nbsp;<strong><a href=\"https:\/\/www.grandepremio.com\/br\/piloto\/lance-stroll\/\" target=\"_blank\" rel=\"noreferrer noopener\">Lance Stroll<\/a><\/strong>) j\u00e1 est\u00e3o, at\u00e9 o momento, fechadas para 2025.<\/p>\n\n\n\n<p class=\"wp-block-paragraph\">A&nbsp;<strong><a href=\"https:\/\/www.grandepremio.com\/br\/f1\/\" target=\"_blank\" rel=\"noreferrer noopener\"><\/a><a href=\"https:\/\/www.grandepremio.com\/br\/f1\/\" target=\"_blank\" rel=\"noreferrer noopener\">F\u00f3rmula 1<\/a>&nbsp;<\/strong>agora faz a tradicional pausa para as f\u00e9rias de ver\u00e3o na Europa e volta de&nbsp;<strong>23 a 25 de agosto<\/strong>&nbsp;em&nbsp;<strong><a href=\"https:\/\/www.grandepremio.com\/br\/circuito\/zandvoort\/\" target=\"_blank\" rel=\"noreferrer noopener\">Zandvoort<\/a><\/strong>, para a disputa do&nbsp;<strong>GP dos Pa\u00edses Baixos<\/strong>.<\/p>\n\n\n\n<p class=\"wp-block-paragraph\"><strong><img decoding=\"async\" src=\"https:\/\/a.slack-edge.com\/production-standard-emoji-assets\/14.0\/google-medium\/25b6-fe0f.png\" alt=\":seta_para_frente:\">&nbsp;Inscreva-se nos dois canais do GRANDE PR\u00caMIO no YouTube:&nbsp;<a href=\"https:\/\/www.youtube.com\/channel\/UC9OlHEgxoaY6QY6nWPoiqQg?sub_confirmation=1\" target=\"_blank\" rel=\"noreferrer noopener\">GP<\/a>&nbsp;|&nbsp;<a href=\"https:\/\/www.youtube.com\/channel\/UC9csiS6q_C3C0FYhyr1rnFA?sub_confirmation=1\" target=\"_blank\" rel=\"noreferrer noopener\">GP2<\/a><\/strong><br><strong><img decoding=\"async\" src=\"https:\/\/a.slack-edge.com\/production-standard-emoji-assets\/14.0\/google-medium\/25b6-fe0f.png\" alt=\":seta_para_frente:\">&nbsp;LEIA TAMB\u00c9M:&nbsp;<a href=\"https:\/\/www.grandepremio.com\/br\/f1\/noticias\/opiniao-gp-mercedes-pavimenta-volta-entrega-imprevisibilidade-ate-para-si-mesma\/\">Mercedes pavimenta volta na F1 e entrega imprevisibilidade (at\u00e9 para si mesma)<\/a><\/strong><\/p>\n\n\n\n<p class=\"wp-block-paragraph\"><strong>F\u00f3rmula 1 2025, grid:<\/strong><\/p>\n\n\n\n<figure class=\"wp-block-table\"><table><tbody><tr><td>&nbsp;<\/td><td>EQUIPE<\/td><td>PILOTOS<\/td><\/tr><tr><td>1<\/td><td>RED BULL<\/td><td>Max Verstappen<\/td><\/tr><tr><td>2<\/td><td>&nbsp;<\/td><td>Sergio P\u00e9rez<\/td><\/tr><tr><td>3<\/td><td>FERRARI<\/td><td>Charles Leclerc<\/td><\/tr><tr><td>4<\/td><td>&nbsp;<\/td><td>Lewis Hamilton<\/td><\/tr><tr><td>5<\/td><td>MERCEDES<\/td><td>George Russell<\/td><\/tr><tr><td>6<\/td><td>&nbsp;<\/td><td>Indefinido<\/td><\/tr><tr><td>7<\/td><td>MCLAREN<\/td><td>Lando Norris<\/td><\/tr><tr><td>8<\/td><td>&nbsp;<\/td><td>Oscar Piastri<\/td><\/tr><tr><td>9<\/td><td>ASTON MARTIN<\/td><td>Fernando Alonso<\/td><\/tr><tr><td>10<\/td><td>&nbsp;<\/td><td>Lance Stroll<\/td><\/tr><tr><td>11<\/td><td>ALPINE<\/td><td>Pierre Gasly<\/td><\/tr><tr><td>12<\/td><td>&nbsp;<\/td><td>Indefinido<\/td><\/tr><tr><td>13<\/td><td>RB<\/td><td>Yuki Tsunoda<\/td><\/tr><tr><td>14<\/td><td>&nbsp;<\/td><td>Indefinido<\/td><\/tr><tr><td>15<\/td><td>HAAS<\/td><td>Oliver Bearman<\/td><\/tr><tr><td>16<\/td><td>&nbsp;<\/td><td>Esteban Ocon<\/td><\/tr><tr><td>17<\/td><td>WILLIAMS<\/td><td>Alexander Albon<\/td><\/tr><tr><td>18<\/td><td>&nbsp;<\/td><td>Carlos Sainz<\/td><\/tr><tr><td>19<\/td><td>SAUBER<\/td><td>Nico H\u00fclkenberg<\/td><\/tr><tr><td>20<\/td><td>&nbsp;<\/td><td>Indefinido<\/td><\/tr><\/tbody><\/table><\/figure>\n\n\n\n<figure class=\"wp-block-embed is-type-video is-provider-youtube wp-block-embed-youtube wp-embed-aspect-16-9 wp-has-aspect-ratio\"><div class=\"wp-block-embed__wrapper\">\n<iframe loading=\"lazy\" title=\"BOMBA! RUSSELL VENCE, MAS \u00c9 DESCLASSIFICADO. HAMILTON HERDA VIT\u00d3RIA | GP da B\u00c9LGICA de F1 | Briefing\" width=\"500\" height=\"281\" src=\"https:\/\/www.youtube.com\/embed\/qTFyc5nfp_c?feature=oembed\" frameborder=\"0\" allow=\"accelerometer; autoplay; clipboard-write; encrypted-media; gyroscope; picture-in-picture; web-share\" referrerpolicy=\"strict-origin-when-cross-origin\" allowfullscreen><\/iframe>\n<\/div><\/figure>\n","protected":false},"excerpt":{"rendered":"<p>Sauber, Alpine, RB e Mercedes ainda possuem assentos dispon\u00edveis no grid da temporada 2025 da F\u00f3rmula 1. Confira situa\u00e7\u00e3o atual da categoria para o ano que vem<\/p>\n","protected":false},"author":0,"featured_media":1000847737,"comment_status":"closed","ping_status":"closed","sticky":false,"template":"","format":"standard","meta":{"42wp_featured_image_caption":"","42wp_featured_image_credits":"","42wp_featured_video":"","42wp_featured_image_hidden":false,"42wp_authors_list":[],"footnotes":""},"categories":[2],"tags":[457,524,20491,309,25062,26271,546,209,5273,211,302,147,3230,176,207,180,30909,800,22936,1491,28285,3746,119,30840,117,485,547,87,25553,203,90,82,1521,35129,2916,676,204,3132,108,40432,32260,33301,612,215,597],"42wp_author":[47147],"class_list":["post-68115","post","type-post","status-publish","format-standard","has-post-thumbnail","hentry","category-f1","tag-alfa-romeo","tag-alphatauri","tag-alpine","tag-aston-martin","tag-belgica","tag-calendario-f1","tag-carlos-sainz","tag-charles-leclerc","tag-classificacao-f1","tag-daniel-ricciardo","tag-esteban-ocon","tag-f1","tag-f1-2024","tag-fernando-alonso","tag-ferrari","tag-formula-1","tag-formula-1-2024","tag-george-russell","tag-gp-da-belgica","tag-grande-premio","tag-grandepremio","tag-guanyu-zhou","tag-haas","tag-horarios-f1","tag-kevin-magnussen","tag-lance-stroll","tag-lando-norris","tag-lewis-hamilton","tag-logan-sargeant","tag-max-verstappen","tag-mclaren","tag-mercedes","tag-nico-hulkenberg","tag-onde-assistir-f1","tag-oscar-piastri","tag-pierre-gasly","tag-red-bull","tag-sergio-perez","tag-spa-francorchamps","tag-spa-francorchamps-2024","tag-spa-francorchamps-f1","tag-temporada-2024-f1","tag-valtteri-bottas","tag-williams","tag-yuki-tsunoda","42wp_author-luana-marino"],"_links":{"self":[{"href":"https:\/\/grandepremio.com\/br\/wp-json\/wp\/v2\/posts\/68115","targetHints":{"allow":["GET"]}}],"collection":[{"href":"https:\/\/grandepremio.com\/br\/wp-json\/wp\/v2\/posts"}],"about":[{"href":"https:\/\/grandepremio.com\/br\/wp-json\/wp\/v2\/types\/post"}],"replies":[{"embeddable":true,"href":"https:\/\/grandepremio.com\/br\/wp-json\/wp\/v2\/comments?post=68115"}],"version-history":[{"count":0,"href":"https:\/\/grandepremio.com\/br\/wp-json\/wp\/v2\/posts\/68115\/revisions"}],"wp:featuredmedia":[{"embeddable":true,"href":"https:\/\/grandepremio.com\/br\/wp-json\/wp\/v2\/media\/1000847737"}],"wp:attachment":[{"href":"https:\/\/grandepremio.com\/br\/wp-json\/wp\/v2\/media?parent=68115"}],"wp:term":[{"taxonomy":"category","embeddable":true,"href":"https:\/\/grandepremio.com\/br\/wp-json\/wp\/v2\/categories?post=68115"},{"taxonomy":"post_tag","embeddable":true,"href":"https:\/\/grandepremio.com\/br\/wp-json\/wp\/v2\/tags?post=68115"},{"taxonomy":"42wp_author","embeddable":true,"href":"https:\/\/grandepremio.com\/br\/wp-json\/wp\/v2\/42wp_author?post=68115"}],"curies":[{"name":"wp","href":"https:\/\/api.w.org\/{rel}","templated":true}]}}