{"id":68154,"date":"2024-07-29T10:00:00","date_gmt":"2024-07-29T13:00:00","guid":{"rendered":"https:\/\/grandepremio.com\/br\/noticias\/gp-da-belgica-tem-de-ser-ultimo-de-sergio-perez-na-red-bull\/"},"modified":"2024-07-29T09:39:52","modified_gmt":"2024-07-29T12:39:52","slug":"gp-da-belgica-tem-de-ser-ultimo-de-sergio-perez-na-red-bull","status":"publish","type":"post","link":"https:\/\/grandepremio.com\/br\/f1\/gp-da-belgica-tem-de-ser-ultimo-de-sergio-perez-na-red-bull\/","title":{"rendered":"GP da B\u00e9lgica tem de ser \u00faltimo de P\u00e9rez na Red Bull"},"content":{"rendered":"\n<p class=\"wp-block-paragraph\">J\u00e1 era dif\u00edcil defender a perman\u00eancia de Sergio P\u00e9rez na Red Bull, mas o <strong>GP da B\u00e9lgica<\/strong> tornou as coisas ainda mais complicadas para o piloto mexicano. Partindo do segundo lugar, o #11 afirmou que tinha expectativas de brigar pela vit\u00f3ria em <strong>Spa-Francorchamps<\/strong>, mas acabou despencando na tabela. No fim, foi beneficiado pela desclassifica\u00e7\u00e3o de George Russell e terminou em s\u00e9timo.<\/p>\n\n\n\n<p class=\"wp-block-paragraph\"><strong>P\u00e9rez<\/strong>, de fato, est\u00e1 em uma situa\u00e7\u00e3o delicada. O mexicano somou apenas 21 pontos nas \u00faltimas sete corridas \u2014 uma m\u00e9dia de tr\u00eas pontos por etapa. No mesmo recorte de tempo, <strong>Max Verstappen<\/strong> marcou 116 tentos e carrega a <strong>Red Bull<\/strong> na briga pelo <strong>Mundial de Construtores<\/strong> contra a <strong>McLaren<\/strong>.<\/p>\n\n\n\n<p class=\"wp-block-paragraph\">Por isso, a <strong>Red Bull<\/strong> tem de se apressar e encontrar um nome para substituir <strong>P\u00e9rez <\/strong>quando a F1 voltar das f\u00e9rias de ver\u00e3o. Veja a an\u00e1lise de <strong>Bernardo Castro.<\/strong><\/p>\n\n\n\n<p class=\"wp-block-paragraph\">A&nbsp;<strong><a href=\"https:\/\/www.grandepremio.com\/br\/f1\/\" target=\"_blank\" rel=\"noreferrer noopener\"><\/a><a href=\"https:\/\/www.grandepremio.com\/br\/f1\/\" target=\"_blank\" rel=\"noreferrer noopener\">F\u00f3rmula 1<\/a>&nbsp;<\/strong>agora faz a tradicional pausa para as f\u00e9rias de ver\u00e3o na Europa e volta de&nbsp;<strong>23 a 25 de agosto<\/strong>&nbsp;em&nbsp;<strong><a href=\"https:\/\/www.grandepremio.com\/br\/circuito\/zandvoort\/\" target=\"_blank\" rel=\"noreferrer noopener\">Zandvoort<\/a><\/strong>, para a disputa do&nbsp;<strong>GP dos Pa\u00edses Baixos<\/strong>.<\/p>\n\n\n\n<p class=\"wp-block-paragraph\"><strong>\u00a0Inscreva-se nos dois canais do GRANDE PR\u00caMIO no YouTube:\u00a0<a href=\"https:\/\/www.youtube.com\/channel\/UC9OlHEgxoaY6QY6nWPoiqQg?sub_confirmation=1\" target=\"_blank\" rel=\"noreferrer noopener\">GP<\/a>\u00a0|\u00a0<a href=\"https:\/\/www.youtube.com\/channel\/UC9csiS6q_C3C0FYhyr1rnFA?sub_confirmation=1\" target=\"_blank\" rel=\"noreferrer noopener\">GP2<\/a><\/strong><br><strong>\u00a0LEIA TAMB\u00c9M:\u00a0<a href=\"https:\/\/www.grandepremio.com\/br\/f1\/noticias\/williams-faz-autopropaganda-ve-chances-contratar-carlos-sainz-nosso-favor\/\">Williams faz autopropaganda e v\u00ea chances de contratar Sainz \u201ca nosso favor\u201d<\/a><\/strong><\/p>\n\n\n\n<figure class=\"wp-block-embed is-type-rich is-provider-incorporar-manipulador wp-block-embed-incorporar-manipulador wp-embed-aspect-16-9 wp-has-aspect-ratio\"><div class=\"wp-block-embed__wrapper\">\n<iframe loading=\"lazy\" title=\"GP da B\u00e9lgica TEM DE SER \u00daLTIMO de P\u00e9rez na Red Bull | GP \u00e0s 10\" width=\"500\" height=\"281\" src=\"https:\/\/www.youtube.com\/embed\/1Bau1jphJf4?feature=oembed\" frameborder=\"0\" allow=\"accelerometer; autoplay; clipboard-write; encrypted-media; gyroscope; picture-in-picture; web-share\" referrerpolicy=\"strict-origin-when-cross-origin\" allowfullscreen><\/iframe>\n<\/div><\/figure>\n","protected":false},"excerpt":{"rendered":"<p>Sergio P\u00e9rez tinha o necess\u00e1rio para tentar se redimir com a Red Bull e marcar um bom resultado no GP da B\u00e9lgica, mas n\u00e3o conseguiu ir al\u00e9m do s\u00e9timo lugar. Assim, fica cada vez mais dif\u00edcil defender sua perman\u00eancia na equipe<\/p>\n","protected":false},"author":0,"featured_media":1000848226,"comment_status":"closed","ping_status":"closed","sticky":false,"template":"","format":"standard","meta":{"42wp_featured_image_caption":"","42wp_featured_image_credits":"","42wp_featured_video":"","42wp_featured_image_hidden":false,"42wp_authors_list":[],"footnotes":""},"categories":[2],"tags":[655,22936,1491,28285,258,203,90,27382,28012,204,3132],"42wp_author":[47149],"class_list":["post-68154","post","type-post","status-publish","format-standard","has-post-thumbnail","hentry","category-f1","tag-christian-horner","tag-gp-da-belgica","tag-grande-premio","tag-grandepremio","tag-helmut-marko","tag-max-verstappen","tag-mclaren","tag-perez","tag-perez-na-red-bull","tag-red-bull","tag-sergio-perez","42wp_author-bernardo-castro"],"_links":{"self":[{"href":"https:\/\/grandepremio.com\/br\/wp-json\/wp\/v2\/posts\/68154","targetHints":{"allow":["GET"]}}],"collection":[{"href":"https:\/\/grandepremio.com\/br\/wp-json\/wp\/v2\/posts"}],"about":[{"href":"https:\/\/grandepremio.com\/br\/wp-json\/wp\/v2\/types\/post"}],"replies":[{"embeddable":true,"href":"https:\/\/grandepremio.com\/br\/wp-json\/wp\/v2\/comments?post=68154"}],"version-history":[{"count":0,"href":"https:\/\/grandepremio.com\/br\/wp-json\/wp\/v2\/posts\/68154\/revisions"}],"wp:featuredmedia":[{"embeddable":true,"href":"https:\/\/grandepremio.com\/br\/wp-json\/wp\/v2\/media\/1000848226"}],"wp:attachment":[{"href":"https:\/\/grandepremio.com\/br\/wp-json\/wp\/v2\/media?parent=68154"}],"wp:term":[{"taxonomy":"category","embeddable":true,"href":"https:\/\/grandepremio.com\/br\/wp-json\/wp\/v2\/categories?post=68154"},{"taxonomy":"post_tag","embeddable":true,"href":"https:\/\/grandepremio.com\/br\/wp-json\/wp\/v2\/tags?post=68154"},{"taxonomy":"42wp_author","embeddable":true,"href":"https:\/\/grandepremio.com\/br\/wp-json\/wp\/v2\/42wp_author?post=68154"}],"curies":[{"name":"wp","href":"https:\/\/api.w.org\/{rel}","templated":true}]}}