{"id":68212,"date":"2024-07-29T04:00:00","date_gmt":"2024-07-29T07:00:00","guid":{"rendered":"https:\/\/grandepremio.com\/br\/noticias\/opiniao-gp-mercedes-pavimenta-volta-entrega-imprevisibilidade-ate-para-si-mesma\/"},"modified":"2024-07-29T07:51:18","modified_gmt":"2024-07-29T10:51:18","slug":"opiniao-gp-mercedes-pavimenta-volta-entrega-imprevisibilidade-ate-para-si-mesma","status":"publish","type":"post","link":"https:\/\/grandepremio.com\/br\/f1\/opiniao-gp-mercedes-pavimenta-volta-entrega-imprevisibilidade-ate-para-si-mesma\/","title":{"rendered":"Opini\u00e3o GP: Mercedes pavimenta volta e entrega imprevisibilidade (at\u00e9 para si mesma)"},"content":{"rendered":"\n<p class=\"wp-block-paragraph\"><strong>A MERCEDES EST\u00c1 DE VOLTA<\/strong> \u00e0 luta por vit\u00f3rias na<strong> F\u00f3rmula 1<\/strong>. Depois de amargar dois anos de frustra\u00e7\u00e3o e derrota por conta das escolhas t\u00e9cnicas que fez diante do complexo regulamento do efeito solo, a esquadra alem\u00e3 finalmente colhe os louros de uma intensa e dolorosa reestrutura\u00e7\u00e3o. A transforma\u00e7\u00e3o sofrida pelo <strong>W15<\/strong> ao longo dessa primeira parte de temporada foi certeira e fundamental para o que se viu n\u00e3o s\u00f3 em <strong>Spa-Francorchamps<\/strong>, neste domingo (28), mas principalmente a partir do<strong> GP do Canad\u00e1<\/strong>. Neste per\u00edodo, foram tr\u00eas triunfos, duas poles e uma performance que foi se adaptando assertivamente aos diferentes circuitos. <a href=\"https:\/\/www.grandepremio.com\/br\/f1\/noticias\/george-russell-desclassificado-infringir-peso-minimo-gp-da-belgica-lewis-hamilton-herda-vitoria\/\">Portanto, o vencedor<\/a> <strong>Lewis Hamilton<\/strong> <a href=\"https:\/\/www.grandepremio.com\/br\/f1\/noticias\/lewis-hamilton-lamenta-desclassificacao-george-russell-sinto-muito\/\">tem raz\u00e3o quando v\u00ea o copo bem cheio<\/a> em meio \u00e0 do\u00edda perda de <strong>George Russell<\/strong> na <strong>B\u00e9lgica<\/strong>. H\u00e1, sim, &#8220;muitas coisas positivas a se tirar deste dia&#8221;. E a principal delas \u00e9: a imprevisibilidade, porque o time da estrela foi capaz de surpreender a si mesmo. Pelo resultado em si e at\u00e9 mesmo pelo <a href=\"https:\/\/www.grandepremio.com\/br\/f1\/noticias\/lewis-hamilton-george-russell-reprovar-inspecao-tecnica-herda-vitoria-gp-belgica\/\">erro prim\u00e1rio da desclassifica\u00e7\u00e3o<\/a>.<\/p>\n\n\n\n<p class=\"wp-block-paragraph\">\u00c9 verdade que, diferente da <strong>McLaren<\/strong>, a Mercedes levou muito mais tempo para se encontrar. E precisou encarar reveses e desilus\u00f5es categ\u00f3ricas para ent\u00e3o compreender que era necess\u00e1rio voltar ao b\u00e1sico. O diretor <strong>James Allison <\/strong>reassumiu o leme ainda no come\u00e7o do ano passado e mergulhou em todas as linhas do livro de regras at\u00e9 identificar aonde a equipe havia errado. A partir desse momento, o cen\u00e1rio mudou em<strong> Brackley<\/strong>. &#8220;Houve um momento em que, liderados por James, de repente os dados fizeram sentido. A maneira como fizemos, a maneira como equilibramos o carro. E como poder\u00edamos coloc\u00e1-lo em um ponto ideal melhor. Essa foi a principal coisa. N\u00e3o foi uma asa dianteira milagrosa, foi mais o equil\u00edbrio que alcan\u00e7amos&#8221;, reconheceu o chefe <strong>Toto Wolff<\/strong>.<\/p>\n\n\n\n<p class=\"wp-block-paragraph\">De fato, todas as mudan\u00e7as, da asa dianteira ao assoalho, passando por difusor e at\u00e9 mesmo o halo tornaram a Mercedes melhor, mais previs\u00edvel. E corrigiram as falhas. Atualmente, e como demonstrado em Spa, a velocidade de reta voltou, assim como uma performance maior em curvas de alta velocidade. A tra\u00e7\u00e3o e as curvas mais lentas tamb\u00e9m se mostraram pontos fortes. &#8220;As regras introduzidas em 2022 exigem um conjunto diferente de habilidades e uma maneira diferente de interagir entre si&#8221;, explicou Allison. <\/p>\n\n\n\n<p class=\"wp-block-paragraph\"><strong>LEIA MAIS: <a href=\"https:\/\/www.grandepremio.com\/br\/f1\/noticias\/5-coisas-que-aprendemos-no-gp-da-belgica-14a-etapa-da-formula-1-2024\/\">Do duro golpe em Russell \u00e0 crise na Red Bull: 5 coisas que aprendemos no GP da B\u00e9lgica<\/a><\/strong><\/p>\n\n\n\n<figure class=\"wp-block-embed is-type-video is-provider-youtube wp-block-embed-youtube wp-embed-aspect-16-9 wp-has-aspect-ratio\"><div class=\"wp-block-embed__wrapper\">\n<iframe loading=\"lazy\" title=\"BOMBA! RUSSELL VENCE, MAS \u00c9 DESCLASSIFICADO. HAMILTON HERDA VIT\u00d3RIA | GP da B\u00c9LGICA de F1 | Briefing\" width=\"500\" height=\"281\" src=\"https:\/\/www.youtube.com\/embed\/qTFyc5nfp_c?feature=oembed\" frameborder=\"0\" allow=\"accelerometer; autoplay; clipboard-write; encrypted-media; gyroscope; picture-in-picture; web-share\" referrerpolicy=\"strict-origin-when-cross-origin\" allowfullscreen><\/iframe>\n<\/div><\/figure>\n\n\n\n<p class=\"wp-block-paragraph\">&#8220;Tudo sobre ser competitivo \u00e9 sobre valorizar as coisas certas, colocar recursos nas coisas certas e ent\u00e3o perseguir essas coisas certas com vigor. O carro simplesmente aparece no final como consequ\u00eancia disso.&#8221;<\/p>\n\n\n\n<p class=\"wp-block-paragraph\">As duas \u00faltimas etapas dessa fase final de primeira metade de campeonato demonstram bem esse patamar t\u00e9cnico alcan\u00e7ado pela Mercedes. Depois de duas vit\u00f3rias em sequ\u00eancia \u2014 na \u00c1ustria, muito em fun\u00e7\u00e3o do choque entre <strong>Lando Norris<\/strong> e<strong> Max Verstappen<\/strong> e, na <strong>Inglaterra<\/strong>, essa, sim, em cima da performance \u2014, a etapa na Hungria j\u00e1 foi bastante surpreendente, porque o time n\u00e3o estava entre os favoritos, especialmente por causa da natureza do circuito e do calor\u00e3o que se abateu em <strong>Budapeste<\/strong>. Mesmo assim, os engenheiros driblaram os problemas, e Hamilton foi capaz de encarar Verstappen para garantir o p\u00f3dio. Foi um sinal importante ali.<\/p>\n\n\n\n<p class=\"wp-block-paragraph\">Na B\u00e9lgica, a equipe levou uma s\u00e9rie de atualiza\u00e7\u00f5es, incluindo um assoalho diferente. Logo ficou claro que as pe\u00e7as novas n\u00e3o se adequavam, ent\u00e3o, rapidamente a esquadra abriu m\u00e3o de us\u00e1-las \u2014 um enorme acerto, porque tamb\u00e9m abriu caminho para um melhor desempenho nas temperaturas mais altas do domingo belga. E embora a classifica\u00e7\u00e3o tenha sido marcada pela chuva, o heptacampe\u00e3o obteve uma boa posi\u00e7\u00e3o. A\u00ed veio a corrida.<\/p>\n\n\n\n<p class=\"wp-block-paragraph\">Hamilton saltou bem do terceiro posto, superando o segundo colocado, <strong>Sergio P\u00e9rez<\/strong>. Sem perder tempo, ultrapassou o pole <strong>Charles Leclerc<\/strong> e passou a liderar a corrida com bom f\u00f4lego. Enquanto isso, Russell tentava escalar o pelot\u00e3o e travava boas disputas, apoiado na melhor velocidade de reta e tra\u00e7\u00e3o do W15. Mas o ponto incontest\u00e1vel da prova foi mesmo a sacada de George. Sentindo que os pneus aguentariam, o ingl\u00eas optou pelo risco e escolheu parar uma vez s\u00f3, surpreendendo at\u00e9 mesmo o pit-wall, que sequer cogitava t\u00e1tica diferente da de dois pit-stops. Tanto que foi a escolha de Hamilton. A decis\u00e3o colocou o piloto #63 na frente. No fim, houve at\u00e9 um ensaio de disputa entre eles, mas o brit\u00e2nico mais jovem acabou levando a corrida, puxando uma forte dobradinha.<\/p>\n\n\n\n<figure class=\"wp-block-video\"><video class=\"video-js vjs-big-play-centered\" data-gp-vjs=\"1\" controls poster=\"https:\/\/www.grandepremio.com\/br\/cdn-cgi\/image\/width=1200,height=675,fit=contain,gravity=0.5x0.5,quality=75,format=webp\/wp-content\/uploads\/2024\/07\/Largada-GP-Belgica-2024-poster.jpeg\" src=\"https:\/\/www.grandepremio.com\/br\/wp-content\/uploads\/2024\/07\/Largada-GP-Belgica-2024.mp4\"><\/video><figcaption class=\"wp-element-caption\">Largada do GP da B\u00e9lgica 2024 (V\u00eddeo: ESPN)<\/figcaption><\/figure>\n\n\n\n<p class=\"wp-block-paragraph\">Dois fatores chamaram demais a aten\u00e7\u00e3o na inesperada conquista alem\u00e3. O primeiro deles foi o ritmo consistente das duas <strong>Flechas de Prata<\/strong>. Veloz em todos os setores, o W15 ainda se mostrou um carro gentil com os pneus \u2014 a grande preocupa\u00e7\u00e3o da corrida, devido ao calor e ao asfalto novo de Spa. N\u00e3o \u00e0 toa, Hamilton falou mais de uma vez sobre o quanto os pneus estavam funcionando bem. E at\u00e9 encorajado por isso, Russell ousou ao mudar a estrat\u00e9gia no meio da corrida, o que foi decisivo para a vit\u00f3ria. A verdade \u00e9 que ningu\u00e9m, e talvez nem mesmo a Mercedes, apostava em uma performance t\u00e3o alta. E agora parece mais palp\u00e1vel e menos a\u00e7\u00e3o do acaso. <\/p>\n\n\n\n<p class=\"wp-block-paragraph\">O destaque negativo, claro, vai para o erro prim\u00e1rio no carro de Russell. A falha com rela\u00e7\u00e3o ao peso m\u00ednimo \u00e9 imperdo\u00e1vel.<\/p>\n\n\n\n<p class=\"wp-block-paragraph\">Ainda assim, a consequ\u00eancia que falava Allison antes, agora \u00e9 real: a Mercedes passa a integrar o pelot\u00e3o da frente da F\u00f3rmula 1, em um momento de fric\u00e7\u00e3o na Red Bull e at\u00e9 certa decep\u00e7\u00e3o na McLaren. Mas mais que isso, a ascens\u00e3o definitiva da esquadra prateada coloca a temporada 2024 em um ponto de imprevisibilidade dos mais interessantes e impens\u00e1veis no in\u00edcio do ano, deixando a sensa\u00e7\u00e3o de que a segunda metade do ano vai ser ainda melhor.<\/p>\n\n\n\n<p class=\"wp-block-paragraph\">A&nbsp;<strong><a href=\"https:\/\/www.grandepremio.com\/br\/f1\/\" target=\"_blank\" rel=\"noreferrer noopener\"><\/a><a href=\"https:\/\/www.grandepremio.com\/br\/f1\/\" target=\"_blank\" rel=\"noreferrer noopener\">F\u00f3rmula 1<\/a>&nbsp;<\/strong>agora faz a tradicional pausa para as f\u00e9rias de ver\u00e3o na Europa e volta de&nbsp;<strong>23 a 25 de agosto<\/strong>&nbsp;em&nbsp;<strong><a href=\"https:\/\/www.grandepremio.com\/br\/circuito\/zandvoort\/\" target=\"_blank\" rel=\"noreferrer noopener\">Zandvoort<\/a><\/strong>, para a disputa do&nbsp;<strong>GP dos Pa\u00edses Baixos<\/strong>.<\/p>\n\n\n\n<p class=\"wp-block-paragraph\"><strong>Inscreva-se nos dois canais do GRANDE PR\u00caMIO no YouTube:&nbsp;<a href=\"https:\/\/www.youtube.com\/channel\/UC9OlHEgxoaY6QY6nWPoiqQg?sub_confirmation=1\" target=\"_blank\" rel=\"noreferrer noopener\">GP<\/a>&nbsp;|&nbsp;<a href=\"https:\/\/www.youtube.com\/channel\/UC9csiS6q_C3C0FYhyr1rnFA?sub_confirmation=1\" target=\"_blank\" rel=\"noreferrer noopener\">GP2<\/a><\/strong><\/p>\n","protected":false},"excerpt":{"rendered":"<p>A Mercedes venceu novamente na F\u00f3rmula 1 2024 e provou que est\u00e1 de volta ao p\u00e1reo e que tem potencial para incomodar n\u00e3o s\u00f3 a Red Bull, mas especialmente a McLaren. \u00c9 verdade que o triunfo no GP da B\u00e9lgica foi inesperado, porque a esquadra prata n\u00e3o figurava entre os favoritos e acabou por surpreender at\u00e9 a si pr\u00f3pria, mas \u00e9 igualmente certo dizer que a conquista acrescentou mais um elemento \u00e0 enorme lista de fatores imprevis\u00edveis que marcaram essa primeira parte de temporada<\/p>\n","protected":false},"author":0,"featured_media":1000848196,"comment_status":"closed","ping_status":"closed","sticky":false,"template":"","format":"standard","meta":{"42wp_featured_image_caption":"","42wp_featured_image_credits":"","42wp_featured_video":"","42wp_featured_image_hidden":false,"42wp_authors_list":[],"footnotes":""},"categories":[2],"tags":[309,546,209,5660,969,147,3230,642,160,176,207,180,30909,22936,1491,30103,28285,2306,547,87,203,90,82,2916,510,1214,204,34066,3132,108,35345,2052,2048,2036,33981],"42wp_author":[47115],"class_list":["post-68212","post","type-post","status-publish","format-standard","has-post-thumbnail","hentry","category-f1","tag-aston-martin","tag-carlos-sainz","tag-charles-leclerc","tag-classificacao","tag-corrida","tag-f1","tag-f1-2024","tag-f1-ao-vivo","tag-f1-tv","tag-fernando-alonso","tag-ferrari","tag-formula-1","tag-formula-1-2024","tag-gp-da-belgica","tag-grande-premio","tag-grande-premio-f1","tag-grandepremio","tag-grid-de-largada","tag-lando-norris","tag-lewis-hamilton","tag-max-verstappen","tag-mclaren","tag-mercedes","tag-oscar-piastri","tag-pole","tag-pole-position","tag-red-bull","tag-segunda-tela","tag-sergio-perez","tag-spa-francorchamps","tag-temporada-2024","tag-treino-livre-1","tag-treino-livre-2","tag-treinos-livres","tag-voz-do-esporte","42wp_author-evelyn-guimaraes"],"_links":{"self":[{"href":"https:\/\/grandepremio.com\/br\/wp-json\/wp\/v2\/posts\/68212","targetHints":{"allow":["GET"]}}],"collection":[{"href":"https:\/\/grandepremio.com\/br\/wp-json\/wp\/v2\/posts"}],"about":[{"href":"https:\/\/grandepremio.com\/br\/wp-json\/wp\/v2\/types\/post"}],"replies":[{"embeddable":true,"href":"https:\/\/grandepremio.com\/br\/wp-json\/wp\/v2\/comments?post=68212"}],"version-history":[{"count":0,"href":"https:\/\/grandepremio.com\/br\/wp-json\/wp\/v2\/posts\/68212\/revisions"}],"wp:featuredmedia":[{"embeddable":true,"href":"https:\/\/grandepremio.com\/br\/wp-json\/wp\/v2\/media\/1000848196"}],"wp:attachment":[{"href":"https:\/\/grandepremio.com\/br\/wp-json\/wp\/v2\/media?parent=68212"}],"wp:term":[{"taxonomy":"category","embeddable":true,"href":"https:\/\/grandepremio.com\/br\/wp-json\/wp\/v2\/categories?post=68212"},{"taxonomy":"post_tag","embeddable":true,"href":"https:\/\/grandepremio.com\/br\/wp-json\/wp\/v2\/tags?post=68212"},{"taxonomy":"42wp_author","embeddable":true,"href":"https:\/\/grandepremio.com\/br\/wp-json\/wp\/v2\/42wp_author?post=68212"}],"curies":[{"name":"wp","href":"https:\/\/api.w.org\/{rel}","templated":true}]}}