{"id":68217,"date":"2024-07-28T18:57:26","date_gmt":"2024-07-28T21:57:26","guid":{"rendered":"https:\/\/grandepremio.com\/br\/noticias\/red-bull-mantem-pressao-forte-diz-sergio-perez-colapsou-completamente-belgica\/"},"modified":"2024-07-28T19:12:35","modified_gmt":"2024-07-28T22:12:35","slug":"red-bull-mantem-pressao-forte-diz-sergio-perez-colapsou-completamente-belgica","status":"publish","type":"post","link":"https:\/\/grandepremio.com\/br\/f1\/red-bull-mantem-pressao-forte-diz-sergio-perez-colapsou-completamente-belgica\/","title":{"rendered":"Red Bull mant\u00e9m press\u00e3o forte e diz que P\u00e9rez &#8220;colapsou completamente&#8221; na B\u00e9lgica"},"content":{"rendered":"\n<p class=\"wp-block-paragraph\">Depois de completar uma boa classifica\u00e7\u00e3o e garantir o segundo lugar no grid de largada do <strong>GP da B\u00e9lgica<\/strong>, <a href=\"https:\/\/www.grandepremio.com\/br\/f1\/noticias\/lewis-hamilton-george-russell-reprovar-inspecao-tecnica-herda-vitoria-gp-belgica\/\">realizado neste domingo (28)<\/a>, parecia que <strong>Sergio P\u00e9rez<\/strong> tinha dado uma passo importante na tentativa de reverter o momento complicado pelo qual atravessa na <strong>Red Bull<\/strong>. No entanto, o oitavo lugar \u2014 que se tornou s\u00e9timo ap\u00f3s <a href=\"https:\/\/www.grandepremio.com\/br\/f1\/noticias\/george-russell-desclassificado-infringir-peso-minimo-gp-da-belgica-lewis-hamilton-herda-vitoria\/\">a desclassifica\u00e7\u00e3o de<\/a> <strong>George Russell<\/strong> \u2014 ao cruzar a linha de chegada n\u00e3o deixou <strong>Helmut Marko<\/strong> nada contente, com o consultor afirmando que Checo &#8220;colapsou completamente&#8221; em <strong>Spa-Francorchamps<\/strong>.<\/p>\n\n\n\n<p class=\"wp-block-paragraph\"><strong>Christian Horner<\/strong> tamb\u00e9m voltou a cobrar o mexicano e disse que os taurinos <a href=\"https:\/\/www.grandepremio.com\/br\/f1\/noticias\/red-bull-volta-dizer-precisa-dois-carros-pontuando-cobra-sergio-perez-la-em-cima\/\">&#8220;precisam dos dois carros pontuando&#8221;<\/a> em todas as corridas, j\u00e1 que as rivais \u2014 principalmente a <strong>McLaren<\/strong> \u2014 est\u00e3o evoluindo e diminuindo a diferen\u00e7a na <a href=\"https:\/\/www.grandepremio.com\/br\/f1\/classificacao\/\">classifica\u00e7\u00e3o do Mundial de Construtores<\/a>. Ap\u00f3s ver <strong>Max Verstappen<\/strong>, que largou em 11\u00ba, terminar \u00e0 frente do colega de garagem, o chefe da equipe deixou claro que &#8220;precisa analisar&#8221; a situa\u00e7\u00e3o de P\u00e9rez.<\/p>\n\n\n\n<p class=\"wp-block-paragraph\">&#8220;Sergio teve a oportunidade de conseguir um bom resultado ao largar do segundo lugar. Infelizmente, n\u00e3o foi isso que aconteceu&#8221;, disse Marko em entrevista \u00e0 <em>Sky Sports Alemanha<\/em>. &#8220;Especialmente no \u00faltimo stint, ele colapsou completamente, marcando tempos de volta na casa de 1min48s. O que parecia ter sido t\u00e3o positivo na classifica\u00e7\u00e3o, infelizmente n\u00e3o se materializou na corrida&#8221;, continuou.<\/p>\n\n\n\n<p class=\"wp-block-paragraph\">Desde que\u00a0<a href=\"https:\/\/www.grandepremio.com\/br\/f1\/noticias\/red-bull-encerra-novela-mexicana-anuncia-renovacao-sergio-perez-dois-anos-f1\/\">renovou o contrato<\/a>\u00a0com a Red Bull, no in\u00edcio de junho, Sergio marcou somente 23 pontos em seis corridas, com um abandono no\u00a0<strong>GP do Canad\u00e1<\/strong>\u00a0e o bisonho 17\u00ba lugar na\u00a0<strong>Inglaterra<\/strong>, terminando duas voltas atr\u00e1s de\u00a0<strong><a href=\"https:\/\/www.grandepremio.com\/br\/piloto\/lewis-hamilton\/\" target=\"_blank\" rel=\"noreferrer noopener\">Lewis Hamilton<\/a><\/strong>,\u00a0<a href=\"https:\/\/www.grandepremio.com\/br\/f1\/noticias\/lewis-hamilton-encerra-espera-cai-bracos-povo-vitoria-gp-da-inglaterra-gala-formula-1\/\">o vencedor em<\/a>\u00a0<strong>Silverstone<\/strong>. Ainda que o pr\u00f3prio piloto tenha garantido que\u00a0<a href=\"https:\/\/www.grandepremio.com\/br\/f1\/noticias\/sergio-perez-trata-possivel-demissao-red-bull-especulacao-conheco-meu-contrato\/\">permanece na equipe ap\u00f3s a pausa de ver\u00e3o<\/a>\u00a0da classe rainha, Marko j\u00e1 revelou que os taurinos estudam outros nomes e que uma reuni\u00e3o com Horner est\u00e1 marcada para esta\u00a0segunda-feira, inclusive.<\/p>\n\n\n\n<figure class=\"wp-block-image size-large\"><img decoding=\"async\" src=\"https:\/\/www.grandepremio.com\/br\/wp-content\/uploads\/2024\/07\/belgica-2024-f1-treino-livre-red-bull-sergio-perez-03-1-1200x800.jpg\" alt=\"\" class=\"wp-image-846520\"\/><figcaption class=\"wp-element-caption\">Sergio P\u00e9rez decepcionou na B\u00e9lgica e sentiu a press\u00e3o aumentar (Foto: Red Bull Content Pool)<\/figcaption><\/figure>\n\n\n\n<p class=\"wp-block-paragraph\"><strong><img decoding=\"async\" src=\"https:\/\/a.slack-edge.com\/production-standard-emoji-assets\/14.0\/google-medium\/25b6-fe0f.png\" alt=\":seta_para_frente:\">&nbsp;Inscreva-se nos dois canais do GRANDE PR\u00caMIO no YouTube:&nbsp;<a href=\"https:\/\/www.youtube.com\/channel\/UC9OlHEgxoaY6QY6nWPoiqQg?sub_confirmation=1\" target=\"_blank\" rel=\"noreferrer noopener\">GP<\/a>&nbsp;|&nbsp;<a href=\"https:\/\/www.youtube.com\/channel\/UC9csiS6q_C3C0FYhyr1rnFA?sub_confirmation=1\" target=\"_blank\" rel=\"noreferrer noopener\">GP2<\/a><\/strong><br><strong><img decoding=\"async\" src=\"https:\/\/a.slack-edge.com\/production-standard-emoji-assets\/14.0\/google-medium\/25b6-fe0f.png\" alt=\":seta_para_frente:\">&nbsp;LEIA TAMB\u00c9M:&nbsp;<a href=\"https:\/\/www.grandepremio.com\/br\/f1\/noticias\/williams-faz-autopropaganda-ve-chances-contratar-carlos-sainz-nosso-favor\/\">Williams faz autopropaganda e v\u00ea chances de contratar Sainz \u201ca nosso favor\u201d<\/a><\/strong><\/p>\n\n\n\n<p class=\"wp-block-paragraph\"><strong>Yuki Tsunoda<\/strong>, <strong>Liam Lawson<\/strong> e <strong>Daniel Ricciardo<\/strong> aparecem na lista de cotados para a vaga no <strong>RB20<\/strong>. O australiano, por\u00e9m, recebe o apoio de Christian, enquanto que o neozeland\u00eas \u00e9 <a href=\"https:\/\/www.grandepremio.com\/br\/f1\/noticias\/red-bull-coloca-liam-lawson-topo-lista-provaveis-substitutos-sergio-perez-f1-2024\/\">o favorito do consultor<\/a>. Desta forma, a Red Bull j\u00e1 programou um teste com ambos os pilotos para esta semana, na quarta e quinta-feira, onde Lawson e Ricciardo v\u00e3o assumir o volante da <strong>AT03<\/strong>, carro da <strong>AlphaTauri<\/strong> de 2022, em <strong>\u00cdmola<\/strong>. <\/p>\n\n\n\n<p class=\"wp-block-paragraph\">&#8220;Para n\u00f3s, a situa\u00e7\u00e3o \u00e9 tal que tamb\u00e9m analisaremos a situa\u00e7\u00e3o geral para 2025. Temos v\u00e1rios pilotos e temos um conceito&#8221;, declarou Marko. &#8220;Mas \u00e9 claro que todo resultado \u00e9 importante para Sergio, e o oitavo lugar, largando de segundo, certamente n\u00e3o \u00e9 o que esper\u00e1vamos&#8221;, finalizou.<\/p>\n\n\n\n<p class=\"wp-block-paragraph\">Logo ap\u00f3s o fim da corrida na\u00a0<strong>B\u00e9lgica<\/strong>, Horner\u00a0<a href=\"https:\/\/www.grandepremio.com\/br\/video\/f1\/substituicao-vista-chefe-red-bull-flagrado-conversa-daniel-ricciardo-gp-belgica\/\">foi visto conversando<\/a>\u00a0com\u00a0<strong><a href=\"https:\/\/www.grandepremio.com\/br\/piloto\/daniel-ricciardo\/\" target=\"_blank\" rel=\"noreferrer noopener\">Daniel Ricciardo<\/a><\/strong>\u00a0e\u00a0<strong>Laurent Mekies<\/strong>, chefe da\u00a0<strong>RB<\/strong>\u00a0(<strong>Visa Cash App RB<\/strong>).\u00a0Momentos depois, o pr\u00f3prio Verstappen optou por deixar o circuito de\u00a0Spa-Francorchamps\u00a0<a href=\"https:\/\/www.grandepremio.com\/br\/video\/f1\/max-verstappen-retorna-belgica-helicoptero-junto-daniel-ricciardo\/\">no mesmo helic\u00f3ptero do ex-companheiro de equipe<\/a>, aumentando os rumores de que o substituto de P\u00e9rez j\u00e1 foi definido.<\/p>\n\n\n\n<p class=\"wp-block-paragraph\">A\u00a0<strong><a href=\"https:\/\/www.grandepremio.com\/br\/f1\/\" target=\"_blank\" rel=\"noreferrer noopener\"><\/a><a href=\"https:\/\/www.grandepremio.com\/br\/f1\/\" target=\"_blank\" rel=\"noreferrer noopener\">F\u00f3rmula 1<\/a>\u00a0<\/strong>agora faz a tradicional pausa para as f\u00e9rias de ver\u00e3o na Europa e volta de\u00a0<strong>23 a 25 de agosto<\/strong>\u00a0em\u00a0<strong><a href=\"https:\/\/www.grandepremio.com\/br\/circuito\/zandvoort\/\" target=\"_blank\" rel=\"noreferrer noopener\">Zandvoort<\/a><\/strong>, para a disputa do\u00a0<strong>GP dos Pa\u00edses Baixos<\/strong>.<\/p>\n\n\n\n<figure class=\"wp-block-embed is-type-video is-provider-youtube wp-block-embed-youtube wp-embed-aspect-16-9 wp-has-aspect-ratio\"><div class=\"wp-block-embed__wrapper\">\n<iframe loading=\"lazy\" title=\"BOMBA! RUSSELL VENCE, MAS \u00c9 DESCLASSIFICADO. HAMILTON HERDA VIT\u00d3RIA | GP da B\u00c9LGICA de F1 | Briefing\" width=\"500\" height=\"281\" src=\"https:\/\/www.youtube.com\/embed\/qTFyc5nfp_c?feature=oembed\" frameborder=\"0\" allow=\"accelerometer; autoplay; clipboard-write; encrypted-media; gyroscope; picture-in-picture; web-share\" referrerpolicy=\"strict-origin-when-cross-origin\" allowfullscreen><\/iframe>\n<\/div><\/figure>\n","protected":false},"excerpt":{"rendered":"<p>Helmut Marko aumentou ainda mais a press\u00e3o sobre Sergio P\u00e9rez ao deixar claro que o oitavo lugar do mexicano no GP da B\u00e9lgica &#8220;n\u00e3o era o que a Red Bull esperava&#8221;<\/p>\n","protected":false},"author":0,"featured_media":1000845110,"comment_status":"closed","ping_status":"closed","sticky":false,"template":"","format":"standard","meta":{"42wp_featured_image_caption":"","42wp_featured_image_credits":"","42wp_featured_video":"","42wp_featured_image_hidden":false,"42wp_authors_list":[],"footnotes":""},"categories":[2],"tags":[27776,34186,27487,35624,37759,5660,8235,37760,969,147,3230,642,11958,160,37761,180,30909,22936,40390,1491,30103,28285,258,204,3132,108],"42wp_author":[47160],"class_list":["post-68217","post","type-post","status-publish","format-standard","has-post-thumbnail","hentry","category-f1","tag-assistir-f1-ao-vivo","tag-assistir-f1-gratis","tag-assistir-f1-online","tag-calendario-f1-2024","tag-calendario-f1-2024-horarios","tag-classificacao","tag-classificacao-da-f1","tag-classificacao-f1-2024","tag-corrida","tag-f1","tag-f1-2024","tag-f1-ao-vivo","tag-f1-live","tag-f1-tv","tag-f1-tv-2024","tag-formula-1","tag-formula-1-2024","tag-gp-da-belgica","tag-gp-da-belgica-2024","tag-grande-premio","tag-grande-premio-f1","tag-grandepremio","tag-helmut-marko","tag-red-bull","tag-sergio-perez","tag-spa-francorchamps","42wp_author-vicente-soella"],"_links":{"self":[{"href":"https:\/\/grandepremio.com\/br\/wp-json\/wp\/v2\/posts\/68217","targetHints":{"allow":["GET"]}}],"collection":[{"href":"https:\/\/grandepremio.com\/br\/wp-json\/wp\/v2\/posts"}],"about":[{"href":"https:\/\/grandepremio.com\/br\/wp-json\/wp\/v2\/types\/post"}],"replies":[{"embeddable":true,"href":"https:\/\/grandepremio.com\/br\/wp-json\/wp\/v2\/comments?post=68217"}],"version-history":[{"count":0,"href":"https:\/\/grandepremio.com\/br\/wp-json\/wp\/v2\/posts\/68217\/revisions"}],"wp:featuredmedia":[{"embeddable":true,"href":"https:\/\/grandepremio.com\/br\/wp-json\/wp\/v2\/media\/1000845110"}],"wp:attachment":[{"href":"https:\/\/grandepremio.com\/br\/wp-json\/wp\/v2\/media?parent=68217"}],"wp:term":[{"taxonomy":"category","embeddable":true,"href":"https:\/\/grandepremio.com\/br\/wp-json\/wp\/v2\/categories?post=68217"},{"taxonomy":"post_tag","embeddable":true,"href":"https:\/\/grandepremio.com\/br\/wp-json\/wp\/v2\/tags?post=68217"},{"taxonomy":"42wp_author","embeddable":true,"href":"https:\/\/grandepremio.com\/br\/wp-json\/wp\/v2\/42wp_author?post=68217"}],"curies":[{"name":"wp","href":"https:\/\/api.w.org\/{rel}","templated":true}]}}