{"id":68266,"date":"2024-07-28T14:51:03","date_gmt":"2024-07-28T17:51:03","guid":{"rendered":"https:\/\/grandepremio.com\/br\/noticias\/george-russell-se-manifesta-apos-desclassificacao-gp-belgica-de-partir-coracao\/"},"modified":"2024-07-28T15:26:33","modified_gmt":"2024-07-28T18:26:33","slug":"george-russell-se-manifesta-apos-desclassificacao-gp-belgica-de-partir-coracao","status":"publish","type":"post","link":"https:\/\/grandepremio.com\/br\/f1\/george-russell-se-manifesta-apos-desclassificacao-gp-belgica-de-partir-coracao\/","title":{"rendered":"Russell se manifesta ap\u00f3s desclassifica\u00e7\u00e3o no GP da B\u00e9lgica: &#8220;De partir o cora\u00e7\u00e3o&#8221;"},"content":{"rendered":"\n<p class=\"wp-block-paragraph\">Horas depois da vit\u00f3ria heroica em <strong>Spa-Francorchamps<\/strong>, <strong>George Russell<\/strong> <a href=\"https:\/\/www.grandepremio.com\/br\/f1\/noticias\/george-russell-desclassificado-infringir-peso-minimo-gp-da-belgica-lewis-hamilton-herda-vitoria\/\">recebeu a not\u00edcia de que havia sido desclassificado<\/a> do <strong>GP da B\u00e9lgica<\/strong>, j\u00e1 que o carro #63 da <strong>Mercedes<\/strong> foi <a href=\"https:\/\/www.grandepremio.com\/br\/f1\/noticias\/george-russell-investigacao-carro-abaixo-peso-minimo-gp-belgica\/\">reprovado em inspe\u00e7\u00e3o<\/a> feita pela <strong>Federa\u00e7\u00e3o Internacional de Automobilismo<\/strong> (<strong>FIA<\/strong>) por ter ficado abaixo do peso m\u00ednimo estipulado em regulamento.<\/p>\n\n\n\n<p class=\"wp-block-paragraph\">Chefe das Flechas de Prata, <strong>Toto Wolff<\/strong> <a href=\"https:\/\/www.grandepremio.com\/br\/f1\/noticias\/mercedes-culpa-desclassificacao-george-russell-belgica-temos-aceitar\/\">assumiu a responsabilidade pelo erro<\/a> e afirmou que a equipe vai aprender com a situa\u00e7\u00e3o para que a mesma n\u00e3o se repita no futuro. O brit\u00e2nico, por sua vez, tamb\u00e9m se manifestou brevemente em suas redes sociais.<\/p>\n\n\n\n<p class=\"wp-block-paragraph\">&#8220;De partir o cora\u00e7\u00e3o&#8221;, come\u00e7ou Russell. &#8220;Ficamos 1,5 kg abaixo do peso m\u00ednimo e fomos desclassificados da corrida. Deixamos tudo de n\u00f3s na pista hoje, e levo o orgulho de ter cruzado a linha de chegada na primeira posi\u00e7\u00e3o. H\u00e1 mais por vir&#8221;, finalizou.<\/p>\n\n\n\n<p class=\"wp-block-paragraph\"><strong><img decoding=\"async\" src=\"https:\/\/a.slack-edge.com\/production-standard-emoji-assets\/14.0\/google-medium\/25b6-fe0f.png\" alt=\":seta_para_frente:\">\u00a0Inscreva-se nos dois canais do GRANDE PR\u00caMIO no YouTube:\u00a0<a href=\"https:\/\/www.youtube.com\/channel\/UC9OlHEgxoaY6QY6nWPoiqQg?sub_confirmation=1\" target=\"_blank\" rel=\"noreferrer noopener\">GP<\/a>\u00a0|\u00a0<a href=\"https:\/\/www.youtube.com\/channel\/UC9csiS6q_C3C0FYhyr1rnFA?sub_confirmation=1\" target=\"_blank\" rel=\"noreferrer noopener\">GP2<\/a><\/strong><br><strong><img decoding=\"async\" src=\"https:\/\/a.slack-edge.com\/production-standard-emoji-assets\/14.0\/google-medium\/25b6-fe0f.png\" alt=\":seta_para_frente:\">\u00a0LEIA TAMB\u00c9M:\u00a0<a href=\"https:\/\/www.grandepremio.com\/br\/f1\/noticias\/williams-faz-autopropaganda-ve-chances-contratar-carlos-sainz-nosso-favor\/\">Williams faz autopropaganda e v\u00ea chances de contratar Sainz \u201ca nosso favor\u201d<\/a><\/strong><\/p>\n\n\n\n<figure class=\"wp-block-image size-large\"><img decoding=\"async\" src=\"https:\/\/www.grandepremio.com\/br\/wp-content\/uploads\/2024\/07\/belgica-2024-f1-corrida-mercedes-george-russell-08-1200x800.jpg\" alt=\"\" class=\"wp-image-847818\"\/><figcaption class=\"wp-element-caption\">George Russell foi desclassificado e perdeu vit\u00f3ria na B\u00e9lgica (Foto: AFP)<\/figcaption><\/figure>\n\n\n\n<p class=\"wp-block-paragraph\">Com tal decis\u00e3o, <strong>Lewis Hamilton<\/strong> herdou a vit\u00f3ria no circuito belga, a segunda na temporada 2024 da <strong>F\u00f3rmula 1<\/strong> e a 105\u00aa da carreira. Somando mais 25 pontos, o heptacampe\u00e3o agora totaliza 150 e \u00e9 o sexto colocado na <a href=\"https:\/\/www.grandepremio.com\/br\/f1\/classificacao\/\">classifica\u00e7\u00e3o do Mundial de Pilotos<\/a>, enquanto que Russell permanece em oitavo, com 116 tentos. <\/p>\n\n\n\n<p class=\"wp-block-paragraph\">A\u00a0<strong><a href=\"https:\/\/www.grandepremio.com\/br\/f1\/\" target=\"_blank\" rel=\"noreferrer noopener\">F\u00f3rmula 1<\/a>\u00a0<\/strong>agora faz a tradicional pausa para as f\u00e9rias de ver\u00e3o na Europa e volta de\u00a0<strong>23 a 25 de agosto<\/strong>\u00a0em\u00a0<strong><a href=\"https:\/\/www.grandepremio.com\/br\/circuito\/zandvoort\/\" target=\"_blank\" rel=\"noreferrer noopener\">Zandvoort<\/a><\/strong>, para a disputa do\u00a0<strong>GP dos Pa\u00edses Baixos<\/strong>.<\/p>\n\n\n\n<figure class=\"wp-block-embed is-type-video is-provider-youtube wp-block-embed-youtube wp-embed-aspect-16-9 wp-has-aspect-ratio\"><div class=\"wp-block-embed__wrapper\">\n<iframe loading=\"lazy\" title=\"BOMBA! RUSSELL VENCE, MAS \u00c9 DESCLASSIFICADO. HAMILTON HERDA VIT\u00d3RIA | GP da B\u00c9LGICA de F1 | Briefing\" width=\"500\" height=\"281\" src=\"https:\/\/www.youtube.com\/embed\/qTFyc5nfp_c?feature=oembed\" frameborder=\"0\" allow=\"accelerometer; autoplay; clipboard-write; encrypted-media; gyroscope; picture-in-picture; web-share\" referrerpolicy=\"strict-origin-when-cross-origin\" allowfullscreen><\/iframe>\n<\/div><\/figure>\n","protected":false},"excerpt":{"rendered":"<p>George Russell postou uma pequena mensagem nas redes sociais ap\u00f3s ser desclassificado e perder a vit\u00f3ria conquistada de maneira heroica no GP da B\u00e9lgica<\/p>\n","protected":false},"author":0,"featured_media":1000846905,"comment_status":"closed","ping_status":"closed","sticky":false,"template":"","format":"standard","meta":{"42wp_featured_image_caption":"","42wp_featured_image_credits":"","42wp_featured_video":"","42wp_featured_image_hidden":false,"42wp_authors_list":[],"footnotes":""},"categories":[2],"tags":[5660,969,147,3230,642,160,180,30909,800,22936,40390,1491,30103,28285,82,108],"42wp_author":[47160],"class_list":["post-68266","post","type-post","status-publish","format-standard","has-post-thumbnail","hentry","category-f1","tag-classificacao","tag-corrida","tag-f1","tag-f1-2024","tag-f1-ao-vivo","tag-f1-tv","tag-formula-1","tag-formula-1-2024","tag-george-russell","tag-gp-da-belgica","tag-gp-da-belgica-2024","tag-grande-premio","tag-grande-premio-f1","tag-grandepremio","tag-mercedes","tag-spa-francorchamps","42wp_author-vicente-soella"],"_links":{"self":[{"href":"https:\/\/grandepremio.com\/br\/wp-json\/wp\/v2\/posts\/68266","targetHints":{"allow":["GET"]}}],"collection":[{"href":"https:\/\/grandepremio.com\/br\/wp-json\/wp\/v2\/posts"}],"about":[{"href":"https:\/\/grandepremio.com\/br\/wp-json\/wp\/v2\/types\/post"}],"replies":[{"embeddable":true,"href":"https:\/\/grandepremio.com\/br\/wp-json\/wp\/v2\/comments?post=68266"}],"version-history":[{"count":0,"href":"https:\/\/grandepremio.com\/br\/wp-json\/wp\/v2\/posts\/68266\/revisions"}],"wp:featuredmedia":[{"embeddable":true,"href":"https:\/\/grandepremio.com\/br\/wp-json\/wp\/v2\/media\/1000846905"}],"wp:attachment":[{"href":"https:\/\/grandepremio.com\/br\/wp-json\/wp\/v2\/media?parent=68266"}],"wp:term":[{"taxonomy":"category","embeddable":true,"href":"https:\/\/grandepremio.com\/br\/wp-json\/wp\/v2\/categories?post=68266"},{"taxonomy":"post_tag","embeddable":true,"href":"https:\/\/grandepremio.com\/br\/wp-json\/wp\/v2\/tags?post=68266"},{"taxonomy":"42wp_author","embeddable":true,"href":"https:\/\/grandepremio.com\/br\/wp-json\/wp\/v2\/42wp_author?post=68266"}],"curies":[{"name":"wp","href":"https:\/\/api.w.org\/{rel}","templated":true}]}}