{"id":68337,"date":"2024-07-28T12:05:44","date_gmt":"2024-07-28T15:05:44","guid":{"rendered":"https:\/\/grandepremio.com\/br\/noticias\/lewis-hamilton-aponta-evolucao-elogia-fantastica-mercedes-2o-lugar-belgica\/"},"modified":"2024-07-28T14:25:25","modified_gmt":"2024-07-28T17:25:25","slug":"lewis-hamilton-aponta-evolucao-elogia-fantastica-mercedes-2o-lugar-belgica","status":"publish","type":"post","link":"https:\/\/grandepremio.com\/br\/f1\/lewis-hamilton-aponta-evolucao-elogia-fantastica-mercedes-2o-lugar-belgica\/","title":{"rendered":"Hamilton aponta evolu\u00e7\u00e3o e elogia &#8220;fant\u00e1stica&#8221; Mercedes em 2\u00ba lugar na B\u00e9lgica"},"content":{"rendered":"\n<p class=\"wp-block-paragraph\"><em>*Atualizado \u00e0s 14h20<\/em><\/p>\n\n\n\n<p class=\"wp-block-paragraph\"><strong>Lewis Hamilton<\/strong> conquistou a segunda vit\u00f3ria na temporada 2024 da <strong>F\u00f3rmula 1<\/strong>, no <strong>GP da B\u00e9lgica<\/strong>, <a href=\"https:\/\/www.grandepremio.com\/br\/f1\/noticias\/george-russell-brilha-uma-parada-so-vence-gp-belgica-1-2-mercedes-max-verstappen-5o\/\">realizado neste domingo (28)<\/a>. Na pista, o #44 <a href=\"https:\/\/www.grandepremio.com\/br\/video\/f1\/george-russell-resiste-ataque-lewis-hamilton-vence-gp-belgica-unica-parada\/\">n\u00e3o conseguiu superar<\/a> <strong>George Russell<\/strong> nas voltas finais, mas uma puni\u00e7\u00e3o ao companheiro de <strong>Mercedes <\/strong>lhe rendeu o triunfo. O brit\u00e2nico, no entanto, elogiou o trabalho da equipe ao dizer que o <strong>W15<\/strong> &#8220;estava fant\u00e1stico&#8221; em <strong>Spa-Francorchamps<\/strong>.<\/p>\n\n\n\n<p class=\"wp-block-paragraph\">Largando da terceira posi\u00e7\u00e3o, o #44 atacou <strong>Sergio P\u00e9rez<\/strong> logo nas primeiras curvas e assumiu o segundo posto, mirando <strong>Charles Leclerc<\/strong>, que estava logo \u00e0 frente. Na volta seguinte, o heptacampe\u00e3o atacou o monegasco na reta Kemmel e se colocou em uma \u00f3tima posi\u00e7\u00e3o para vencer a corrida, j\u00e1 que o b\u00f3lido prateado mostrava um desempenho muito melhor do que aquele visto nos treinos de sexta-feira.<\/p>\n\n\n\n<p class=\"wp-block-paragraph\">Tanto \u00e9 verdade, que o pr\u00f3prio Hamilton ficou surpreso com a for\u00e7a das Flechas de Prata neste domingo. &#8220;N\u00e3o, definitivamente n\u00e3o [esperava brigar pela vit\u00f3ria]&#8221;, afirmou ap\u00f3s o fim da 14\u00aa etapa do certame. &#8220;Em primeiro lugar, tenho de dar os parab\u00e9ns a George e \u00e0 equipe&#8221;, continuou.<\/p>\n\n\n\n<p class=\"wp-block-paragraph\">&#8220;A sexta-feira foi desastrosa. O carro n\u00e3o estava em lugar nenhum. Fizemos algumas mudan\u00e7as, era dif\u00edcil prever como seria por causa da chuva de ontem, mas o carro estava fant\u00e1stico hoje e realmente devemos isso a todos, tanto aos que est\u00e3o aqui fazendo um trabalho s\u00f3lido com as paradas nos boxes e estrat\u00e9gia, quanto aos caras da f\u00e1brica&#8221;, acrescentou.<\/p>\n\n\n\n<figure class=\"wp-block-image size-large\"><img decoding=\"async\" src=\"https:\/\/www.grandepremio.com\/br\/wp-content\/uploads\/2024\/07\/belgica-2024-f1-corrida-mercedes-lewis-hamilton-06-1200x800.jpg\" alt=\"\" class=\"wp-image-847768\"\/><figcaption class=\"wp-element-caption\">Lewis Hamilton teve de se contentar com o segundo lugar na B\u00e9lgica (Foto: Mercedes)<\/figcaption><\/figure>\n\n\n\n<p class=\"wp-block-paragraph\"><strong><img decoding=\"async\" src=\"https:\/\/a.slack-edge.com\/production-standard-emoji-assets\/14.0\/google-medium\/25b6-fe0f.png\" alt=\":seta_para_frente:\">&nbsp;Inscreva-se nos dois canais do GRANDE PR\u00caMIO no YouTube:&nbsp;<a href=\"https:\/\/www.youtube.com\/channel\/UC9OlHEgxoaY6QY6nWPoiqQg?sub_confirmation=1\" target=\"_blank\" rel=\"noreferrer noopener\">GP<\/a>&nbsp;|&nbsp;<a href=\"https:\/\/www.youtube.com\/channel\/UC9csiS6q_C3C0FYhyr1rnFA?sub_confirmation=1\" target=\"_blank\" rel=\"noreferrer noopener\">GP2<\/a><\/strong><br><strong><img decoding=\"async\" src=\"https:\/\/a.slack-edge.com\/production-standard-emoji-assets\/14.0\/google-medium\/25b6-fe0f.png\" alt=\":seta_para_frente:\">&nbsp;LEIA TAMB\u00c9M:&nbsp;<a href=\"https:\/\/www.grandepremio.com\/br\/f1\/noticias\/williams-faz-autopropaganda-ve-chances-contratar-carlos-sainz-nosso-favor\/\">Williams faz autopropaganda e v\u00ea chances de contratar Sainz \u201ca nosso favor\u201d<\/a><\/strong><\/p>\n\n\n\n<p class=\"wp-block-paragraph\">Russell apostou em uma estrat\u00e9gia diferente. Enquanto todos os demais optaram por duas paradas, o #63 bancou a decis\u00e3o de trocar os pneus apenas uma vez, na d\u00e9cima volta, e completou 34 giros com o composto mais duro, fazendo um excelente trabalho ao segurar o companheiro de equipe no fim. Hamilton falou sobre as voltas finais no circuito belga.<\/p>\n\n\n\n<p class=\"wp-block-paragraph\">&#8220;Estava tentando chegar mais perto, obviamente, mas George fez um \u00f3timo trabalho indo mais longe com os pneus. Tinha pneus sobrando em todos os stints, mas a equipe decidiu me chamar aos boxes, ent\u00e3o \u00e9 uma pena, mas \u00e9 um daqueles dias&#8221;, lamentou.<\/p>\n\n\n\n<p class=\"wp-block-paragraph\">Ap\u00f3s somar mais 25 pontos na <a href=\"https:\/\/www.grandepremio.com\/br\/f1\/classificacao\/\">classifica\u00e7\u00e3o do Mundial de Pilotos<\/a>, o brit\u00e2nico foi questionado se ainda \u00e9 poss\u00edvel sonhar com o t\u00edtulo. &#8220;N\u00e3o. Seria teria esperan\u00e7as demais. Se pudermos continuar com esse tipo de desempenho que tivemos nas \u00faltimas corridas \u2014 o que foi fant\u00e1stico \u2014, e se pudermos come\u00e7ar nossos fins de semana melhor, espero que possamos continuar [evoluindo]&#8221;, apontou.<\/p>\n\n\n\n<p class=\"wp-block-paragraph\">&#8220;Acho que a <strong>McLaren<\/strong> estava muito forte hoje, mas est\u00e1vamos um pouco mais \u00e0 frente no in\u00edcio. S\u00f3 precisamos continuar pressionando&#8221;, finalizou Hamilton.<\/p>\n\n\n\n<p class=\"wp-block-paragraph\"><strong>ATUALIZA\u00c7\u00c3O: <\/strong>Minutos depois da mai\u00fascula vit\u00f3ria de George Russell, o delegado t\u00e9cnico da <strong>Federa\u00e7\u00e3o Internacional de Automobilismo<\/strong> (<strong>FIA<\/strong>), Jo Bauer, emitiu documento informando que o carro do piloto da Mercedes <a target=\"_blank\" href=\"https:\/\/www.grandepremio.com\/br\/f1\/noticias\/george-russell-investigacao-carro-abaixo-peso-minimo-gp-belgica\/\" rel=\"noreferrer noopener\">estava 1,5 kg abaixo do peso m\u00ednimo<\/a> determinado pelo regulamento t\u00e9cnico. O caso foi enviado aos comiss\u00e1rios para delibera\u00e7\u00e3o, mas passou a ser quest\u00e3o de tempo <a target=\"_blank\" href=\"https:\/\/www.grandepremio.com\/br\/f1\/noticias\/george-russell-desclassificado-infringir-peso-minimo-gp-da-belgica-lewis-hamilton-herda-vitoria\/\" rel=\"noreferrer noopener\">at\u00e9 a not\u00edcia da desclassifica\u00e7\u00e3o do #63<\/a>, j\u00e1 que essa \u00e9 a puni\u00e7\u00e3o para infra\u00e7\u00f5es t\u00e9cnicas.<\/p>\n\n\n\n<p class=\"wp-block-paragraph\">Com isso, Oscar Piastri subiu para segundo e <strong><a target=\"_blank\" href=\"https:\/\/www.grandepremio.com\/br\/piloto\/charles-leclerc\/\" rel=\"noreferrer noopener\">Charles Leclerc<\/a><\/strong> herdou o p\u00f3dio. Max Verstappen ficou em quarto, com <strong><a target=\"_blank\" href=\"https:\/\/www.grandepremio.com\/br\/piloto\/lando-norris\/\" rel=\"noreferrer noopener\">Lando Norris<\/a><\/strong>, <strong>Carlos Sainz<\/strong>, <strong>Sergio P\u00e9rez<\/strong>, <strong><a target=\"_blank\" href=\"https:\/\/es.grandepremio.com\/\" rel=\"noreferrer noopener\">Fernando Alonso<\/a><\/strong>, <strong><a target=\"_blank\" href=\"https:\/\/www.grandepremio.com\/br\/piloto\/esteban-ocon\/\" rel=\"noreferrer noopener\">Esteban Ocon<\/a><\/strong> e <strong><a target=\"_blank\" href=\"https:\/\/www.grandepremio.com\/br\/piloto\/daniel-ricciardo\/\" rel=\"noreferrer noopener\">Daniel Ricciardo<\/a><\/strong>completando o top-10.&nbsp;<\/p>\n\n\n\n<p class=\"wp-block-paragraph\">A&nbsp;<strong><a href=\"https:\/\/www.grandepremio.com\/br\/f1\/\" target=\"_blank\" rel=\"noreferrer noopener\">F\u00f3rmula 1<\/a>&nbsp;<\/strong>agora faz a tradicional pausa para as f\u00e9rias de ver\u00e3o na Europa e volta de&nbsp;<strong>23 a 25 de agosto<\/strong>&nbsp;em&nbsp;<strong><a href=\"https:\/\/www.grandepremio.com\/br\/circuito\/zandvoort\/\" target=\"_blank\" rel=\"noreferrer noopener\">Zandvoort<\/a><\/strong>, para a disputa do&nbsp;<strong>GP dos Pa\u00edses Baixos<\/strong>.<\/p>\n\n\n\n<figure class=\"wp-block-embed is-type-video is-provider-youtube wp-block-embed-youtube wp-embed-aspect-16-9 wp-has-aspect-ratio\"><div class=\"wp-block-embed__wrapper\">\n<iframe loading=\"lazy\" title=\"BOMBA! RUSSELL VENCE, MAS \u00c9 DESCLASSIFICADO. HAMILTON HERDA VIT\u00d3RIA | GP da B\u00c9LGICA de F1 | Briefing\" width=\"500\" height=\"281\" src=\"https:\/\/www.youtube.com\/embed\/qTFyc5nfp_c?feature=oembed\" frameborder=\"0\" allow=\"accelerometer; autoplay; clipboard-write; encrypted-media; gyroscope; picture-in-picture; web-share\" referrerpolicy=\"strict-origin-when-cross-origin\" allowfullscreen><\/iframe>\n<\/div><\/figure>\n","protected":false},"excerpt":{"rendered":"<p>Lewis Hamilton elogiou evolu\u00e7\u00e3o da Mercedes ap\u00f3s sexta-feira &#8220;desastrosa&#8221; na B\u00e9lgica, parabenizou George Russell e admitiu que n\u00e3o esperava brigar pela vit\u00f3ria em Spa-Francorchamps<\/p>\n","protected":false},"author":0,"featured_media":1000847762,"comment_status":"closed","ping_status":"closed","sticky":false,"template":"","format":"standard","meta":{"42wp_featured_image_caption":"","42wp_featured_image_credits":"","42wp_featured_video":"","42wp_featured_image_hidden":false,"42wp_authors_list":[],"footnotes":""},"categories":[2],"tags":[5660,969,147,3230,642,160,180,30909,22936,40390,1491,30103,28285,87,82,108],"42wp_author":[47160],"class_list":["post-68337","post","type-post","status-publish","format-standard","has-post-thumbnail","hentry","category-f1","tag-classificacao","tag-corrida","tag-f1","tag-f1-2024","tag-f1-ao-vivo","tag-f1-tv","tag-formula-1","tag-formula-1-2024","tag-gp-da-belgica","tag-gp-da-belgica-2024","tag-grande-premio","tag-grande-premio-f1","tag-grandepremio","tag-lewis-hamilton","tag-mercedes","tag-spa-francorchamps","42wp_author-vicente-soella"],"_links":{"self":[{"href":"https:\/\/grandepremio.com\/br\/wp-json\/wp\/v2\/posts\/68337","targetHints":{"allow":["GET"]}}],"collection":[{"href":"https:\/\/grandepremio.com\/br\/wp-json\/wp\/v2\/posts"}],"about":[{"href":"https:\/\/grandepremio.com\/br\/wp-json\/wp\/v2\/types\/post"}],"replies":[{"embeddable":true,"href":"https:\/\/grandepremio.com\/br\/wp-json\/wp\/v2\/comments?post=68337"}],"version-history":[{"count":0,"href":"https:\/\/grandepremio.com\/br\/wp-json\/wp\/v2\/posts\/68337\/revisions"}],"wp:featuredmedia":[{"embeddable":true,"href":"https:\/\/grandepremio.com\/br\/wp-json\/wp\/v2\/media\/1000847762"}],"wp:attachment":[{"href":"https:\/\/grandepremio.com\/br\/wp-json\/wp\/v2\/media?parent=68337"}],"wp:term":[{"taxonomy":"category","embeddable":true,"href":"https:\/\/grandepremio.com\/br\/wp-json\/wp\/v2\/categories?post=68337"},{"taxonomy":"post_tag","embeddable":true,"href":"https:\/\/grandepremio.com\/br\/wp-json\/wp\/v2\/tags?post=68337"},{"taxonomy":"42wp_author","embeddable":true,"href":"https:\/\/grandepremio.com\/br\/wp-json\/wp\/v2\/42wp_author?post=68337"}],"curies":[{"name":"wp","href":"https:\/\/api.w.org\/{rel}","templated":true}]}}