{"id":68503,"date":"2024-07-27T13:12:11","date_gmt":"2024-07-27T16:12:11","guid":{"rendered":"https:\/\/grandepremio.com\/br\/noticias\/max-verstappen-aponta-desgaste-pneus-espera-batalha-dificil-belgica\/"},"modified":"2024-07-27T13:22:32","modified_gmt":"2024-07-27T16:22:32","slug":"max-verstappen-aponta-desgaste-pneus-espera-batalha-dificil-belgica","status":"publish","type":"post","link":"https:\/\/grandepremio.com\/br\/f1\/max-verstappen-aponta-desgaste-pneus-espera-batalha-dificil-belgica\/","title":{"rendered":"Verstappen aponta para &#8220;desgaste dos pneus&#8221; e espera &#8220;batalha dif\u00edcil&#8221; na B\u00e9lgica"},"content":{"rendered":"\n<p class=\"wp-block-paragraph\"><strong>Max Verstappen<\/strong> at\u00e9 marcou o tempo mais r\u00e1pido da classifica\u00e7\u00e3o do <strong>GP da B\u00e9lgica<\/strong>, <a href=\"https:\/\/www.grandepremio.com\/br\/f1\/noticias\/charles-leclerc-contraria-logica-poe-ferrari-pole-gp-belgica-max-verstappen-larga-11o\/\">realizada neste s\u00e1bado (27)<\/a>, mas ter\u00e1 de largar apenas em 11\u00ba ap\u00f3s <a href=\"https:\/\/www.grandepremio.com\/br\/f1\/noticias\/max-verstappen-perde-10-posicoes-grid-gp-belgica-red-bull-trocar-motor\/\">perder dez posi\u00e7\u00f5es no grid de largada<\/a> por trocar o motor do <strong>RB20<\/strong>. Com previs\u00e3o de clima seco para a corrida em <strong>Spa-Francorchamps<\/strong>, o neerland\u00eas apontou que o desgaste dos pneus ter\u00e1 um papel fundamental na disputa contra rivais.<\/p>\n\n\n\n<p class=\"wp-block-paragraph\">Quem se beneficiou da queda do tricampe\u00e3o na tabela foi <strong>Charles Leclerc<\/strong>, da <strong>Ferrari<\/strong>, que apresentou um \u00f3timo desempenho em pista molhada e cravou 1min53s754, em segundo, 0s595 atr\u00e1s da marca do piloto taurino. Logo ao lado, na primeira fila, o monegasco ter\u00e1 o pressionado <strong>Sergio P\u00e9rez<\/strong>, que <a href=\"https:\/\/www.grandepremio.com\/br\/f1\/noticias\/sergio-perez-celebra-tirado-tudo-carro-belgica-avisa-estou-briga-vitoria\/\">espera subir no degrau mais alto do p\u00f3dio<\/a> neste fim de semana.<\/p>\n\n\n\n<p class=\"wp-block-paragraph\">Verstappen, por sua vez, falou ap\u00f3s o fim das atividades de pista sobre o que achou da classifica\u00e7\u00e3o e tamb\u00e9m o que espera da 14\u00aa etapa da temporada 2024 da <strong>F\u00f3rmula 1<\/strong>, quando ter\u00e1 de escalar o pelot\u00e3o e minimizar os danos <a href=\"https:\/\/www.grandepremio.com\/br\/f1\/classificacao\/\">na disputa pelo Mundial de Pilotos<\/a>.<\/p>\n\n\n\n<p class=\"wp-block-paragraph\">&#8220;Foi uma boa classifica\u00e7\u00e3o. Felizmente, o tempo estava bom, chovendo um pouco, mas ainda conseguimos fazer uma classifica\u00e7\u00e3o decente&#8221;, come\u00e7ou Max. &#8220;Tudo funcionou muito bem. Conseguimos fazer boas voltas com todos os conjuntos de pneus que utilizamos. Estava pensando sobre o Q3, n\u00e3o sabia se a pista ia secar ou n\u00e3o, ent\u00e3o estava tentando deixar dois conjuntos novos para o Q3, e, felizmente, passamos pelo Q1 e Q2&#8221;, continuou.<\/p>\n\n\n\n<figure class=\"wp-block-image size-large\"><img decoding=\"async\" src=\"https:\/\/www.grandepremio.com\/br\/wp-content\/uploads\/2024\/07\/belgica-2024-f1-classificacao-red-bull-max-verstappen-05-1200x800.jpg\" alt=\"\" class=\"wp-image-847129\"\/><figcaption class=\"wp-element-caption\">Max Verstappen larga em 11\u00ba na B\u00e9lgica (Foto: Red Bull Content Pool)<\/figcaption><\/figure>\n\n\n\n<p class=\"wp-block-paragraph\"><strong><img decoding=\"async\" src=\"https:\/\/a.slack-edge.com\/production-standard-emoji-assets\/14.0\/google-medium\/25b6-fe0f.png\" alt=\":seta_para_frente:\">&nbsp;Inscreva-se nos dois canais do GRANDE PR\u00caMIO no YouTube:&nbsp;<a href=\"https:\/\/www.youtube.com\/channel\/UC9OlHEgxoaY6QY6nWPoiqQg?sub_confirmation=1\" target=\"_blank\" rel=\"noreferrer noopener\">GP<\/a>&nbsp;|&nbsp;<a href=\"https:\/\/www.youtube.com\/channel\/UC9csiS6q_C3C0FYhyr1rnFA?sub_confirmation=1\" target=\"_blank\" rel=\"noreferrer noopener\">GP2<\/a><\/strong><br><strong><img decoding=\"async\" src=\"https:\/\/a.slack-edge.com\/production-standard-emoji-assets\/14.0\/google-medium\/25b6-fe0f.png\" alt=\":seta_para_frente:\">&nbsp;LEIA TAMB\u00c9M:&nbsp;<a href=\"https:\/\/www.grandepremio.com\/br\/f1\/noticias\/renault-confirma-saida-f1-final-2025-abre-caminho-uniao-alpine-mercedes\/\">Renault confirma sa\u00edda da F1 ao final de 2025 e abre caminho para uni\u00e3o Alpine-Mercedes<\/a><\/strong><\/p>\n\n\n\n<p class=\"wp-block-paragraph\">&#8220;Estou muito feliz. O carro estava funcionando muito bem em pista molhada. Tentei completar voltas da maneira mais limpa poss\u00edvel, o que \u00e9 sempre complicado&#8221;, acrescentou. No entanto, Verstappen foi claro ao dizer que as condi\u00e7\u00f5es para a corrida ser\u00e3o diferentes.<\/p>\n\n\n\n<p class=\"wp-block-paragraph\">&#8220;Mas amanh\u00e3, claro, sei que ser\u00e1 um dia bem diferente: mais quente e provavelmente sem chuva. O desgaste dos pneus ter\u00e1 um papel importante, e apenas precisamos nos certificar de que conseguiremos ir bem nesse quesito. Sei que vou ter de perder dez posi\u00e7\u00f5es no grid, ent\u00e3o fiz o melhor que poderia hoje. N\u00e3o sei o qu\u00e3o r\u00e1pido seremos, mas espero que possamos estar na disputa e avan\u00e7ar no pelot\u00e3o&#8221;, destacou o #1, antes de alertar para os perigos do circuito belga.<\/p>\n\n\n\n<p class=\"wp-block-paragraph\">&#8220;A corrida pode ser perdida j\u00e1 na curva 1, ent\u00e3o preciso ver o que acontece na largada, naturalmente, e apenas seguir a partir da\u00ed. \u00c9 uma prova muito longa e que cobra muito dos pneus, apenas precisamos ter certeza de que vamos gerenci\u00e1-los da melhor maneira poss\u00edvel. Espero que consigamos ser competitivos amanh\u00e3&#8221;, apontou.<\/p>\n\n\n\n<p class=\"wp-block-paragraph\">&#8220;Sei que hoje foi um \u00f3timo dia, mas com pista molhada, e agora precisamos ser r\u00e1pidos no seco amanh\u00e3. Vai ser uma batalha dif\u00edcil. Tentaremos fazer o melhor que pudermos. Espero que possamos lutar contra a Ferrari e a <strong>Mercedes<\/strong> \u00e0 frente e, se tivermos um pouco de sorte, talvez possamos desafiar a <strong>McLaren<\/strong>&#8220;, finalizou Verstappen.<\/p>\n\n\n\n<p class=\"wp-block-paragraph\">O&nbsp;<strong>GRANDE PR\u00caMIO<\/strong>&nbsp;acompanha&nbsp;<strong>AO VIVO<\/strong>&nbsp;e&nbsp;<strong>EM&nbsp;<a href=\"https:\/\/www.grandepremio.com\/br\/ao-vivo\/\" target=\"_blank\" rel=\"noreferrer noopener\">TEMPO REAL<\/a><\/strong>&nbsp;todas as atividades do&nbsp;<strong>GP da B\u00e9lgica<\/strong>&nbsp;de&nbsp;<strong><a href=\"https:\/\/www.grandepremio.com\/br\/f1\/\" target=\"_blank\" rel=\"noreferrer noopener\">F\u00f3rmula 1<\/a><\/strong>&nbsp;e transmite classifica\u00e7\u00e3o e corrida em segunda tela, em parceria com a&nbsp;<strong>Voz do Esporte<\/strong>, na&nbsp;<strong>GPTV<\/strong>, o canal do&nbsp;<strong>GP<\/strong>&nbsp;no&nbsp;<strong>Youtube<\/strong>. Al\u00e9m disso, debate tudo que aconteceu na pista com o&nbsp;<strong>Briefing<\/strong>&nbsp;ap\u00f3s treinos livres e classifica\u00e7\u00e3o, al\u00e9m de antes e depois da corrida. No domingo, os pilotos disputam a corrida em&nbsp;<strong><a href=\"https:\/\/www.grandepremio.com\/br\/circuito\/spa-francorchamps\/\" target=\"_blank\" rel=\"noreferrer noopener\">Spa-Francorchamps<\/a><\/strong>&nbsp;a partir das&nbsp;10h (de Bras\u00edlia, GMT-3).<\/p>\n\n\n\n<figure class=\"wp-block-embed is-type-video is-provider-youtube wp-block-embed-youtube wp-embed-aspect-16-9 wp-has-aspect-ratio\"><div class=\"wp-block-embed__wrapper\">\n<iframe loading=\"lazy\" title=\"VERSTAPPEN \u00c9 O MELHOR, MAS D\u00c1 POLE A LECLERC | GP da B\u00c9LGICA de F1: a CLASSIFICA\u00c7\u00c3O | Briefing\" width=\"500\" height=\"281\" src=\"https:\/\/www.youtube.com\/embed\/ls6fIgO6K8A?feature=oembed\" frameborder=\"0\" allow=\"accelerometer; autoplay; clipboard-write; encrypted-media; gyroscope; picture-in-picture; web-share\" referrerpolicy=\"strict-origin-when-cross-origin\" allowfullscreen><\/iframe>\n<\/div><\/figure>\n","protected":false},"excerpt":{"rendered":"<p>Max Verstappen aprovou desempenho da Red Bull durante a classifica\u00e7\u00e3o deste s\u00e1bado (27), mas deixou claro que as condi\u00e7\u00f5es de pista no domingo ser\u00e3o &#8220;bem diferentes&#8221; para GP da B\u00e9lgica<\/p>\n","protected":false},"author":0,"featured_media":1000847128,"comment_status":"closed","ping_status":"closed","sticky":false,"template":"","format":"standard","meta":{"42wp_featured_image_caption":"","42wp_featured_image_credits":"","42wp_featured_video":"","42wp_featured_image_hidden":false,"42wp_authors_list":[],"footnotes":""},"categories":[2],"tags":[27776,34186,27487,35624,37759,5660,8235,37760,969,147,3230,642,11958,160,37761,180,30909,22936,40390,1491,30103,28285,203,204,108],"42wp_author":[47160],"class_list":["post-68503","post","type-post","status-publish","format-standard","has-post-thumbnail","hentry","category-f1","tag-assistir-f1-ao-vivo","tag-assistir-f1-gratis","tag-assistir-f1-online","tag-calendario-f1-2024","tag-calendario-f1-2024-horarios","tag-classificacao","tag-classificacao-da-f1","tag-classificacao-f1-2024","tag-corrida","tag-f1","tag-f1-2024","tag-f1-ao-vivo","tag-f1-live","tag-f1-tv","tag-f1-tv-2024","tag-formula-1","tag-formula-1-2024","tag-gp-da-belgica","tag-gp-da-belgica-2024","tag-grande-premio","tag-grande-premio-f1","tag-grandepremio","tag-max-verstappen","tag-red-bull","tag-spa-francorchamps","42wp_author-vicente-soella"],"_links":{"self":[{"href":"https:\/\/grandepremio.com\/br\/wp-json\/wp\/v2\/posts\/68503","targetHints":{"allow":["GET"]}}],"collection":[{"href":"https:\/\/grandepremio.com\/br\/wp-json\/wp\/v2\/posts"}],"about":[{"href":"https:\/\/grandepremio.com\/br\/wp-json\/wp\/v2\/types\/post"}],"replies":[{"embeddable":true,"href":"https:\/\/grandepremio.com\/br\/wp-json\/wp\/v2\/comments?post=68503"}],"version-history":[{"count":0,"href":"https:\/\/grandepremio.com\/br\/wp-json\/wp\/v2\/posts\/68503\/revisions"}],"wp:featuredmedia":[{"embeddable":true,"href":"https:\/\/grandepremio.com\/br\/wp-json\/wp\/v2\/media\/1000847128"}],"wp:attachment":[{"href":"https:\/\/grandepremio.com\/br\/wp-json\/wp\/v2\/media?parent=68503"}],"wp:term":[{"taxonomy":"category","embeddable":true,"href":"https:\/\/grandepremio.com\/br\/wp-json\/wp\/v2\/categories?post=68503"},{"taxonomy":"post_tag","embeddable":true,"href":"https:\/\/grandepremio.com\/br\/wp-json\/wp\/v2\/tags?post=68503"},{"taxonomy":"42wp_author","embeddable":true,"href":"https:\/\/grandepremio.com\/br\/wp-json\/wp\/v2\/42wp_author?post=68503"}],"curies":[{"name":"wp","href":"https:\/\/api.w.org\/{rel}","templated":true}]}}