{"id":68576,"date":"2024-07-27T07:06:49","date_gmt":"2024-07-27T10:06:49","guid":{"rendered":"https:\/\/grandepremio.com\/br\/noticias\/red-bull-chama-max-verstappen-engenheiro-para-conversa-apos-discussao-radio-hungria\/"},"modified":"2024-07-27T07:17:08","modified_gmt":"2024-07-27T10:17:08","slug":"red-bull-chama-max-verstappen-engenheiro-para-conversa-apos-discussao-radio-hungria","status":"publish","type":"post","link":"https:\/\/grandepremio.com\/br\/f1\/red-bull-chama-max-verstappen-engenheiro-para-conversa-apos-discussao-radio-hungria\/","title":{"rendered":"Red Bull chama Verstappen e engenheiro para conversa ap\u00f3s discuss\u00e3o em r\u00e1dio na Hungria"},"content":{"rendered":"\n<p class=\"wp-block-paragraph\">A conversa acalorada de <strong>Max Verstappen<\/strong> com <strong>Gianpiero Lambiase<\/strong> durante o <strong>GP da Hungria<\/strong> repercutiu de forma consider\u00e1vel no notici\u00e1rio da <strong>F\u00f3rmula 1<\/strong>. Mas com o intuito de evitar uma nova crise interna, a <strong>Red Bull<\/strong> chamou as duas partes para esclarecer o ocorrido e tentar colocar um ponto final no desacordo protagonizado em <strong>Hungaroring<\/strong>. A informa\u00e7\u00e3o \u00e9 do portal <strong>Autosport<\/strong>.<\/p>\n\n\n\n<p class=\"wp-block-paragraph\"><strong>Verstappen <\/strong>n\u00e3o teve um bom dia durante o <strong>GP da Hungria<\/strong>. Al\u00e9m da falta de ritmo para fazer frente aos carros da <strong>McLaren<\/strong>, o tricampe\u00e3o foi prejudicado pela estrat\u00e9gia da<strong> Red Bull <\/strong>e n\u00e3o escondeu sua frustra\u00e7\u00e3o no r\u00e1dio. Ap\u00f3s in\u00fameras reclama\u00e7\u00f5es \u2014 grande parte delas desnecess\u00e1rias \u2014, e at\u00e9 xingamentos, <strong>Lambiase <\/strong>entrou no r\u00e1dio e <a href=\"https:\/\/www.grandepremio.com\/br\/f1\/noticias\/esta-sendo-infantil-como-red-bull-acabou-reclamacoes-max-verstappen-na-hungria\/\">disse que o tricampe\u00e3o estava tendo uma atitude \u201cinfantil\u201d<\/a>.<\/p>\n\n\n\n<p class=\"wp-block-paragraph\"><strong>Verstappen <\/strong>e <strong>Lambiase <\/strong>j\u00e1 admitiram que possuem uma rela\u00e7\u00e3o de irm\u00e3os e, por mais que as aparentes discuss\u00f5es no r\u00e1dio sejam comuns, isso nunca afetou o relacionamento deles. Por\u00e9m, para evitar eventuais ru\u00eddos, a <strong>Red Bull<\/strong> achou de bom tom conversar com a dupla.<\/p>\n\n\n\n<p class=\"wp-block-paragraph\">De acordo com a Autosport, <strong>Verstappen <\/strong>e <strong>Lambiase <\/strong>se reuniram com o chefe <strong>Christian Horner<\/strong> e com o diretor-t\u00e9cnico<strong> Pierre Wach\u00e9<\/strong> no motorhome da<strong> Red Bull <\/strong>na <strong>B\u00e9lgica <\/strong>para analisar as consequ\u00eancias do que aconteceu na <strong>Hungria <\/strong>e colocar um ponto final na hist\u00f3ria.<\/p>\n\n\n\n<figure class=\"wp-block-image size-large\"><img decoding=\"async\" src=\"https:\/\/www.grandepremio.com\/br\/wp-content\/uploads\/2024\/07\/belgica-2024-f1-treino-livre-red-bull-max-verstappen-02-1200x800.jpg\" alt=\"\" class=\"wp-image-846247\"\/><figcaption class=\"wp-element-caption\">A Red Bull procurou resolver os problemas em r\u00e1dio durante as corridas (Foto: Red Bull Content Pool)<\/figcaption><\/figure>\n\n\n\n<p class=\"wp-block-paragraph\">A equipe ainda compreendeu a frustra\u00e7\u00e3o de <strong>Verstappen<\/strong>, mas tamb\u00e9m reconheceu que h\u00e1 limites de comportamento que tamb\u00e9m precisam ser respeitados. Ainda segundo a publica\u00e7\u00e3o, as diverg\u00eancias da <strong>Hungria <\/strong>ficaram para tr\u00e1s e os r\u00e1dios descontra\u00eddos durante os treinos livres de sexta-feira foram uma mensagem p\u00fablica de que tudo est\u00e1 resolvido.<\/p>\n\n\n\n<p class=\"wp-block-paragraph\">O&nbsp;<strong>GRANDE PR\u00caMIO<\/strong>&nbsp;acompanha<strong>&nbsp;<\/strong><a href=\"https:\/\/www.grandepremio.com\/br\/ao-vivo\/f1\/\"><strong>AO VIVO<\/strong>&nbsp;e&nbsp;<strong>EM&nbsp;<\/strong><\/a><a href=\"https:\/\/www.grandepremio.com\/br\/ao-vivo\/\"><\/a><strong><a href=\"https:\/\/www.grandepremio.com\/br\/ao-vivo\/\" target=\"_blank\" rel=\"noreferrer noopener\">TEMPO REAL<\/a><\/strong>&nbsp;todas as atividades do&nbsp;<strong>GP da B\u00e9lgica<\/strong>&nbsp;de&nbsp;<a href=\"https:\/\/www.grandepremio.com\/br\/f1\/\"><\/a><strong><a href=\"https:\/\/www.grandepremio.com\/br\/f1\/\" target=\"_blank\" rel=\"noreferrer noopener\">F\u00f3rmula 1<\/a><\/strong>, em&nbsp;<strong>Spa-Francorchamps<\/strong>, e transmite classifica\u00e7\u00e3o e corrida em segunda tela, em parceria com a Voz do Esporte, na<strong>&nbsp;<\/strong><a href=\"https:\/\/www.youtube.com\/c\/GrandePremioTV\/streams\"><strong>GPTV, o canal do GP no Youtube<\/strong><\/a>. Al\u00e9m disso, debate tudo que aconteceu na pista com o&nbsp;<strong>Briefing&nbsp;<\/strong>ap\u00f3s treinos livres e classifica\u00e7\u00e3o, al\u00e9m de antes e depois da corrida. No s\u00e1bado, o TL3 fecha a prepara\u00e7\u00e3o a partir das 7h30, enquanto a classifica\u00e7\u00e3o forma o grid \u00e0s 11h; por fim, no domingo, a largada est\u00e1 marcada para as&nbsp;<strong>10h<\/strong>&nbsp;(de Bras\u00edlia, GMT-3).<\/p>\n\n\n\n<p class=\"wp-block-paragraph\"><strong><strong>\u25b6\ufe0f<\/strong>&nbsp;Inscreva-se nos dois canais do GRANDE PR\u00caMIO no YouTube:&nbsp;<a href=\"https:\/\/www.youtube.com\/channel\/UC9OlHEgxoaY6QY6nWPoiqQg?sub_confirmation=1\" target=\"_blank\" rel=\"noreferrer noopener\">GP<\/a>&nbsp;|&nbsp;<a href=\"https:\/\/www.youtube.com\/channel\/UC9csiS6q_C3C0FYhyr1rnFA?sub_confirmation=1\" target=\"_blank\" rel=\"noreferrer noopener\">GP2<\/a><\/strong><br><strong><strong>\u25b6\ufe0f<\/strong>&nbsp;LEIA TAMB\u00c9M:&nbsp;<a href=\"https:\/\/www.grandepremio.com\/br\/f1\/noticias\/red-bull-alerta-max-verstappen-diz-nada-esta-garantido-briga-pelo-titulo-f1-2024\/\">Red Bull alerta Verstappen e diz que \u201cnada est\u00e1 garantido\u201d na briga pelo t\u00edtulo da F1 2024<\/a><\/strong><\/p>\n\n\n\n<figure class=\"wp-block-embed is-type-video is-provider-youtube wp-block-embed-youtube wp-embed-aspect-16-9 wp-has-aspect-ratio\"><div class=\"wp-block-embed__wrapper\">\n<iframe loading=\"lazy\" title=\"NORRIS-PIASTRI DOMINAM, VERSTAPPEN PUNIDO e FORTE: GP da B\u00c9LGICA F1 | treinos livres | Briefing\" width=\"500\" height=\"281\" src=\"https:\/\/www.youtube.com\/embed\/uCQBXb0ZpOE?feature=oembed\" frameborder=\"0\" allow=\"accelerometer; autoplay; clipboard-write; encrypted-media; gyroscope; picture-in-picture; web-share\" referrerpolicy=\"strict-origin-when-cross-origin\" allowfullscreen><\/iframe>\n<\/div><\/figure>\n","protected":false},"excerpt":{"rendered":"<p>Embora seja comum Max Verstappen e Gianpiero Lambiase trocarem mensagens mais acaloradas no r\u00e1dio, a Red Bull decidiu chamar a dupla para conversar ap\u00f3s o GP da Hungria<\/p>\n","protected":false},"author":0,"featured_media":1000765760,"comment_status":"closed","ping_status":"closed","sticky":false,"template":"","format":"standard","meta":{"42wp_featured_image_caption":"","42wp_featured_image_credits":"","42wp_featured_video":"","42wp_featured_image_hidden":false,"42wp_authors_list":[],"footnotes":""},"categories":[2],"tags":[180,25842,1647,1491,28285,203,204,27332,27716,9685,27383,37936],"42wp_author":[47149],"class_list":["post-68576","post","type-post","status-publish","format-standard","has-post-thumbnail","hentry","category-f1","tag-formula-1","tag-gianpiero-lambiase","tag-gp-da-hungria","tag-grande-premio","tag-grandepremio","tag-max-verstappen","tag-red-bull","tag-red-bull-f1","tag-red-bull-formula-1","tag-verstappen","tag-verstappen-f1","tag-verstappen-formula-1","42wp_author-bernardo-castro"],"_links":{"self":[{"href":"https:\/\/grandepremio.com\/br\/wp-json\/wp\/v2\/posts\/68576","targetHints":{"allow":["GET"]}}],"collection":[{"href":"https:\/\/grandepremio.com\/br\/wp-json\/wp\/v2\/posts"}],"about":[{"href":"https:\/\/grandepremio.com\/br\/wp-json\/wp\/v2\/types\/post"}],"replies":[{"embeddable":true,"href":"https:\/\/grandepremio.com\/br\/wp-json\/wp\/v2\/comments?post=68576"}],"version-history":[{"count":0,"href":"https:\/\/grandepremio.com\/br\/wp-json\/wp\/v2\/posts\/68576\/revisions"}],"wp:featuredmedia":[{"embeddable":true,"href":"https:\/\/grandepremio.com\/br\/wp-json\/wp\/v2\/media\/1000765760"}],"wp:attachment":[{"href":"https:\/\/grandepremio.com\/br\/wp-json\/wp\/v2\/media?parent=68576"}],"wp:term":[{"taxonomy":"category","embeddable":true,"href":"https:\/\/grandepremio.com\/br\/wp-json\/wp\/v2\/categories?post=68576"},{"taxonomy":"post_tag","embeddable":true,"href":"https:\/\/grandepremio.com\/br\/wp-json\/wp\/v2\/tags?post=68576"},{"taxonomy":"42wp_author","embeddable":true,"href":"https:\/\/grandepremio.com\/br\/wp-json\/wp\/v2\/42wp_author?post=68576"}],"curies":[{"name":"wp","href":"https:\/\/api.w.org\/{rel}","templated":true}]}}