{"id":68598,"date":"2024-07-27T04:00:00","date_gmt":"2024-07-27T07:00:00","guid":{"rendered":"https:\/\/grandepremio.com\/br\/noticias\/titulos-boicote-acidente-grave-como-foram-corridas-formula-1-durante-olimpiadas\/"},"modified":"2024-07-29T14:28:59","modified_gmt":"2024-07-29T17:28:59","slug":"titulos-boicote-acidente-grave-como-foram-corridas-formula-1-durante-olimpiadas","status":"publish","type":"post","link":"https:\/\/grandepremio.com\/br\/f1\/titulos-boicote-acidente-grave-como-foram-corridas-formula-1-durante-olimpiadas\/","title":{"rendered":"T\u00edtulos, boicote e acidente grave: como foram as corridas da F1 durante as Olimp\u00edadas?"},"content":{"rendered":"\n<p class=\"wp-block-paragraph\">O mundo do esporte est\u00e1 em festa. Na \u00faltima sexta-feira (26), teve in\u00edcio oficial a 33\u00aa edi\u00e7\u00e3o dos Jogos Ol\u00edmpicos. A sede \u00e9 Paris, na Fran\u00e7a, assim como 100 anos atr\u00e1s. Mas nem o maior evento esportivo do mundo \u00e9 capaz de parar a <strong>F\u00f3rmula 1<\/strong>, que realizar\u00e1 o <strong>GP da B\u00e9lgica<\/strong>, em Spa-Francorchamps, neste fim de semana, sendo a 17\u00aa corrida na hist\u00f3ria do Mundial a acontecer de forma simult\u00e2nea com as <strong>Olimp\u00edadas<\/strong>. O <strong>GRANDE PR\u00caMIO <\/strong>relembra as demais ocasi\u00f5es.<\/p>\n\n\n\n<p class=\"wp-block-paragraph\">O primeiro Mundial de F\u00f3rmula 1 a acontecer em ano de Olimp\u00edada foi em 1952, quando os jogos aconteceram em Helsinque, na Finl\u00e2ndia. E apesar de um calend\u00e1rio muito mais enxuto que o atual, o conflito aconteceu com o <strong>GP da Alemanha<\/strong>, realizado no dia 3 de agosto, que marcou a cerim\u00f4nia de encerramento dos jogos. No N\u00fcrburgring Nordschleife, o italiano <strong>Alberto Ascari <\/strong>venceu pela quarta vez seguida e conquistou o primeiro de seus dois t\u00edtulos mundiais por antecipa\u00e7\u00e3o.<\/p>\n\n\n\n<p class=\"wp-block-paragraph\">Enquanto os conflitos de data passaram ilesos pelos jogos de <strong>Melbourne<\/strong>, em 1956, as Olimp\u00edadas em <strong>Roma<\/strong>, quatro anos depois n\u00e3o escaparam, e justamente com o <strong>GP da It\u00e1lia<\/strong>, que at\u00e9 hoje \u00e9 a \u00fanica corrida da hist\u00f3ria a acontecer no mesmo pa\u00eds dos Jogos Ol\u00edmpicos. A prova, realizada em 4 de setembro, foi marcada pelo boicote das equipes inglesas, que protestaram contra a decis\u00e3o de correr no combinado dos circuito misto e oval de Monza, por motivos de seguran\u00e7a. O caminho ficou livre para a Ferrari, que varreu o p\u00f3dio e viu a vit\u00f3ria do piloto americano <strong>Phil Hill.<\/strong><\/p>\n\n\n\n<p class=\"wp-block-paragraph\">Foram 12 anos sem corridas &#8216;ol\u00edmpicas&#8217;. E o retorno do conflito de calend\u00e1rio aconteceu novamente na It\u00e1lia, dia 12 de setembro de 1972, e com um dos dias mais importantes do automobilismo brasileiro. Enquanto o esporte mundial se reunia na controversa Olimp\u00edada de Munique, <strong>Emerson Fittipaldi<\/strong>, de Lotus, venceu a prova em Monza e se tornou o mais jovem campe\u00e3o mundial da hist\u00f3ria e primeiro do Brasil.<\/p>\n\n\n\n<figure class=\"wp-block-image size-large\"><img decoding=\"async\" src=\"https:\/\/www.grandepremio.com\/br\/wp-content\/uploads\/2020\/08\/1972-Fittipaldi-1024x696.jpg\" alt=\"\" class=\"wp-image-404238\"\/><figcaption class=\"wp-element-caption\">Emerson Fittipaldi se tornou o primeiro brasileiro campe\u00e3o mundial, em 1972, pela Lotus (Foto: Reprodu\u00e7\u00e3o)<\/figcaption><\/figure>\n\n\n\n<p class=\"wp-block-paragraph\">Enquanto as Olimp\u00edadas aconteciam em Montreal, em 1976, a <strong>F\u00f3rmula 1 <\/strong>estava agitada pela rivalidade entre <strong>James Hunt <\/strong>e <strong>Niki Lauda<\/strong>, na primeira vez em que o campeonato realizou duas corridas no per\u00edodo ol\u00edmpico. No <strong>GP da Inglaterra<\/strong>, vit\u00f3ria do austr\u00edaco da <strong>Ferrari<\/strong>; enquanto que na Alemanha, em N\u00fcrburgring, triunfo de Hunt, em corrida marcada pelo horroroso acidente de Niki, que sofreu grav\u00edssimas queimaduras no rosto e sofreu s\u00e9rios riscos de morte.<\/p>\n\n\n\n<p class=\"wp-block-paragraph\">Nada de corridas durante os Jogos de Moscou, em 1980, mas o choque de datas aconteceu nas Olimp\u00edadas de Los Angeles, em 1984. Desta vez, o GP da Alemanha, agora em Hockenheim, viu a vit\u00f3ria do franc\u00eas <strong>Alain Prost<\/strong>, da <strong>McLaren<\/strong>, com Niki Lauda em segundo. A rivalidade entre ambos viu a menor margem de dist\u00e2ncia de t\u00edtulo da hist\u00f3ria, com o austr\u00edaco levando o tricampeonato mundial ao fim da temporada com apenas 0.5 ponto de vantagem.<\/p>\n\n\n\n<p class=\"wp-block-paragraph\">Em Seul 88, mais vit\u00f3rias de Prost e o mesmo fim de quatro anos antes: insuficientes para o t\u00edtulo. O piloto franc\u00eas da McLaren levou os GPs de Portugal e da Espanha enquanto os principais esportistas do mundo se reuniam na Coreia do Sul. Mas n\u00e3o foi suficiente para tirar o primeiro caneco de <strong>Ayrton Senna<\/strong> corridas depois.<\/p>\n\n\n\n<p class=\"wp-block-paragraph\">Nas Olimp\u00edadas de Barcelona, em 1992, a F\u00f3rmula 1 realizou mais uma vez o GP da Alemanha, em Hockenheim, no dia seguinte ao da abertura: 26 de julho. Como praxe daquela temporada, o triunfo ficou com <strong>Nigel Mansell<\/strong>, da Williams. Hockenheim, por sinal, receberia mais uma prova &#8216;ol\u00edmpica&#8217; quatro anos depois, durante os Jogos de Atlanta, agora com <strong>Damon Hill <\/strong>no topo do p\u00f3dio, em 28 de julho de 1996.<\/p>\n\n\n\n<figure class=\"wp-block-image size-large\"><img decoding=\"async\" src=\"https:\/\/www.grandepremio.com\/br\/wp-content\/uploads\/2024\/07\/imagem_2024-07-25_164445506-1200x853.png\" alt=\"\" class=\"wp-image-846094\"\/><figcaption class=\"wp-element-caption\">A vit\u00f3ria de Schumacher em Indian\u00e1polis (Foto: F\u00f3rmula 1)<\/figcaption><\/figure>\n\n\n\n<p class=\"wp-block-paragraph\"><strong><strong><strong>\u25b6\ufe0f<\/strong>&nbsp;Inscreva-se nos dois canais do GRANDE PR\u00caMIO no YouTube:&nbsp;<a href=\"https:\/\/www.youtube.com\/channel\/UC9OlHEgxoaY6QY6nWPoiqQg?sub_confirmation=1\" target=\"_blank\" rel=\"noreferrer noopener\">GP<\/a>&nbsp;|&nbsp;<a href=\"https:\/\/www.youtube.com\/channel\/UC9csiS6q_C3C0FYhyr1rnFA?sub_confirmation=1\" target=\"_blank\" rel=\"noreferrer noopener\">GP2<\/a><\/strong><br><strong><strong>\u25b6\ufe0f<\/strong>&nbsp;LEIA TAMB\u00c9M:&nbsp;<a href=\"https:\/\/www.grandepremio.com\/br\/f1\/noticias\/periodo-olimpico-desmente-frivolidade-esporte-desfila-alegoria-que-pode-ser\/\">Per\u00edodo ol\u00edmpico desmente frivolidade do esporte e desfila alegoria do que se pode ser<\/a><\/strong><\/strong><\/p>\n\n\n\n<p class=\"wp-block-paragraph\">J\u00e1 nos primeiros jogos do novo mil\u00eanio, em Sydney, a F\u00f3rmula 1 realizou uma corrida j\u00e1 na reta final do campeonato. <strong>Michael Schumacher <\/strong>venceu o <strong>GP dos Estados Unidos<\/strong>, realizado em 24 de setembro, que marcou a primeira prova da categoria no misto de <strong>Indian\u00e1polis<\/strong>, e retomou a lideran\u00e7a do Mundial em cima do rival <strong>Mika H\u00e4kkinen<\/strong>, partindo para o terceiro t\u00edtulo, que seria tamb\u00e9m o primeiro pela <strong>Ferrari<\/strong>. Naquele dia, tamb\u00e9m aconteceu uma das maiores zebras da hist\u00f3ria das Olimp\u00edadas: o americano <strong>Rulon Gardner <\/strong>desbancou o russo tricampe\u00e3o ol\u00edmpico <strong>Alexander Karelin <\/strong>na final da categoria super-peso-pesado da luta greco-romana.<\/p>\n\n\n\n<p class=\"wp-block-paragraph\">No retorno das Olimp\u00edadas a Atenas, em 2004, duas corridas da F1. O <strong>GP da Hungria<\/strong> foi vencido por Michael Schumacher, que fez hist\u00f3ria ao conquistar o s\u00e9timo t\u00edtulo mundial no <strong>GP da B\u00e9lgica<\/strong>, vencido pelo finland\u00eas<strong> Kimi R\u00e4ikk\u00f6nen<\/strong>, da <strong>McLaren<\/strong>. A prova aconteceu no dia 29 de agosto, dia de encerramento dos jogos e famoso pela pol\u00eamica derrota do brasileiro Vanderlei Cordeiro de Lima, na maratona. Vanderlei liderava a prova com menos de 8 km para o fim quando foi empurrado pelo padre irland\u00eas Neil Horan. Acabou se contentando com o bronze.<\/p>\n\n\n\n<p class=\"wp-block-paragraph\">Nos jogos de Pequim, em 2008, mais uma vez a F\u00f3rmula 1 realizou corrida no dia do encerramento do evento. Foi o <strong>GP da Europa<\/strong>, no circuito urbano de Val\u00eancia, vencido pelo brasileiro <strong>Felipe Massa<\/strong>, de Ferrari. No mesmo dia, a sele\u00e7\u00e3o americana de basquete masculino \u2014 o popular &#8216;The Redeem Team&#8217; \u2014, comandada por <strong>Lebron James<\/strong>, <strong>Kobe Bryant <\/strong>e companhia, venceu a final ol\u00edmpica sobre a Espanha. E foi um excelente dia para os <strong>Estados Unidos <\/strong>nos esportes coletivos, tamb\u00e9m desbancando o <strong>Brasil <\/strong>na final do v\u00f4lei masculino.<\/p>\n\n\n\n<p class=\"wp-block-paragraph\">Em 2012, em Londres, apenas um evento da <strong>F\u00f3rmula 1 <\/strong>ocupando o espa\u00e7o ol\u00edmpico. Foi o <strong>GP da Hungria<\/strong>, vencido pelo ingl\u00eas <strong>Lewis Hamilton<\/strong>, da <strong>Mercedes<\/strong>. J\u00e1 no Rio de Janeiro, em 2016, foi a primeira vez em 36 anos que n\u00e3o houve o choque de datas, com todo o per\u00edodo de f\u00e9rias do Mundial coincidindo com a primeira edi\u00e7\u00e3o das Olimp\u00edadas na Am\u00e9rica do Sul.<\/p>\n\n\n\n<p class=\"wp-block-paragraph\">J\u00e1 os jogos de T\u00f3quio, em 2021, coincidiram com uma das corridas mais malucas dos \u00faltimos tempos na <strong>F\u00f3rmula 1<\/strong>: a primeira vit\u00f3ria de <strong>Esteban Ocon<\/strong>, com a <strong>Alpine<\/strong>. Naquele mesmo 1\u00ba de agosto, <strong>Rebeca Andrade <\/strong>levou a medalha de ouro no salto, tornando-se a primeira ginasta brasileira campe\u00e3 ol\u00edmpica. <\/p>\n\n\n\n<p class=\"wp-block-paragraph\">O&nbsp;<strong>GRANDE PR\u00caMIO<\/strong>&nbsp;acompanha&nbsp;<strong>AO VIVO<\/strong>&nbsp;e&nbsp;<strong>EM&nbsp;<a href=\"https:\/\/www.grandepremio.com\/br\/ao-vivo\/\" target=\"_blank\" rel=\"noreferrer noopener\">TEMPO REAL<\/a><\/strong>&nbsp;todas as atividades do&nbsp;<strong>GP da B\u00e9lgica<\/strong>&nbsp;de&nbsp;<strong><a href=\"https:\/\/www.grandepremio.com\/br\/f1\/\" target=\"_blank\" rel=\"noreferrer noopener\">F\u00f3rmula 1<\/a><\/strong>&nbsp;e transmite classifica\u00e7\u00e3o e corrida em segunda tela, em parceria com a&nbsp;<strong>Voz do Esporte<\/strong>, na&nbsp;<strong>GPTV<\/strong>, o canal do&nbsp;<strong>GP<\/strong>&nbsp;no&nbsp;<strong>Youtube<\/strong>. Al\u00e9m disso, debate tudo que aconteceu na pista com o&nbsp;<strong>Briefing<\/strong>&nbsp;ap\u00f3s treinos livres e classifica\u00e7\u00e3o, al\u00e9m de antes e depois da corrida. No s\u00e1bado, \u00e0s 7h30 (de Bras\u00edlia, GMT-3), acontece o TL3, ao passo que a classifica\u00e7\u00e3o ser\u00e1 \u00e0s 11h. Por fim, no domingo, os pilotos disputam a corrida em&nbsp;<strong><a href=\"https:\/\/www.grandepremio.com\/br\/circuito\/spa-francorchamps\/\" target=\"_blank\" rel=\"noreferrer noopener\">Spa-Francorchamps<\/a><\/strong>&nbsp;a partir das&nbsp;10h.<\/p>\n\n\n\n<figure class=\"wp-block-embed is-type-video is-provider-youtube wp-block-embed-youtube wp-embed-aspect-16-9 wp-has-aspect-ratio\"><div class=\"wp-block-embed__wrapper\">\n<iframe loading=\"lazy\" title=\"NORRIS-PIASTRI DOMINAM, VERSTAPPEN PUNIDO e FORTE: GP da B\u00c9LGICA F1 | treinos livres | Briefing\" width=\"500\" height=\"281\" src=\"https:\/\/www.youtube.com\/embed\/uCQBXb0ZpOE?feature=oembed\" frameborder=\"0\" allow=\"accelerometer; autoplay; clipboard-write; encrypted-media; gyroscope; picture-in-picture; web-share\" referrerpolicy=\"strict-origin-when-cross-origin\" allowfullscreen><\/iframe>\n<\/div><figcaption class=\"wp-element-caption\">GP DA B\u00c9LGICA F1 2024 AO VIVO: tudo sobre os treinos livres | Briefing<\/figcaption><\/figure>\n","protected":false},"excerpt":{"rendered":"<p>Conflito de datas entre F\u00f3rmula 1 e Olimp\u00edadas \u00e9 marcado por t\u00edtulos mundiais e acontecimentos hist\u00f3ricos do esporte, como medalhas de bronze de Vanderlei Cordeiro de Lima e ouro de Rebeca Andrade<\/p>\n","protected":false},"author":0,"featured_media":1000767216,"comment_status":"closed","ping_status":"closed","sticky":false,"template":"","format":"standard","meta":{"42wp_featured_image_caption":"","42wp_featured_image_credits":"","42wp_featured_video":"","42wp_featured_image_hidden":false,"42wp_authors_list":[],"footnotes":""},"categories":[2],"tags":[26271,5273,302,147,3230,180,30909,1647,1491,28285,30840,758,35129,33301],"42wp_author":[47119],"class_list":["post-68598","post","type-post","status-publish","format-standard","has-post-thumbnail","hentry","category-f1","tag-calendario-f1","tag-classificacao-f1","tag-esteban-ocon","tag-f1","tag-f1-2024","tag-formula-1","tag-formula-1-2024","tag-gp-da-hungria","tag-grande-premio","tag-grandepremio","tag-horarios-f1","tag-michael-schumacher","tag-onde-assistir-f1","tag-temporada-2024-f1","42wp_author-gabriel-carvalho"],"_links":{"self":[{"href":"https:\/\/grandepremio.com\/br\/wp-json\/wp\/v2\/posts\/68598","targetHints":{"allow":["GET"]}}],"collection":[{"href":"https:\/\/grandepremio.com\/br\/wp-json\/wp\/v2\/posts"}],"about":[{"href":"https:\/\/grandepremio.com\/br\/wp-json\/wp\/v2\/types\/post"}],"replies":[{"embeddable":true,"href":"https:\/\/grandepremio.com\/br\/wp-json\/wp\/v2\/comments?post=68598"}],"version-history":[{"count":0,"href":"https:\/\/grandepremio.com\/br\/wp-json\/wp\/v2\/posts\/68598\/revisions"}],"wp:featuredmedia":[{"embeddable":true,"href":"https:\/\/grandepremio.com\/br\/wp-json\/wp\/v2\/media\/1000767216"}],"wp:attachment":[{"href":"https:\/\/grandepremio.com\/br\/wp-json\/wp\/v2\/media?parent=68598"}],"wp:term":[{"taxonomy":"category","embeddable":true,"href":"https:\/\/grandepremio.com\/br\/wp-json\/wp\/v2\/categories?post=68598"},{"taxonomy":"post_tag","embeddable":true,"href":"https:\/\/grandepremio.com\/br\/wp-json\/wp\/v2\/tags?post=68598"},{"taxonomy":"42wp_author","embeddable":true,"href":"https:\/\/grandepremio.com\/br\/wp-json\/wp\/v2\/42wp_author?post=68598"}],"curies":[{"name":"wp","href":"https:\/\/api.w.org\/{rel}","templated":true}]}}