{"id":68640,"date":"2024-07-26T16:43:02","date_gmt":"2024-07-26T19:43:02","guid":{"rendered":"https:\/\/grandepremio.com\/br\/noticias\/red-bull-pressiona-sergio-perez-assume-sera-dificil-max-verstappen-vencer-belgica\/"},"modified":"2024-07-26T16:46:21","modified_gmt":"2024-07-26T19:46:21","slug":"red-bull-pressiona-sergio-perez-assume-sera-dificil-max-verstappen-vencer-belgica","status":"publish","type":"post","link":"https:\/\/grandepremio.com\/br\/f1\/red-bull-pressiona-sergio-perez-assume-sera-dificil-max-verstappen-vencer-belgica\/","title":{"rendered":"Red Bull pressiona P\u00e9rez e assume que &#8220;ser\u00e1 dif\u00edcil&#8221; para Verstappen vencer na B\u00e9lgica"},"content":{"rendered":"\n<p class=\"wp-block-paragraph\">De acordo com <strong>Helmut Marko<\/strong>, as mudan\u00e7as feitas pela <strong>Red Bull<\/strong> na configura\u00e7\u00e3o do <strong>RB20<\/strong> entre o TL1 e o TL2 dificultaram a vida de <strong>Max Verstappen<\/strong> durante a \u00faltima atividade de pista desta sexta-feira (26), em <strong>Spa-Francorchamps<\/strong>. Quanto ao desempenho de <strong>Sergio P\u00e9rez<\/strong>, o consultor n\u00e3o quis tecer maiores coment\u00e1rios, mas espera que o mexicano conquiste alguns &#8220;pontos razo\u00e1veis&#8221; no <strong>GP da B\u00e9lgica<\/strong>.<\/p>\n\n\n\n<p class=\"wp-block-paragraph\">Depois de ser o <a href=\"https:\/\/www.grandepremio.com\/br\/f1\/noticias\/max-verstappen-inicia-contencao-danos-lidera-treino-livre-1-gp-belgica-folga\/\">mais r\u00e1pido na sess\u00e3o matinal<\/a>, o dono do #1 cravou 1min42s477 como volta mais r\u00e1pida no <a href=\"https:\/\/www.grandepremio.com\/br\/f1\/noticias\/lando-norris-mostra-forca-lidera-1-2-mclaren-tl2-gp-da-belgica-max-verstappen-3-formula-1\/\">segundo treino livre<\/a> e teve de se contentar com o terceiro lugar, ficando 0s217 atr\u00e1s de <strong>Lando Norris<\/strong> e com apenas 0s002 de desvantagem para <strong>Oscar Piastri<\/strong>, dupla da <strong>McLaren<\/strong>. Marko, por\u00e9m, admitiu que o time de Milton Keynes errou ao executar mudan\u00e7as no b\u00f3lido do tricampe\u00e3o.<\/p>\n\n\n\n<p class=\"wp-block-paragraph\">&#8220;N\u00f3s mudamos a configura\u00e7\u00e3o que usamos pela manh\u00e3 \u2014 e acredito que aquela era melhor. \u00c9 dif\u00edcil, mas foi o que fizemos&#8221;, disse o austr\u00edaco de 81 anos ao portal <em>Planet F1<\/em>. O consultor ainda afirmou que &#8220;ser\u00e1 muito dif\u00edcil&#8221; para Verstappen vencer a corrida, considerando a <a href=\"https:\/\/www.grandepremio.com\/br\/f1\/noticias\/max-verstappen-perde-10-posicoes-grid-gp-belgica-red-bull-trocar-motor\/\">puni\u00e7\u00e3o de dez posi\u00e7\u00f5es no grid de largada<\/a> por ter trocado componentes da unidade de pot\u00eancia.<\/p>\n\n\n\n<p class=\"wp-block-paragraph\">&#8220;Mas vamos ver se conseguimos fazer algumas mudan\u00e7as. S\u00f3 precisamos encontrar o equil\u00edbrio certo no carro, pois somos os \u00fanicos que podem competir contra as McLaren, o que \u00e9 bom&#8221;, acrescentou Marko.<\/p>\n\n\n\n<figure class=\"wp-block-image size-large\"><img decoding=\"async\" src=\"https:\/\/www.grandepremio.com\/br\/wp-content\/uploads\/2024\/07\/belgica-2024-f1-treino-livre-red-bull-max-verstappen-03-1-1200x800.jpg\" alt=\"\" class=\"wp-image-846515\"\/><figcaption class=\"wp-element-caption\">Max Verstappen terminou o dia como terceiro mais r\u00e1pido na B\u00e9lgica (Foto: Red Bull Content Pool)<\/figcaption><\/figure>\n\n\n\n<p class=\"wp-block-paragraph\"><strong><img decoding=\"async\" src=\"https:\/\/a.slack-edge.com\/production-standard-emoji-assets\/14.0\/google-medium\/25b6-fe0f.png\" alt=\":seta_para_frente:\">\u00a0Inscreva-se nos dois canais do GRANDE PR\u00caMIO no YouTube:\u00a0<a href=\"https:\/\/www.youtube.com\/channel\/UC9OlHEgxoaY6QY6nWPoiqQg?sub_confirmation=1\" target=\"_blank\" rel=\"noreferrer noopener\">GP<\/a>\u00a0|\u00a0<a href=\"https:\/\/www.youtube.com\/channel\/UC9csiS6q_C3C0FYhyr1rnFA?sub_confirmation=1\" target=\"_blank\" rel=\"noreferrer noopener\">GP2<\/a><\/strong><br><strong><img decoding=\"async\" src=\"https:\/\/a.slack-edge.com\/production-standard-emoji-assets\/14.0\/google-medium\/25b6-fe0f.png\" alt=\":seta_para_frente:\">\u00a0LEIA TAMB\u00c9M:\u00a0<a href=\"https:\/\/www.grandepremio.com\/br\/f1\/noticias\/renault-confirma-saida-f1-final-2025-abre-caminho-uniao-alpine-mercedes\/\">Renault confirma sa\u00edda da F1 ao final de 2025 e abre caminho para uni\u00e3o Alpine-Mercedes<\/a><\/strong><\/p>\n\n\n\n<p class=\"wp-block-paragraph\">P\u00e9rez, por sua vez, terminou o primeiro dia de atividades no circuito belga na nona coloca\u00e7\u00e3o, mais de 1s atr\u00e1s do tempo do companheiro de equipe. Entretanto, Helmut reconheceu que n\u00e3o h\u00e1 motivos para alarde, j\u00e1 que Checo estava trabalhando em um programa diferente do de Verstappen.<\/p>\n\n\n\n<p class=\"wp-block-paragraph\">&#8220;Quer dizer, essa n\u00e3o \u00e9 a classifica\u00e7\u00e3o final, mas eles estavam utilizando configura\u00e7\u00f5es diferentes, ent\u00e3o \u00e9 dif\u00edcil comparar&#8221;, explicou. Mas o consultor da Red Bull deixou claro que espera que Sergio &#8220;esteja mais pr\u00f3ximo de Max, ou que ganhe pontos razo\u00e1veis&#8221; para a escuderia dos energ\u00e9ticos no fim de semana.<\/p>\n\n\n\n<p class=\"wp-block-paragraph\">O\u00a0<strong>GRANDE PR\u00caMIO<\/strong>\u00a0acompanha\u00a0<strong>AO VIVO<\/strong>\u00a0e\u00a0<strong>EM\u00a0<a href=\"https:\/\/www.grandepremio.com\/br\/ao-vivo\/\" target=\"_blank\" rel=\"noreferrer noopener\">TEMPO REAL<\/a><\/strong>\u00a0todas as atividades do\u00a0<strong>GP da B\u00e9lgica<\/strong>\u00a0de\u00a0<strong><a href=\"https:\/\/www.grandepremio.com\/br\/f1\/\" target=\"_blank\" rel=\"noreferrer noopener\">F\u00f3rmula 1<\/a><\/strong>\u00a0e transmite classifica\u00e7\u00e3o e corrida em segunda tela, em parceria com a\u00a0<strong>Voz do Esporte<\/strong>, na\u00a0<strong>GPTV<\/strong>, o canal do\u00a0<strong>GP<\/strong>\u00a0no\u00a0<strong>Youtube<\/strong>. Al\u00e9m disso, debate tudo que aconteceu na pista com o\u00a0<strong>Briefing<\/strong>\u00a0ap\u00f3s treinos livres e classifica\u00e7\u00e3o, al\u00e9m de antes e depois da corrida. No s\u00e1bado, \u00e0s 7h30 (de Bras\u00edlia, GMT-3), acontece o TL3, ao passo que a classifica\u00e7\u00e3o ser\u00e1 \u00e0s 11h. Por fim, no domingo, os pilotos disputam a corrida em\u00a0<strong><a href=\"https:\/\/www.grandepremio.com\/br\/circuito\/spa-francorchamps\/\" target=\"_blank\" rel=\"noreferrer noopener\">Spa-Francorchamps<\/a><\/strong>\u00a0a partir das\u00a010h.<\/p>\n\n\n\n<figure class=\"wp-block-embed is-type-video is-provider-youtube wp-block-embed-youtube wp-embed-aspect-16-9 wp-has-aspect-ratio\"><div class=\"wp-block-embed__wrapper\">\n<iframe loading=\"lazy\" title=\"NORRIS-PIASTRI DOMINAM, VERSTAPPEN PUNIDO e FORTE: GP da B\u00c9LGICA F1 | treinos livres | Briefing\" width=\"500\" height=\"281\" src=\"https:\/\/www.youtube.com\/embed\/uCQBXb0ZpOE?feature=oembed\" frameborder=\"0\" allow=\"accelerometer; autoplay; clipboard-write; encrypted-media; gyroscope; picture-in-picture; web-share\" referrerpolicy=\"strict-origin-when-cross-origin\" allowfullscreen><\/iframe>\n<\/div><\/figure>\n","protected":false},"excerpt":{"rendered":"<p>Helmut Marko ainda reconheceu erro da Red Bull ao mudar as configura\u00e7\u00f5es do RB20 de Max Verstappen entre os treinos livres em Spa-Francorchamps. Para Sergio P\u00e9rez, apenas a expectativa de que some &#8220;pontos razo\u00e1veis&#8221;<\/p>\n","protected":false},"author":0,"featured_media":1000789432,"comment_status":"closed","ping_status":"closed","sticky":false,"template":"","format":"standard","meta":{"42wp_featured_image_caption":"","42wp_featured_image_credits":"","42wp_featured_video":"","42wp_featured_image_hidden":false,"42wp_authors_list":[],"footnotes":""},"categories":[2],"tags":[5660,969,147,3230,642,160,180,30909,22936,40390,1491,30103,28285,258,203,204,3132,108],"42wp_author":[47160],"class_list":["post-68640","post","type-post","status-publish","format-standard","has-post-thumbnail","hentry","category-f1","tag-classificacao","tag-corrida","tag-f1","tag-f1-2024","tag-f1-ao-vivo","tag-f1-tv","tag-formula-1","tag-formula-1-2024","tag-gp-da-belgica","tag-gp-da-belgica-2024","tag-grande-premio","tag-grande-premio-f1","tag-grandepremio","tag-helmut-marko","tag-max-verstappen","tag-red-bull","tag-sergio-perez","tag-spa-francorchamps","42wp_author-vicente-soella"],"_links":{"self":[{"href":"https:\/\/grandepremio.com\/br\/wp-json\/wp\/v2\/posts\/68640","targetHints":{"allow":["GET"]}}],"collection":[{"href":"https:\/\/grandepremio.com\/br\/wp-json\/wp\/v2\/posts"}],"about":[{"href":"https:\/\/grandepremio.com\/br\/wp-json\/wp\/v2\/types\/post"}],"replies":[{"embeddable":true,"href":"https:\/\/grandepremio.com\/br\/wp-json\/wp\/v2\/comments?post=68640"}],"version-history":[{"count":0,"href":"https:\/\/grandepremio.com\/br\/wp-json\/wp\/v2\/posts\/68640\/revisions"}],"wp:featuredmedia":[{"embeddable":true,"href":"https:\/\/grandepremio.com\/br\/wp-json\/wp\/v2\/media\/1000789432"}],"wp:attachment":[{"href":"https:\/\/grandepremio.com\/br\/wp-json\/wp\/v2\/media?parent=68640"}],"wp:term":[{"taxonomy":"category","embeddable":true,"href":"https:\/\/grandepremio.com\/br\/wp-json\/wp\/v2\/categories?post=68640"},{"taxonomy":"post_tag","embeddable":true,"href":"https:\/\/grandepremio.com\/br\/wp-json\/wp\/v2\/tags?post=68640"},{"taxonomy":"42wp_author","embeddable":true,"href":"https:\/\/grandepremio.com\/br\/wp-json\/wp\/v2\/42wp_author?post=68640"}],"curies":[{"name":"wp","href":"https:\/\/api.w.org\/{rel}","templated":true}]}}