{"id":68664,"date":"2024-07-26T15:21:46","date_gmt":"2024-07-26T18:21:46","guid":{"rendered":"https:\/\/grandepremio.com\/br\/noticias\/charles-leclerc-dia-dificil-entender-forcas-spa-adianta-nao-temos-magica-formula-1\/"},"modified":"2024-07-26T20:18:11","modified_gmt":"2024-07-26T23:18:11","slug":"charles-leclerc-dia-dificil-entender-forcas-spa-adianta-nao-temos-magica-formula-1","status":"publish","type":"post","link":"https:\/\/grandepremio.com\/br\/f1\/charles-leclerc-dia-dificil-entender-forcas-spa-adianta-nao-temos-magica-formula-1\/","title":{"rendered":"Leclerc v\u00ea dia &#8220;dif\u00edcil para entender&#8221; for\u00e7as em Spa, mas adianta: &#8220;N\u00e3o temos m\u00e1gica&#8221;"},"content":{"rendered":"\n<p class=\"wp-block-paragraph\">Os dois primeiros treinos livres do <strong>GP da B\u00e9lgica<\/strong> de <strong><a href=\"https:\/\/www.grandepremio.com\/br\/f1\/\">F\u00f3rmula 1<\/a><\/strong>, realizados nesta sexta-feira (26), mostraram <strong>McLaren<\/strong> fort\u00edssima na pista de<strong> Spa-Francorchamps<\/strong> e a <strong>Red Bull<\/strong> acompanhando de perto. Mas a situa\u00e7\u00e3o da <strong>Ferrari<\/strong> continua de dist\u00e2ncia para as duas equipes com melhores carros do campeonato no momento. <strong>Charles Leclerc<\/strong>, inclusive, j\u00e1 adianta que nenhuma solu\u00e7\u00e3o revolucion\u00e1ria ser\u00e1 encontrada para classifica\u00e7\u00e3o e corrida.<\/p>\n\n\n\n<p class=\"wp-block-paragraph\">Leclerc, que ficou com a quarta coloca\u00e7\u00e3o no <strong><a href=\"https:\/\/www.grandepremio.com\/br\/f1\/noticias\/lando-norris-mostra-forca-lidera-1-2-mclaren-tl2-gp-da-belgica-max-verstappen-3-formula-1\/\">segundo treino livre<\/a><\/strong> &#8211; tradicionalmente o mais importante dos treinos por ser realizado no mesmo hor\u00e1rio de classifica\u00e7\u00e3o e corrida -, enquanto <strong>Carlos Sainz<\/strong> ficou com o quinto posto. A impress\u00e3o \u00e9 de que a briga ser\u00e1 mesmo com a Mercedes para saber quem ser\u00e1 a terceira for\u00e7a.<\/p>\n\n\n\n<p class=\"wp-block-paragraph\">Contudo, Leclerc minimizou o resultado e disse que foi especialmente complicado para entender quais os n\u00edveis reais de cada equipe. De qualquer maneira, destacou a necessidade de modular o ajuste do carro de maneira a que possa funcionar tanto em pista molhada quanto seca, visto que as condi\u00e7\u00f5es esperadas para o tempo s\u00e3o bem diferentes do s\u00e1bado para o domingo.<\/p>\n\n\n\n<p class=\"wp-block-paragraph\">&#8220;Dia muito dif\u00edcil para entender as coisas. Muitas diferen\u00e7as de ritmo em condi\u00e7\u00f5es ou pneus distintos. Todo mundo estava num plano diferente entre si. J\u00e1 faz uns anos que \u00e9 dif\u00edcil entender o panorama na sexta-feira, mas hoje foi ainda mais dif\u00edcil&#8217;, opinou.<\/p>\n\n\n\n<figure class=\"wp-block-image size-large\"><img decoding=\"async\" src=\"https:\/\/www.grandepremio.com\/br\/wp-content\/uploads\/2024\/07\/belgica-2024-f1-treino-livre-ferrari-charles-leclerc-02-1-1200x800.jpg\" alt=\"\" class=\"wp-image-846488\"\/><figcaption class=\"wp-element-caption\">Charles Leclerc com a Ferrari em Spa (Foto: Ferrari)<\/figcaption><\/figure>\n\n\n\n<p class=\"wp-block-paragraph\">&#8220;Temos de concentrar as for\u00e7as em n\u00f3s mesmos e encontrar o meio-termo entre o que ser\u00e1 necess\u00e1rio para amanh\u00e3, quando provavelmente teremos pista molhada, para domingo, quando a pista estar\u00e1 seca. Mas ainda temos muitas reuni\u00f5es e espero que consigamos encontrar esses ajustes&#8221;, seguiu.<\/p>\n\n\n\n<p class=\"wp-block-paragraph\">&#8220;Infelizmente, aqui estamos com dificuldades, se a compara\u00e7\u00e3o for com a McLaren, basicamente em toda a pista. N\u00e3o temos solu\u00e7\u00f5es m\u00e1gicas para amanh\u00e3, mas daremos o melhor. \u00c9 a \u00faltima corrida antes das f\u00e9rias, ent\u00e3o queremos terminar em alta&#8221;, finalizou.<\/p>\n\n\n\n<p class=\"wp-block-paragraph\">O\u00a0<strong>GRANDE PR\u00caMIO<\/strong>\u00a0acompanha\u00a0<strong>AO VIVO<\/strong>\u00a0e\u00a0<strong>EM\u00a0<a href=\"https:\/\/www.grandepremio.com\/br\/ao-vivo\/\" target=\"_blank\" rel=\"noreferrer noopener\">TEMPO REAL<\/a><\/strong>\u00a0todas as atividades do\u00a0<strong>GP da B\u00e9lgica<\/strong>\u00a0de\u00a0<strong><a href=\"https:\/\/www.grandepremio.com\/br\/f1\/\" target=\"_blank\" rel=\"noreferrer noopener\">F\u00f3rmula 1<\/a><\/strong>\u00a0e transmite classifica\u00e7\u00e3o e corrida em segunda tela, em parceria com a\u00a0<strong>Voz do Esporte<\/strong>, na\u00a0<strong>GPTV<\/strong>, o canal do\u00a0<strong>GP<\/strong>\u00a0no\u00a0<strong>Youtube<\/strong>. Al\u00e9m disso, debate tudo que aconteceu na pista com o\u00a0<strong>Briefing<\/strong>\u00a0ap\u00f3s treinos livres e classifica\u00e7\u00e3o, al\u00e9m de antes e depois da corrida. No s\u00e1bado, \u00e0s 7h30 (de Bras\u00edlia, GMT-3), acontece o TL3, ao passo que a classifica\u00e7\u00e3o ser\u00e1 \u00e0s 11h. Por fim, no domingo, os pilotos disputam a corrida em\u00a0<strong><a href=\"https:\/\/www.grandepremio.com\/br\/circuito\/spa-francorchamps\/\" target=\"_blank\" rel=\"noreferrer noopener\">Spa-Francorchamps<\/a><\/strong>\u00a0a partir das\u00a010h.<\/p>\n\n\n\n<p class=\"wp-block-paragraph\"><strong><strong>\u25b6\ufe0f<\/strong>\u00a0Inscreva-se nos dois canais do GRANDE PR\u00caMIO no YouTube:\u00a0<a href=\"https:\/\/www.youtube.com\/channel\/UC9OlHEgxoaY6QY6nWPoiqQg?sub_confirmation=1\" target=\"_blank\" rel=\"noreferrer noopener\">GP<\/a>\u00a0|\u00a0<a href=\"https:\/\/www.youtube.com\/channel\/UC9csiS6q_C3C0FYhyr1rnFA?sub_confirmation=1\" target=\"_blank\" rel=\"noreferrer noopener\">GP2<\/a><\/strong><br><strong><strong>\u25b6\ufe0f<\/strong>\u00a0LEIA TAMB\u00c9M:\u00a0<a href=\"https:\/\/www.grandepremio.com\/br\/f1\/noticias\/red-bull-alerta-max-verstappen-diz-nada-esta-garantido-briga-pelo-titulo-f1-2024\/\">Red Bull alerta Verstappen e diz que \u201cnada est\u00e1 garantido\u201d na briga pelo t\u00edtulo da F1 2024<\/a><\/strong><\/p>\n\n\n\n<figure class=\"wp-block-embed is-type-video is-provider-youtube wp-block-embed-youtube wp-embed-aspect-16-9 wp-has-aspect-ratio\"><div class=\"wp-block-embed__wrapper\">\n<iframe loading=\"lazy\" title=\"NORRIS-PIASTRI DOMINAM, VERSTAPPEN PUNIDO e FORTE: GP da B\u00c9LGICA F1 | treinos livres | Briefing\" width=\"500\" height=\"281\" src=\"https:\/\/www.youtube.com\/embed\/uCQBXb0ZpOE?feature=oembed\" frameborder=\"0\" allow=\"accelerometer; autoplay; clipboard-write; encrypted-media; gyroscope; picture-in-picture; web-share\" referrerpolicy=\"strict-origin-when-cross-origin\" allowfullscreen><\/iframe>\n<\/div><figcaption class=\"wp-element-caption\">GP DA B\u00c9LGICA F1 2024 AO VIVO: tudo sobre os treinos livres | Briefing<\/figcaption><\/figure>\n","protected":false},"excerpt":{"rendered":"<p>Charles Leclerc saiu do segundo treino livre na B\u00e9lgica dizendo que foi dif\u00edcil captar a ordem de for\u00e7as, mas foi claro: Ferrari n\u00e3o encontrou nada espetacular para oferecer<\/p>\n","protected":false},"author":0,"featured_media":1000846490,"comment_status":"closed","ping_status":"closed","sticky":false,"template":"","format":"standard","meta":{"42wp_featured_image_caption":"","42wp_featured_image_credits":"","42wp_featured_video":"","42wp_featured_image_hidden":false,"42wp_authors_list":[],"footnotes":""},"categories":[2],"tags":[209,5660,3230,642,207,40436,35558,22936,489,108],"42wp_author":[47120],"class_list":["post-68664","post","type-post","status-publish","format-standard","has-post-thumbnail","hentry","category-f1","tag-charles-leclerc","tag-classificacao","tag-f1-2024","tag-f1-ao-vivo","tag-ferrari","tag-fim-de-semana-belgica","tag-gp-belgica","tag-gp-da-belgica","tag-spa","tag-spa-francorchamps","42wp_author-pedro-henrique-marum"],"_links":{"self":[{"href":"https:\/\/grandepremio.com\/br\/wp-json\/wp\/v2\/posts\/68664","targetHints":{"allow":["GET"]}}],"collection":[{"href":"https:\/\/grandepremio.com\/br\/wp-json\/wp\/v2\/posts"}],"about":[{"href":"https:\/\/grandepremio.com\/br\/wp-json\/wp\/v2\/types\/post"}],"replies":[{"embeddable":true,"href":"https:\/\/grandepremio.com\/br\/wp-json\/wp\/v2\/comments?post=68664"}],"version-history":[{"count":0,"href":"https:\/\/grandepremio.com\/br\/wp-json\/wp\/v2\/posts\/68664\/revisions"}],"wp:featuredmedia":[{"embeddable":true,"href":"https:\/\/grandepremio.com\/br\/wp-json\/wp\/v2\/media\/1000846490"}],"wp:attachment":[{"href":"https:\/\/grandepremio.com\/br\/wp-json\/wp\/v2\/media?parent=68664"}],"wp:term":[{"taxonomy":"category","embeddable":true,"href":"https:\/\/grandepremio.com\/br\/wp-json\/wp\/v2\/categories?post=68664"},{"taxonomy":"post_tag","embeddable":true,"href":"https:\/\/grandepremio.com\/br\/wp-json\/wp\/v2\/tags?post=68664"},{"taxonomy":"42wp_author","embeddable":true,"href":"https:\/\/grandepremio.com\/br\/wp-json\/wp\/v2\/42wp_author?post=68664"}],"curies":[{"name":"wp","href":"https:\/\/api.w.org\/{rel}","templated":true}]}}