{"id":68690,"date":"2024-07-26T14:23:18","date_gmt":"2024-07-26T17:23:18","guid":{"rendered":"https:\/\/grandepremio.com\/br\/noticias\/red-bull-cobra-fim-semana-bom-permanencia-sergio-perez-nas-maos-dele\/"},"modified":"2024-07-26T15:09:28","modified_gmt":"2024-07-26T18:09:28","slug":"red-bull-cobra-fim-semana-bom-permanencia-sergio-perez-nas-maos-dele","status":"publish","type":"post","link":"https:\/\/grandepremio.com\/br\/f1\/red-bull-cobra-fim-semana-bom-permanencia-sergio-perez-nas-maos-dele\/","title":{"rendered":"Red Bull cobra &#8220;fim de semana bom&#8221; e diz que perman\u00eancia de P\u00e9rez &#8220;est\u00e1 nas m\u00e3os dele&#8221;"},"content":{"rendered":"\n<p class=\"wp-block-paragraph\">Praticamente em contagem regressiva para se ver diante de uma rescis\u00e3o de contrato, <strong>Sergio P\u00e9rez<\/strong> recebeu novo ultimato da c\u00fapula da <strong>Red Bull<\/strong>, agora vindo de um dos principais defensores: <strong>Christian Horner<\/strong>. O chefe dos taurinos foi enf\u00e1tico ao dizer que o mexicano precisa de um bom fim de semana na <strong>B\u00e9lgica<\/strong>, j\u00e1 que \u00e9 ele mesmo quem tem &#8220;o futuro nas m\u00e3os&#8221;.<\/p>\n\n\n\n<p class=\"wp-block-paragraph\">P\u00e9rez vem de uma s\u00e9rie de etapas oscilantes na <strong>temporada 2024<\/strong>, sobretudo em classifica\u00e7\u00f5es. Na <strong>Hungria<\/strong>, apesar do s\u00e9timo lugar na corrida, largou apenas em 16\u00ba depois de cair novamente no <strong>Q1<\/strong>. <\/p>\n\n\n\n<p class=\"wp-block-paragraph\">A quest\u00e3o \u00e9 que a <strong>McLaren<\/strong> surge cada vez mais forte, com <strong>Lando Norris<\/strong> e <strong>Oscar Piastri<\/strong> em performances mais consistentes e que deixam o <strong>Mundial de Construtores<\/strong> aberto. A diferen\u00e7a, no momento, \u00e9 de 51 pontos.<\/p>\n\n\n\n<p class=\"wp-block-paragraph\">Para completar, a troca do motor de combust\u00e3o interna far\u00e1 <strong>Max Verstappen<\/strong> pagar dez posi\u00e7\u00f5es no grid da corrida de domingo (28), portanto P\u00e9rez precisa se classificar bem para impedir que o duo papaia desconte muitos pontos j\u00e1 em<strong> Spa-Francorchamps<\/strong>.<\/p>\n\n\n\n<figure class=\"wp-block-image size-large\"><img decoding=\"async\" src=\"https:\/\/www.grandepremio.com\/br\/wp-content\/uploads\/2024\/07\/belgica-2024-f1-treino-livre-red-bull-sergio-perez-01-1-1200x796.jpg\" alt=\"\" class=\"wp-image-846518\"\/><figcaption class=\"wp-element-caption\">Com Verstappen punido, P\u00e9rez precisa compensar preju\u00edzo da Red Bull frente \u00e0 McLaren (Foto: Red Bull Content Pool)<\/figcaption><\/figure>\n\n\n\n<p class=\"wp-block-paragraph\">\u00c0 <em>Sky Sports It\u00e1lia<\/em>, Horner foi direto: &#8220;O futuro do Checo est\u00e1 nas m\u00e3os dele. Ele precisa ter um bom fim de semana, porque precisamos dos pontos dele para o Mundial de Construtores e a McLaren se recuperou muito nas \u00faltimas corridas. Precisamos que ele volte ao n\u00edvel das quatro ou cinco primeiras corridas.&#8221;<\/p>\n\n\n\n<p class=\"wp-block-paragraph\">\u201cNas pr\u00f3ximas 11 vamos ter de defender o t\u00edtulo de Construtores, por isso precisamos de dois pilotos capazes de somar pontos, portanto a experi\u00eancia \u00e9 importante\u201d, insistiu, acrescentando ainda que os recentes acidentes sofridos por P\u00e9rez tamb\u00e9m criam um fator extra de dificuldade para a base em Milton Keynes.<\/p>\n\n\n\n<p class=\"wp-block-paragraph\">&#8220;A equipe est\u00e1 trabalhando arduamente para trazer novas pe\u00e7as, e os acidentes adicionam press\u00e3o extra tanto no desenvolvimento quanto no limite do or\u00e7amento. A equipe fez um \u00f3timo trabalho para compensar isso, e esta \u00e9 uma etapa importante para o campeonato. As pr\u00f3ximas quatro, cinco corridas ser\u00e3o cruciais&#8221;, concluiu.<\/p>\n\n\n\n<p class=\"wp-block-paragraph\">O\u00a0<strong>GRANDE PR\u00caMIO<\/strong>\u00a0acompanha\u00a0<strong>AO VIVO<\/strong>\u00a0e\u00a0<strong>EM\u00a0<a href=\"https:\/\/www.grandepremio.com\/br\/ao-vivo\/\" target=\"_blank\" rel=\"noreferrer noopener\">TEMPO REAL<\/a><\/strong>\u00a0todas as atividades do\u00a0<strong>GP da B\u00e9lgica<\/strong>\u00a0de\u00a0<strong><a href=\"https:\/\/www.grandepremio.com\/br\/f1\/\" target=\"_blank\" rel=\"noreferrer noopener\">F\u00f3rmula 1<\/a><\/strong>\u00a0e transmite classifica\u00e7\u00e3o e corrida em segunda tela, em parceria com a\u00a0<strong>Voz do Esporte<\/strong>, na\u00a0<strong>GPTV<\/strong>, o canal do\u00a0<strong>GP<\/strong>\u00a0no\u00a0<strong>Youtube<\/strong>. Al\u00e9m disso, debate tudo que aconteceu na pista com o\u00a0<strong>Briefing<\/strong>\u00a0ap\u00f3s treinos livres e classifica\u00e7\u00e3o, al\u00e9m de antes e depois da corrida. No s\u00e1bado, \u00e0s 7h30 (de Bras\u00edlia, GMT-3), acontece o TL3, ao passo que a classifica\u00e7\u00e3o ser\u00e1 \u00e0s 11h. Por fim, no domingo, os pilotos disputam a corrida em\u00a0<strong><a href=\"https:\/\/www.grandepremio.com\/br\/circuito\/spa-francorchamps\/\" target=\"_blank\" rel=\"noreferrer noopener\">Spa-Francorchamps<\/a><\/strong>\u00a0a partir das\u00a010h.<\/p>\n\n\n\n<p class=\"wp-block-paragraph\"><strong><img decoding=\"async\" src=\"https:\/\/a.slack-edge.com\/production-standard-emoji-assets\/14.0\/google-medium\/25b6-fe0f.png\" alt=\":seta_para_frente:\">&nbsp;Inscreva-se nos dois canais do GRANDE PR\u00caMIO no YouTube:&nbsp;<a href=\"https:\/\/www.youtube.com\/channel\/UC9OlHEgxoaY6QY6nWPoiqQg?sub_confirmation=1\" target=\"_blank\" rel=\"noreferrer noopener\">GP<\/a>&nbsp;|&nbsp;<a href=\"https:\/\/www.youtube.com\/channel\/UC9csiS6q_C3C0FYhyr1rnFA?sub_confirmation=1\" target=\"_blank\" rel=\"noreferrer noopener\">GP2<\/a><\/strong><br><strong><img decoding=\"async\" src=\"https:\/\/a.slack-edge.com\/production-standard-emoji-assets\/14.0\/google-medium\/25b6-fe0f.png\" alt=\":seta_para_frente:\">&nbsp;LEIA TAMB\u00c9M:&nbsp;<a href=\"https:\/\/www.grandepremio.com\/br\/f1\/noticias\/red-bull-alerta-max-verstappen-diz-nada-esta-garantido-briga-pelo-titulo-f1-2024\/\">Red Bull alerta Verstappen e diz que \u201cnada est\u00e1 garantido\u201d na briga pelo t\u00edtulo da F1 2024<\/a><\/strong><\/p>\n\n\n\n<figure class=\"wp-block-embed is-type-video is-provider-youtube wp-block-embed-youtube wp-embed-aspect-16-9 wp-has-aspect-ratio\"><div class=\"wp-block-embed__wrapper\">\n<iframe loading=\"lazy\" title=\"NORRIS-PIASTRI DOMINAM, VERSTAPPEN PUNIDO e FORTE: GP da B\u00c9LGICA F1 | treinos livres | Briefing\" width=\"500\" height=\"281\" src=\"https:\/\/www.youtube.com\/embed\/uCQBXb0ZpOE?feature=oembed\" frameborder=\"0\" allow=\"accelerometer; autoplay; clipboard-write; encrypted-media; gyroscope; picture-in-picture; web-share\" referrerpolicy=\"strict-origin-when-cross-origin\" allowfullscreen><\/iframe>\n<\/div><\/figure>\n","protected":false},"excerpt":{"rendered":"<p>Christian Horner foi direto e disse que Sergio P\u00e9rez precisa ir bem na B\u00e9lgica frente \u00e0 amea\u00e7a real da McLaren no Mundial de Construtores, caso contr\u00e1rio, a perman\u00eancia do mexicano na Red Bull ser\u00e1 dif\u00edcil<\/p>\n","protected":false},"author":0,"featured_media":1000846251,"comment_status":"closed","ping_status":"closed","sticky":false,"template":"","format":"standard","meta":{"42wp_featured_image_caption":"","42wp_featured_image_credits":"","42wp_featured_video":"","42wp_featured_image_hidden":false,"42wp_authors_list":[],"footnotes":""},"categories":[2],"tags":[25062,26271,655,5273,147,3230,180,30909,22936,1491,28285,30840,35129,204,3132,108,40432,32260,33301],"42wp_author":[47147],"class_list":["post-68690","post","type-post","status-publish","format-standard","has-post-thumbnail","hentry","category-f1","tag-belgica","tag-calendario-f1","tag-christian-horner","tag-classificacao-f1","tag-f1","tag-f1-2024","tag-formula-1","tag-formula-1-2024","tag-gp-da-belgica","tag-grande-premio","tag-grandepremio","tag-horarios-f1","tag-onde-assistir-f1","tag-red-bull","tag-sergio-perez","tag-spa-francorchamps","tag-spa-francorchamps-2024","tag-spa-francorchamps-f1","tag-temporada-2024-f1","42wp_author-luana-marino"],"_links":{"self":[{"href":"https:\/\/grandepremio.com\/br\/wp-json\/wp\/v2\/posts\/68690","targetHints":{"allow":["GET"]}}],"collection":[{"href":"https:\/\/grandepremio.com\/br\/wp-json\/wp\/v2\/posts"}],"about":[{"href":"https:\/\/grandepremio.com\/br\/wp-json\/wp\/v2\/types\/post"}],"replies":[{"embeddable":true,"href":"https:\/\/grandepremio.com\/br\/wp-json\/wp\/v2\/comments?post=68690"}],"version-history":[{"count":0,"href":"https:\/\/grandepremio.com\/br\/wp-json\/wp\/v2\/posts\/68690\/revisions"}],"wp:featuredmedia":[{"embeddable":true,"href":"https:\/\/grandepremio.com\/br\/wp-json\/wp\/v2\/media\/1000846251"}],"wp:attachment":[{"href":"https:\/\/grandepremio.com\/br\/wp-json\/wp\/v2\/media?parent=68690"}],"wp:term":[{"taxonomy":"category","embeddable":true,"href":"https:\/\/grandepremio.com\/br\/wp-json\/wp\/v2\/categories?post=68690"},{"taxonomy":"post_tag","embeddable":true,"href":"https:\/\/grandepremio.com\/br\/wp-json\/wp\/v2\/tags?post=68690"},{"taxonomy":"42wp_author","embeddable":true,"href":"https:\/\/grandepremio.com\/br\/wp-json\/wp\/v2\/42wp_author?post=68690"}],"curies":[{"name":"wp","href":"https:\/\/api.w.org\/{rel}","templated":true}]}}