{"id":68698,"date":"2024-07-26T14:19:42","date_gmt":"2024-07-26T17:19:42","guid":{"rendered":"https:\/\/grandepremio.com\/br\/noticias\/fernando-alonso-desconversa-sobre-ritmo-aston-martin-em-spa-dificil-tirar-conclusoes\/"},"modified":"2024-07-26T14:21:55","modified_gmt":"2024-07-26T17:21:55","slug":"fernando-alonso-desconversa-sobre-ritmo-aston-martin-em-spa-dificil-tirar-conclusoes","status":"publish","type":"post","link":"https:\/\/grandepremio.com\/br\/f1\/fernando-alonso-desconversa-sobre-ritmo-aston-martin-em-spa-dificil-tirar-conclusoes\/","title":{"rendered":"Alonso desconversa sobre ritmo da Aston Martin em Spa: \u201cDif\u00edcil tirar conclus\u00f5es\u201d"},"content":{"rendered":"\n<p class=\"wp-block-paragraph\"><strong>Fernando Alonso<\/strong> terminou <a href=\"https:\/\/www.grandepremio.com\/br\/f1\/noticias\/lando-norris-mostra-forca-lidera-1-2-mclaren-tl2-gp-da-belgica-max-verstappen-3-formula-1\/\">o primeiro dia de atividades do <strong>GP da B\u00e9lgica<\/strong> apenas na 12\u00aa coloca\u00e7\u00e3o<\/a>, mas evitou tirar conclus\u00f5es precipitadas sobre o desempenho da <strong>Aston Martin<\/strong>. O bicampe\u00e3o afirmou que, antes de comentar sobre o real potencial do <strong>AMR24<\/strong>, \u00e9 preciso se reunir com a equipe e analisar todos os dados coletados.<\/p>\n\n\n\n<p class=\"wp-block-paragraph\">A <strong>Aston Martin<\/strong> viveu um per\u00edodo delicado na temporada 2024 em que <strong>Alonso <\/strong>chegou a <a href=\"https:\/\/www.grandepremio.com\/br\/f1\/noticias\/fernando-alonso-perde-paciencia-aston-martin-dispara-precisa-entregar-mais-falar-menos\/\">cobrar a equipe publicamente<\/a>. Embora tenha dado um sinal de rea\u00e7\u00e3o na <strong>Hungria <\/strong>\u2014 apesar da pouca pontua\u00e7\u00e3o marcada por causa de um erro na estrat\u00e9gia \u2014, o time liderado por <strong>Mike Krack<\/strong> voltou a figurar no meio do pelot\u00e3o durante os treinos livres realizados em <strong>Spa-Francorchamps<\/strong>.<\/p>\n\n\n\n<p class=\"wp-block-paragraph\">Depois de ficar apenas com o 12\u00ba tempo no TL2, enquanto o companheiro Lance Stroll foi 11\u00ba, Alonso evitou comentar sobre o verdadeiro potencial da equipe para o restante do fim de semana do GP da B\u00e9lgica.<\/p>\n\n\n\n<p class=\"wp-block-paragraph\">\u201cDif\u00edcil dizer, acabamos de terminar o TL2 e j\u00e1 viemos para as entrevistas, ent\u00e3o ainda n\u00e3o posso tirar muitas conclus\u00f5es antes de reunir com a equipe e analisar todos os dados\u201d, disse Fernando.<\/p>\n\n\n\n<figure class=\"wp-block-image size-large\"><img decoding=\"async\" src=\"https:\/\/www.grandepremio.com\/br\/wp-content\/uploads\/2024\/07\/belgica-2024-f1-treino-livre-aston-martin-fernando-alonso-02-1-1200x675.jpg\" alt=\"\" class=\"wp-image-846478\"\/><figcaption class=\"wp-element-caption\">Fernando Alonso foi 12\u00ba no TL2 do GP da B\u00e9lgica (Foto: Aston Martin)<\/figcaption><\/figure>\n\n\n\n<p class=\"wp-block-paragraph\">\u201cSeguimos com o mesmo pensamento que tivemos ontem e na semana que antecedeu o come\u00e7o das atividades. O clima \u00e9 muito vari\u00e1vel, ent\u00e3o temos de ser muito precisos nas sess\u00f5es e acertar a configura\u00e7\u00e3o do carro para diferentes condi\u00e7\u00f5es. Mas \u00e9 um pensamento ainda parecido com o que conversamos com a equipe ontem\u201d, finalizou Alonso.<\/p>\n\n\n\n<p class=\"wp-block-paragraph\">O&nbsp;<strong>GRANDE PR\u00caMIO<\/strong>&nbsp;acompanha&nbsp;<strong>AO VIVO<\/strong>&nbsp;e&nbsp;<strong>EM&nbsp;<a href=\"https:\/\/www.grandepremio.com\/br\/ao-vivo\/\" target=\"_blank\" rel=\"noreferrer noopener\">TEMPO REAL<\/a><\/strong>&nbsp;todas as atividades do&nbsp;<strong>GP da B\u00e9lgica<\/strong>&nbsp;de&nbsp;<strong><a href=\"https:\/\/www.grandepremio.com\/br\/f1\/\" target=\"_blank\" rel=\"noreferrer noopener\">F\u00f3rmula 1<\/a><\/strong>&nbsp;e transmite classifica\u00e7\u00e3o e corrida em segunda tela, em parceria com a&nbsp;<strong>Voz do Esporte<\/strong>, na&nbsp;<strong>GPTV<\/strong>, o canal do&nbsp;<strong>GP<\/strong>&nbsp;no&nbsp;<strong>Youtube<\/strong>. Al\u00e9m disso, debate tudo que aconteceu na pista com o&nbsp;<strong>Briefing<\/strong>&nbsp;ap\u00f3s treinos livres e classifica\u00e7\u00e3o, al\u00e9m de antes e depois da corrida. No s\u00e1bado, \u00e0s 7h30 (de Bras\u00edlia, GMT-3), acontece o TL3, ao passo que a classifica\u00e7\u00e3o ser\u00e1 \u00e0s 11h. Por fim, no domingo, os pilotos disputam a corrida em&nbsp;<strong><a href=\"https:\/\/www.grandepremio.com\/br\/circuito\/spa-francorchamps\/\" target=\"_blank\" rel=\"noreferrer noopener\">Spa-Francorchamps<\/a><\/strong>&nbsp;a partir das&nbsp;10h.<\/p>\n\n\n\n<p class=\"wp-block-paragraph\"><strong><img decoding=\"async\" src=\"https:\/\/a.slack-edge.com\/production-standard-emoji-assets\/14.0\/google-medium\/25b6-fe0f.png\" alt=\":seta_para_frente:\">&nbsp;Inscreva-se nos dois canais do GRANDE PR\u00caMIO no YouTube:&nbsp;<a href=\"https:\/\/www.youtube.com\/channel\/UC9OlHEgxoaY6QY6nWPoiqQg?sub_confirmation=1\" target=\"_blank\" rel=\"noreferrer noopener\">GP<\/a>&nbsp;|&nbsp;<a href=\"https:\/\/www.youtube.com\/channel\/UC9csiS6q_C3C0FYhyr1rnFA?sub_confirmation=1\" target=\"_blank\" rel=\"noreferrer noopener\">GP2<\/a><\/strong><br><strong><img decoding=\"async\" src=\"https:\/\/a.slack-edge.com\/production-standard-emoji-assets\/14.0\/google-medium\/25b6-fe0f.png\" alt=\":seta_para_frente:\">&nbsp;LEIA TAMB\u00c9M:&nbsp;<a href=\"https:\/\/www.grandepremio.com\/br\/f1\/noticias\/red-bull-alerta-max-verstappen-diz-nada-esta-garantido-briga-pelo-titulo-f1-2024\/\">Red Bull alerta Verstappen e diz que \u201cnada est\u00e1 garantido\u201d na briga pelo t\u00edtulo da F1 2024<\/a><\/strong><\/p>\n\n\n\n<figure class=\"wp-block-embed is-type-video is-provider-youtube wp-block-embed-youtube wp-embed-aspect-16-9 wp-has-aspect-ratio\"><div class=\"wp-block-embed__wrapper\">\n<iframe loading=\"lazy\" title=\"NORRIS-PIASTRI DOMINAM, VERSTAPPEN PUNIDO e FORTE: GP da B\u00c9LGICA F1 | treinos livres | Briefing\" width=\"500\" height=\"281\" src=\"https:\/\/www.youtube.com\/embed\/uCQBXb0ZpOE?feature=oembed\" frameborder=\"0\" allow=\"accelerometer; autoplay; clipboard-write; encrypted-media; gyroscope; picture-in-picture; web-share\" referrerpolicy=\"strict-origin-when-cross-origin\" allowfullscreen><\/iframe>\n<\/div><\/figure>\n","protected":false},"excerpt":{"rendered":"<p>Ap\u00f3s uma sexta-feira de atividades em que n\u00e3o conseguiu ir al\u00e9m do 12\u00ba lugar, Fernando Alonso preferiu evitar coment\u00e1rios sobre o potencial da Aston Martin<\/p>\n","protected":false},"author":0,"featured_media":1000846255,"comment_status":"closed","ping_status":"closed","sticky":false,"template":"","format":"standard","meta":{"42wp_featured_image_caption":"","42wp_featured_image_credits":"","42wp_featured_video":"","42wp_featured_image_hidden":false,"42wp_authors_list":[],"footnotes":""},"categories":[2],"tags":[309,3230,176,30909,22936,1491,28285,108],"42wp_author":[47149],"class_list":["post-68698","post","type-post","status-publish","format-standard","has-post-thumbnail","hentry","category-f1","tag-aston-martin","tag-f1-2024","tag-fernando-alonso","tag-formula-1-2024","tag-gp-da-belgica","tag-grande-premio","tag-grandepremio","tag-spa-francorchamps","42wp_author-bernardo-castro"],"_links":{"self":[{"href":"https:\/\/grandepremio.com\/br\/wp-json\/wp\/v2\/posts\/68698","targetHints":{"allow":["GET"]}}],"collection":[{"href":"https:\/\/grandepremio.com\/br\/wp-json\/wp\/v2\/posts"}],"about":[{"href":"https:\/\/grandepremio.com\/br\/wp-json\/wp\/v2\/types\/post"}],"replies":[{"embeddable":true,"href":"https:\/\/grandepremio.com\/br\/wp-json\/wp\/v2\/comments?post=68698"}],"version-history":[{"count":0,"href":"https:\/\/grandepremio.com\/br\/wp-json\/wp\/v2\/posts\/68698\/revisions"}],"wp:featuredmedia":[{"embeddable":true,"href":"https:\/\/grandepremio.com\/br\/wp-json\/wp\/v2\/media\/1000846255"}],"wp:attachment":[{"href":"https:\/\/grandepremio.com\/br\/wp-json\/wp\/v2\/media?parent=68698"}],"wp:term":[{"taxonomy":"category","embeddable":true,"href":"https:\/\/grandepremio.com\/br\/wp-json\/wp\/v2\/categories?post=68698"},{"taxonomy":"post_tag","embeddable":true,"href":"https:\/\/grandepremio.com\/br\/wp-json\/wp\/v2\/tags?post=68698"},{"taxonomy":"42wp_author","embeddable":true,"href":"https:\/\/grandepremio.com\/br\/wp-json\/wp\/v2\/42wp_author?post=68698"}],"curies":[{"name":"wp","href":"https:\/\/api.w.org\/{rel}","templated":true}]}}