{"id":68701,"date":"2024-07-26T14:01:58","date_gmt":"2024-07-26T17:01:58","guid":{"rendered":"https:\/\/grandepremio.com\/br\/noticias\/maserati-dissolve-dupla-pilotos-formula-e-confirma-saida-jehan-daruvala-2025\/"},"modified":"2024-07-26T14:03:22","modified_gmt":"2024-07-26T17:03:22","slug":"maserati-dissolve-dupla-pilotos-formula-e-confirma-saida-jehan-daruvala-2025","status":"publish","type":"post","link":"https:\/\/grandepremio.com\/br\/formula-e\/maserati-dissolve-dupla-pilotos-formula-e-confirma-saida-jehan-daruvala-2025\/","title":{"rendered":"Maserati dissolve dupla de pilotos na F\u00f3rmula E e confirma sa\u00edda de Daruvala para 2025"},"content":{"rendered":"\n<p class=\"wp-block-paragraph\">A <strong>Maserati <\/strong>resolveu dissolver sua dupla de pilotos para a temporada 2025 da <strong>F\u00f3rmula E<\/strong>. <a href=\"https:\/\/www.grandepremio.com\/br\/formula-e\/noticias\/maximilian-gunther-muda-rumo-formula-e-anuncia-saida-maserati-temporada-2025\/\">Minutos ap\u00f3s confirmar a sa\u00edda<\/a> de <strong>Maximilian G\u00fcnther<\/strong> nesta sexta-feira (26), agora foi a vez de <strong>Jehan Daruvala<\/strong> anunciar que est\u00e1 fora da equipe no ano que vem.<\/p>\n\n\n\n<p class=\"wp-block-paragraph\">O piloto indiano disputou apenas uma temporada pelo tridente alem\u00e3o e n\u00e3o deve deixar saudades. Foram apenas oito pontos conquistados, com um nono lugar em <strong>Misano<\/strong> e um s\u00e9timo no <strong>eP de Berlim 2<\/strong>, terminando em uma decepcionante 21\u00aa coloca\u00e7\u00e3o no campeonato de pilotos.<\/p>\n\n\n\n<p class=\"wp-block-paragraph\">\u201cTivemos muito orgulho em ter Max e Jehan conosco, de termos trabalhado juntos e compartilhado tantos momemtnos que ficar\u00e3o para sempre como parte da hist\u00f3ria da Maserati na categoria. Queria desejar a eles um grande futuro no automobilismo&#8221;, disse Giovanni Sgro, diretor da Maserati.<\/p>\n\n\n\n<p class=\"wp-block-paragraph\">Sgro fez quest\u00e3o de exaltar o fato de Daruvala ter sido o \u00fanico estreante na temporada 10. &#8220;Max trouxe-nos muita emo\u00e7\u00e3o levando o tridente de volta ao p\u00f3dio, enquanto Jehan fez um trabalho incr\u00edvel com seu crescimento, sem hesitar em enfrentar os principais pilotos com determina\u00e7\u00e3o e paix\u00e3o&#8221;.<\/p>\n\n\n\n<figure class=\"wp-block-image size-large\"><img decoding=\"async\" src=\"https:\/\/www.grandepremio.com\/br\/wp-content\/uploads\/2024\/05\/EPS1011_171303SB1_7041-2048x2048-1-1200x800.jpg\" alt=\"\" class=\"wp-image-817396\"\/><figcaption class=\"wp-element-caption\">Daruvala somou apenas oito pontos pela Maserati em 2024 (Foto: F\u00f3rmula E)<\/figcaption><\/figure>\n\n\n\n<p class=\"wp-block-paragraph\">A equipe alem\u00e3 promete anunciar seus novos pilotos na pr\u00f3xima segunda-feira (29). Especula-se que <strong>Stoffel Vandoorne<\/strong> e <strong>Jake Hughes<\/strong> sejam os escolhidos para 2025.<\/p>\n\n\n\n<p class=\"wp-block-paragraph\">A temporada 2024\/25 da&nbsp;<a href=\"https:\/\/www.grandepremio.com\/br\/formula-e\/\" target=\"_blank\" rel=\"noreferrer noopener\">F\u00f3rmula E<\/a>&nbsp;come\u00e7a em dezembro deste ano, com a abertura do campeonato a ser disputada em&nbsp;<a href=\"https:\/\/www.grandepremio.com\/br\/circuito\/sao-paulo\/\" target=\"_blank\" rel=\"noreferrer noopener\">S\u00e3o Paulo<\/a>.<\/p>\n\n\n\n<p class=\"wp-block-paragraph\"><strong>Inscreva-se nos dois canais do GRANDE PR\u00caMIO no YouTube:\u00a0GP\u00a0|\u00a0<a href=\"https:\/\/www.youtube.com\/channel\/UC9csiS6q_C3C0FYhyr1rnFA?sub_confirmation=1\" target=\"_blank\" rel=\"noreferrer noopener\">GP2<\/a><\/strong><\/p>\n\n\n\n<figure class=\"wp-block-embed is-type-video is-provider-youtube wp-block-embed-youtube wp-embed-aspect-16-9 wp-has-aspect-ratio\"><div class=\"wp-block-embed__wrapper\">\n<iframe loading=\"lazy\" title=\"Wehrlein mostra IMPOSI\u00c7\u00c3O NECESS\u00c1RIA e \u00e9 CAMPE\u00c3O MUNDIAL ap\u00f3s DECEP\u00c7\u00c3O na F1 | GP \u00e0s 10\" width=\"500\" height=\"281\" src=\"https:\/\/www.youtube.com\/embed\/ububqEiYLeU?feature=oembed\" frameborder=\"0\" allow=\"accelerometer; autoplay; clipboard-write; encrypted-media; gyroscope; picture-in-picture; web-share\" referrerpolicy=\"strict-origin-when-cross-origin\" allowfullscreen><\/iframe>\n<\/div><\/figure>\n","protected":false},"excerpt":{"rendered":"<p>A equipe alem\u00e3 promoveu uma revolu\u00e7\u00e3o em seus boxes para a pr\u00f3xima temporada, confirmando a troca de seus dois pilotos. Daruvala somou apenas 8 pontos neste ano<\/p>\n","protected":false},"author":0,"featured_media":1000788492,"comment_status":"closed","ping_status":"closed","sticky":false,"template":"","format":"standard","meta":{"42wp_featured_image_caption":"","42wp_featured_image_credits":"","42wp_featured_video":"","42wp_featured_image_hidden":false,"42wp_authors_list":[],"footnotes":""},"categories":[19],"tags":[28679,6853,840,35967,1491,28285,35442,4621,2971,8870,912,36219,967,37653],"42wp_author":[47128],"class_list":["post-68701","post","type-post","status-publish","format-standard","has-post-thumbnail","hentry","category-formula-e","tag-calendario-formula-e","tag-classificacao-formula-e","tag-formula-e","tag-formula-e-2024","tag-grande-premio","tag-grandepremio","tag-horarios-formula-e","tag-jake-hughes","tag-jehan-daruvala","tag-maserati","tag-maximilian-gunther","tag-onde-assistir-formula-e","tag-stoffel-vandoorne","tag-temporada-2024-da-formula-e","42wp_author-guilherme-bloisi"],"_links":{"self":[{"href":"https:\/\/grandepremio.com\/br\/wp-json\/wp\/v2\/posts\/68701","targetHints":{"allow":["GET"]}}],"collection":[{"href":"https:\/\/grandepremio.com\/br\/wp-json\/wp\/v2\/posts"}],"about":[{"href":"https:\/\/grandepremio.com\/br\/wp-json\/wp\/v2\/types\/post"}],"replies":[{"embeddable":true,"href":"https:\/\/grandepremio.com\/br\/wp-json\/wp\/v2\/comments?post=68701"}],"version-history":[{"count":0,"href":"https:\/\/grandepremio.com\/br\/wp-json\/wp\/v2\/posts\/68701\/revisions"}],"wp:featuredmedia":[{"embeddable":true,"href":"https:\/\/grandepremio.com\/br\/wp-json\/wp\/v2\/media\/1000788492"}],"wp:attachment":[{"href":"https:\/\/grandepremio.com\/br\/wp-json\/wp\/v2\/media?parent=68701"}],"wp:term":[{"taxonomy":"category","embeddable":true,"href":"https:\/\/grandepremio.com\/br\/wp-json\/wp\/v2\/categories?post=68701"},{"taxonomy":"post_tag","embeddable":true,"href":"https:\/\/grandepremio.com\/br\/wp-json\/wp\/v2\/tags?post=68701"},{"taxonomy":"42wp_author","embeddable":true,"href":"https:\/\/grandepremio.com\/br\/wp-json\/wp\/v2\/42wp_author?post=68701"}],"curies":[{"name":"wp","href":"https:\/\/api.w.org\/{rel}","templated":true}]}}