{"id":68819,"date":"2024-07-25T14:55:06","date_gmt":"2024-07-25T17:55:06","guid":{"rendered":"https:\/\/grandepremio.com\/br\/noticias\/red-bull-admite-clima-tenso-espera-corrida-muito-mais-dificil-belgica\/"},"modified":"2024-07-25T15:28:11","modified_gmt":"2024-07-25T18:28:11","slug":"red-bull-admite-clima-tenso-espera-corrida-muito-mais-dificil-belgica","status":"publish","type":"post","link":"https:\/\/grandepremio.com\/br\/f1\/red-bull-admite-clima-tenso-espera-corrida-muito-mais-dificil-belgica\/","title":{"rendered":"Red Bull admite &#8220;clima tenso&#8221; e espera corrida &#8220;muito mais dif\u00edcil&#8221; na B\u00e9lgica"},"content":{"rendered":"\n<p class=\"wp-block-paragraph\">No in\u00edcio do ano, a <strong>Red Bull<\/strong> jamais teria imaginado que em plena temporada 2024 da <strong>F\u00f3rmula 1<\/strong> a equipe estaria passando por um momento &#8220;um pouco tenso&#8221;, de acordo com as palavras do pr\u00f3prio <strong>Helmut Marko<\/strong>, consultor do time de Milton Keynes. Presente em <strong>Spa-Francorchamps<\/strong> para acompanhar a 14\u00aa etapa do certame, o <strong>GP da B\u00e9lgica<\/strong>, o austr\u00edaco falou sobre o atual momento de <strong>Max Verstappen<\/strong> e <strong>Sergio P\u00e9rez<\/strong>.<\/p>\n\n\n\n<p class=\"wp-block-paragraph\">Ap\u00f3s vencer quatro das cinco primeiras etapas, os taurinos esperavam dominar amplamente sobre os rivais mais uma vez, assim como foi visto em 2023. A partir do&nbsp;<strong>GP de&nbsp;<a href=\"https:\/\/www.grandepremio.com\/br\/circuito\/miami\/\" target=\"_blank\" rel=\"noreferrer noopener\">Miami<\/a><\/strong>, por\u00e9m, a&nbsp;<strong>McLaren<\/strong>&nbsp;acertou em cheio no caminho de desenvolvimento adotado para o&nbsp;<strong>MCL38<\/strong>&nbsp;e passou a figurar como uma forte candidata \u00e0s vit\u00f3rias. Agora, com o ressurgimento tamb\u00e9m da&nbsp;<strong>Mercedes<\/strong>, a esquadra da marca de energ\u00e9ticos n\u00e3o vence h\u00e1 tr\u00eas corridas, com o \u00faltimo triunfo datando do fim de junho, no&nbsp;<strong>GP da&nbsp;<a href=\"https:\/\/es.grandepremio.com\/\" target=\"_blank\" rel=\"noreferrer noopener\">Espanha<\/a><\/strong>.<\/p>\n\n\n\n<p class=\"wp-block-paragraph\">Por um lado, Verstappen mostrou claramente que n\u00e3o est\u00e1 nada satisfeito com a atual fase da Red Bull, externando todo o descontentamento por meio das <a href=\"https:\/\/www.grandepremio.com\/br\/f1\/noticias\/esta-sendo-infantil-como-red-bull-acabou-reclamacoes-max-verstappen-na-hungria\/\">discuss\u00f5es pelo r\u00e1dio<\/a> com <strong>Gianpiero Lambiase<\/strong>, engenheiro de corrida, durante as 70 voltas no <strong>Hungaroring<\/strong>. P\u00e9rez, por sua vez, corre o s\u00e9rio risco de <a href=\"https:\/\/www.grandepremio.com\/br\/f1\/noticias\/red-bull-mantem-ultimato-planeja-discutir-futuro-sergio-perez-f1-apos-gp-belgica\/\">nem mesmo retornar das f\u00e9rias de ver\u00e3o<\/a> da categoria, com a equipe austr\u00edaca j\u00e1 tendo uma lista de poss\u00edveis substitutos para a vaga do mexicano em mente.<\/p>\n\n\n\n<p class=\"wp-block-paragraph\">&#8220;O clima est\u00e1 um pouco tenso&#8221;, reconheceu Marko durante as entrevistas no circuito belga nesta quinta-feira, antes de comentar sobre a irrita\u00e7\u00e3o do dono do <strong>RB20 #1<\/strong> no <strong>GP da Hungria<\/strong>. &#8220;\u00c9 uma temporada dif\u00edcil, e ele tamb\u00e9m \u00e9 humano. Ainda estamos na lideran\u00e7a, mas j\u00e1 n\u00e3o somos t\u00e3o superiores&#8221;, continuou.<\/p>\n\n\n\n<figure class=\"wp-block-image size-full\"><img decoding=\"async\" src=\"https:\/\/www.grandepremio.com\/br\/wp-content\/uploads\/2024\/07\/SI202406280594-1.jpg\" alt=\"\" class=\"wp-image-845110\"\/><figcaption class=\"wp-element-caption\">Futuro de Sergio P\u00e9rez ser\u00e1 definido ap\u00f3s GP da B\u00e9lgica (Foto: Red Bull Content Pool)<\/figcaption><\/figure>\n\n\n\n<p class=\"wp-block-paragraph\"><strong><img decoding=\"async\" src=\"https:\/\/a.slack-edge.com\/production-standard-emoji-assets\/14.0\/google-medium\/25b6-fe0f.png\" alt=\":seta_para_frente:\">&nbsp;Inscreva-se nos dois canais do GRANDE PR\u00caMIO no YouTube:&nbsp;<a href=\"https:\/\/www.youtube.com\/channel\/UC9OlHEgxoaY6QY6nWPoiqQg?sub_confirmation=1\" target=\"_blank\" rel=\"noreferrer noopener\">GP<\/a>&nbsp;|&nbsp;<a href=\"https:\/\/www.youtube.com\/channel\/UC9csiS6q_C3C0FYhyr1rnFA?sub_confirmation=1\" target=\"_blank\" rel=\"noreferrer noopener\">GP2<\/a><\/strong><br><strong><img decoding=\"async\" src=\"https:\/\/a.slack-edge.com\/production-standard-emoji-assets\/14.0\/google-medium\/25b6-fe0f.png\" alt=\":seta_para_frente:\">&nbsp;LEIA TAMB\u00c9M:&nbsp;<a href=\"https:\/\/www.grandepremio.com\/br\/f1\/noticias\/red-bull-alerta-max-verstappen-diz-nada-esta-garantido-briga-pelo-titulo-f1-2024\/\">Red Bull alerta Verstappen e diz que \u201cnada est\u00e1 garantido\u201d na briga pelo t\u00edtulo da F1 2024<\/a><\/strong><\/p>\n\n\n\n<p class=\"wp-block-paragraph\">No in\u00edcio desta semana, o portal <em>RacingNews365<\/em> informou que a Red Bull <a href=\"https:\/\/www.grandepremio.com\/br\/f1\/noticias\/red-bull-planeja-trocar-componentes-motor-poe-max-verstappen-diante-punicao-belgica\/\">planeja fazer uma troca de componentes do motor<\/a> do carro de Max em Spa-Francorchamps, o que resultaria na perda de dez posi\u00e7\u00f5es no grid de largada. &#8220;Existe essa possibilidade. Espero que as ultrapassagens aqui sejam mais f\u00e1ceis do que na Hungria. O p\u00f3dio \u00e9 poss\u00edvel, mas ser\u00e1 muito mais dif\u00edcil do que nos anos anteriores&#8221;, admitiu Helmut.<\/p>\n\n\n\n<p class=\"wp-block-paragraph\">De olho na <a href=\"https:\/\/www.grandepremio.com\/br\/f1\/classificacao\/\">classifica\u00e7\u00e3o do campeonato<\/a> e nas poss\u00edveis chances de perder um dos t\u00edtulos, o consultor reafirmou que a equipe precisa contar com Checo se quiser conquistar o tricampeonato. &#8220;Ser\u00e1 mais f\u00e1cil [vencer] no Mundial de Pilotos do que no Mundial de Construtores. Sabemos que P\u00e9rez tem altos e baixos, mas precisamos de consist\u00eancia&#8221;, afirmou, sinalizando que o #11 n\u00e3o est\u00e1 garantido para o restante do campeonato.<\/p>\n\n\n\n<p class=\"wp-block-paragraph\">&#8220;<strong>Christian Horner<\/strong> e eu vamos sentar na segunda-feira, ap\u00f3s a corrida, e discutir como proceder. O bom \u00e9 que temos um elenco forte. <strong>Liam Lawson<\/strong> certamente est\u00e1 no topo da lista, mas tamb\u00e9m temos <strong>Isack Hadjar<\/strong> ou <strong>Ayumu Iwasa<\/strong>&#8220;, finalizou o consultor da Red Bull.<\/p>\n\n\n\n<p class=\"wp-block-paragraph\">O&nbsp;<strong>GRANDE PR\u00caMIO<\/strong>&nbsp;acompanha&nbsp;<strong>AO VIVO<\/strong>&nbsp;e&nbsp;<strong>EM&nbsp;<a href=\"https:\/\/www.grandepremio.com\/br\/ao-vivo\/\" target=\"_blank\" rel=\"noreferrer noopener\">TEMPO REAL<\/a><\/strong>&nbsp;todas as atividades do&nbsp;<strong>GP da B\u00e9lgica<\/strong>&nbsp;de&nbsp;<strong><a href=\"https:\/\/www.grandepremio.com\/br\/f1\/\" target=\"_blank\" rel=\"noreferrer noopener\">F\u00f3rmula 1<\/a><\/strong>&nbsp;e transmite classifica\u00e7\u00e3o e corrida em segunda tela, em parceria com a&nbsp;<strong>Voz do Esporte<\/strong>, na&nbsp;<strong>GPTV<\/strong>, o canal do&nbsp;<strong>GP<\/strong>&nbsp;no&nbsp;<strong>Youtube<\/strong>. Al\u00e9m disso, debate tudo que aconteceu na pista com o&nbsp;<strong>Briefing<\/strong>&nbsp;ap\u00f3s treinos livres e classifica\u00e7\u00e3o, al\u00e9m de antes e depois da corrida. Na sexta-feira (26), o treino livre 1 come\u00e7a \u00e0s 8h30 (de Bras\u00edlia, GMT-3), enquanto a segunda sess\u00e3o ser\u00e1 ao meio-dia. No s\u00e1bado (27), \u00e0s 7h30, acontece o TL3, ao passo que a classifica\u00e7\u00e3o ser\u00e1 \u00e0s 11h. Por fim, no domingo (28), os pilotos disputam a corrida em&nbsp;<strong><a href=\"https:\/\/www.grandepremio.com\/br\/circuito\/spa-francorchamps\/\" target=\"_blank\" rel=\"noreferrer noopener\">Spa-Francorchamps<\/a><\/strong>&nbsp;a partir das&nbsp;10h.<\/p>\n\n\n\n<figure class=\"wp-block-embed is-type-video is-provider-youtube wp-block-embed-youtube wp-embed-aspect-16-9 wp-has-aspect-ratio\"><div class=\"wp-block-embed__wrapper\">\n<iframe loading=\"lazy\" title=\"TETRA de VERSTAPPEN sob AMEA\u00c7A? + Haas CONFIRMA expectativa com OCON | WGP\" width=\"500\" height=\"281\" src=\"https:\/\/www.youtube.com\/embed\/Wgg9Xvjf2j4?feature=oembed\" frameborder=\"0\" allow=\"accelerometer; autoplay; clipboard-write; encrypted-media; gyroscope; picture-in-picture; web-share\" referrerpolicy=\"strict-origin-when-cross-origin\" allowfullscreen><\/iframe>\n<\/div><\/figure>\n","protected":false},"excerpt":{"rendered":"<p>Helmut Marko alertou para as chances de a Red Bull perder o t\u00edtulo do Mundial de Construtores e ainda revelou que futuro de Sergio P\u00e9rez ser\u00e1 definido na segunda-feira, ap\u00f3s o GP da B\u00e9lgica<\/p>\n","protected":false},"author":0,"featured_media":1000633620,"comment_status":"closed","ping_status":"closed","sticky":false,"template":"","format":"standard","meta":{"42wp_featured_image_caption":"","42wp_featured_image_credits":"","42wp_featured_video":"","42wp_featured_image_hidden":false,"42wp_authors_list":[],"footnotes":""},"categories":[2],"tags":[27776,34186,27487,35624,37759,5660,8235,37760,969,147,3230,642,11958,160,37761,180,30909,22936,40390,1491,30103,28285,258,203,204,3132,108],"42wp_author":[47160],"class_list":["post-68819","post","type-post","status-publish","format-standard","has-post-thumbnail","hentry","category-f1","tag-assistir-f1-ao-vivo","tag-assistir-f1-gratis","tag-assistir-f1-online","tag-calendario-f1-2024","tag-calendario-f1-2024-horarios","tag-classificacao","tag-classificacao-da-f1","tag-classificacao-f1-2024","tag-corrida","tag-f1","tag-f1-2024","tag-f1-ao-vivo","tag-f1-live","tag-f1-tv","tag-f1-tv-2024","tag-formula-1","tag-formula-1-2024","tag-gp-da-belgica","tag-gp-da-belgica-2024","tag-grande-premio","tag-grande-premio-f1","tag-grandepremio","tag-helmut-marko","tag-max-verstappen","tag-red-bull","tag-sergio-perez","tag-spa-francorchamps","42wp_author-vicente-soella"],"_links":{"self":[{"href":"https:\/\/grandepremio.com\/br\/wp-json\/wp\/v2\/posts\/68819","targetHints":{"allow":["GET"]}}],"collection":[{"href":"https:\/\/grandepremio.com\/br\/wp-json\/wp\/v2\/posts"}],"about":[{"href":"https:\/\/grandepremio.com\/br\/wp-json\/wp\/v2\/types\/post"}],"replies":[{"embeddable":true,"href":"https:\/\/grandepremio.com\/br\/wp-json\/wp\/v2\/comments?post=68819"}],"version-history":[{"count":0,"href":"https:\/\/grandepremio.com\/br\/wp-json\/wp\/v2\/posts\/68819\/revisions"}],"wp:featuredmedia":[{"embeddable":true,"href":"https:\/\/grandepremio.com\/br\/wp-json\/wp\/v2\/media\/1000633620"}],"wp:attachment":[{"href":"https:\/\/grandepremio.com\/br\/wp-json\/wp\/v2\/media?parent=68819"}],"wp:term":[{"taxonomy":"category","embeddable":true,"href":"https:\/\/grandepremio.com\/br\/wp-json\/wp\/v2\/categories?post=68819"},{"taxonomy":"post_tag","embeddable":true,"href":"https:\/\/grandepremio.com\/br\/wp-json\/wp\/v2\/tags?post=68819"},{"taxonomy":"42wp_author","embeddable":true,"href":"https:\/\/grandepremio.com\/br\/wp-json\/wp\/v2\/42wp_author?post=68819"}],"curies":[{"name":"wp","href":"https:\/\/api.w.org\/{rel}","templated":true}]}}