{"id":68858,"date":"2024-07-25T09:43:54","date_gmt":"2024-07-25T12:43:54","guid":{"rendered":"https:\/\/grandepremio.com\/br\/noticias\/esteban-ocon-anima-planos-empolgantes-ambiciosa-haas-formula-1-estou-impressionado\/"},"modified":"2024-07-25T15:01:05","modified_gmt":"2024-07-25T18:01:05","slug":"esteban-ocon-anima-planos-empolgantes-ambiciosa-haas-formula-1-estou-impressionado","status":"publish","type":"post","link":"https:\/\/grandepremio.com\/br\/f1\/esteban-ocon-anima-planos-empolgantes-ambiciosa-haas-formula-1-estou-impressionado\/","title":{"rendered":"Ocon se anima com &#8220;planos empolgantes&#8221; de &#8220;ambiciosa&#8221; Haas na F1: &#8220;Estou impressionado&#8221;"},"content":{"rendered":"\n<p class=\"wp-block-paragraph\">Agora \u00e9 oficial: <strong>Esteban Ocon<\/strong> tem acordo garantido e ser\u00e1 piloto piloto da <strong>Haas<\/strong> a partir da temporada 2025 da <strong><a href=\"https:\/\/www.grandepremio.com\/br\/f1\/\">F\u00f3rmula 1<\/a><\/strong>. O <strong><a href=\"https:\/\/www.grandepremio.com\/br\/f1\/noticias\/haas-assina-esteban-ocon-completa-dupla-pilotos-temporada-2025-formula-1\/\">an\u00fancio saiu na manh\u00e3 desta quinta-feira (25)<\/a><\/strong> e mostrou um Ocon bastante empolgado com o que o futuro guarda na parceria com o time estadunidense.<\/p>\n\n\n\n<p class=\"wp-block-paragraph\">A t\u00f4nica da declara\u00e7\u00e3o de Ocon \u00e9 de que enxerga na Haas um conjunto com bastante ambi\u00e7\u00e3o e planejamento claro para crescer nos pr\u00f3ximos anos. O atual chefe de equipe, <strong>Ayao Komatsu<\/strong>, assumiu o comando das opera\u00e7\u00f5es apenas no in\u00edcio de 2024.<\/p>\n\n\n\n<p class=\"wp-block-paragraph\">&#8220;Estou muito animado em embarcar neste novo cap\u00edtulo de minha carreira na F\u00f3rmula 1 e chegar \u00e0 Haas para o come\u00e7o da temporada 2025. Estou me juntando a um time muito ambicioso e que tem esp\u00edrito, \u00e9tica e ineg\u00e1vel trajet\u00f3ria ascendente que realmente me impressionaram&#8221;, afirmou.<\/p>\n\n\n\n<p class=\"wp-block-paragraph\">Komatsu, ali\u00e1s, conhece Ocon de longa data. O ent\u00e3o engenheiro da Lotus esteve \u00e0 frente da sess\u00e3o de testes que representou a primeira chance do piloto num carro da F1, em 2014.<\/p>\n\n\n\n<figure class=\"wp-block-image size-large\"><img decoding=\"async\" src=\"https:\/\/www.grandepremio.com\/br\/wp-content\/uploads\/2024\/04\/china-2024-f1-quinta-feira-alpine-esteban-ocon-afp-01-1024x683.jpg\" alt=\"\" class=\"wp-image-801908\"\/><figcaption class=\"wp-element-caption\">Esteban Ocon tem casa nova (Foto: AFP) <\/figcaption><\/figure>\n\n\n\n<p class=\"wp-block-paragraph\">\u201cGostaria de agradecer a Gene Haas e Ayao Komatsu pela confian\u00e7a e apoio e pelas nossas conversas honestas e frut\u00edferas nestes \u00faltimos meses. Pelo lado mais pessoal, estou muito feliz por trabalhar com Ayao novamente, j\u00e1 que ele fez parte da minha estreia quando entrei pela primeira vez num carro de F\u00f3rmula 1 durante meus tempos de Lotus Junior, h\u00e1 mais de dez anos&#8221;, recordou.<\/p>\n\n\n\n<p class=\"wp-block-paragraph\">&#8220;A Haas tem planos empolgantes e metas claras para o futuro, e estou muito ansioso para trabalhar com todos em Kannapolis, Banbury e Maranello e ser parte deste grande projeto\u201d, encerrou.<\/p>\n\n\n\n<p class=\"wp-block-paragraph\">Na Haas, Ocon contar\u00e1 com <strong>Oliver Bearman<\/strong> <strong><a href=\"https:\/\/www.grandepremio.com\/br\/f1\/noticias\/haas-confirma-expectativa-anuncia-oliver-bearman-como-titular-f1-2025\/\">como companheiro de equipe na F1<\/a><\/strong>. Ser\u00e1 a primeira vez na carreira que Ocon vai assumir o papel de veterano numa dupla de pilotos.<\/p>\n\n\n\n<p class=\"wp-block-paragraph\">O&nbsp;<strong>GRANDE PR\u00caMIO<\/strong>&nbsp;acompanha<strong>&nbsp;<a href=\"https:\/\/www.grandepremio.com\/br\/ao-vivo\/f1\/\" target=\"_blank\" rel=\"noreferrer noopener\">AO VIVO<\/a><\/strong><a href=\"https:\/\/www.grandepremio.com\/br\/ao-vivo\/f1\/\" target=\"_blank\" rel=\"noreferrer noopener\">&nbsp;e&nbsp;<strong>EM&nbsp;<\/strong><\/a><a href=\"https:\/\/www.grandepremio.com\/br\/ao-vivo\/\" target=\"_blank\" rel=\"noreferrer noopener\"><strong>TEMPO REAL<\/strong><\/a>&nbsp;todas as atividades do&nbsp;<strong>GP da B\u00e9lgica<\/strong>&nbsp;de&nbsp;<a href=\"https:\/\/www.grandepremio.com\/br\/f1\/\" target=\"_blank\" rel=\"noreferrer noopener\"><strong>F\u00f3rmula 1<\/strong><\/a>, em&nbsp;<strong>Spa-Francorchamps<\/strong>,&nbsp;e transmite classifica\u00e7\u00e3o e corrida em segunda tela, em parceria com a Voz do Esporte, na<strong>&nbsp;<a href=\"https:\/\/www.youtube.com\/c\/GrandePremioTV\/streams\" target=\"_blank\" rel=\"noreferrer noopener\">GPTV, o canal do GP no Youtube<\/a><\/strong>. Al\u00e9m disso, debate tudo que aconteceu na pista com o&nbsp;<strong>Briefing&nbsp;<\/strong>ap\u00f3s treinos livres e classifica\u00e7\u00e3o, al\u00e9m de antes e depois da corrida. Na sexta-feira, o TL1 est\u00e1 marcado para as 8h30 (de Bras\u00edlia, GMT-3) e \u00e9 seguido pelo TL2, \u00e0s 12h; no s\u00e1bado, o TL3 fecha a prepara\u00e7\u00e3o a partir das 7h30, enquanto a classifica\u00e7\u00e3o forma o grid \u00e0s 11h; por fim, no domingo, a largada est\u00e1 marcada para as&nbsp;<strong>10h<\/strong>&nbsp;(de Bras\u00edlia, GMT-3).<\/p>\n\n\n\n<p class=\"wp-block-paragraph\"><strong><strong>\u25b6\ufe0f<\/strong>\u00a0Inscreva-se nos dois canais do GRANDE PR\u00caMIO no YouTube:\u00a0<a href=\"https:\/\/www.youtube.com\/channel\/UC9OlHEgxoaY6QY6nWPoiqQg?sub_confirmation=1\" target=\"_blank\" rel=\"noreferrer noopener\">GP<\/a>\u00a0|\u00a0<a href=\"https:\/\/www.youtube.com\/channel\/UC9csiS6q_C3C0FYhyr1rnFA?sub_confirmation=1\" target=\"_blank\" rel=\"noreferrer noopener\">GP2<\/a><\/strong><br><strong><strong>\u25b6\ufe0f<\/strong>\u00a0LEIA TAMB\u00c9M:\u00a0<a href=\"https:\/\/www.grandepremio.com\/br\/f1\/noticias\/red-bull-alerta-max-verstappen-diz-nada-esta-garantido-briga-pelo-titulo-f1-2024\/\">Red Bull alerta Verstappen e diz que \u201cnada est\u00e1 garantido\u201d na briga pelo t\u00edtulo da F1 2024<\/a><\/strong><\/p>\n\n\n\n<figure class=\"wp-block-embed is-type-video is-provider-youtube wp-block-embed-youtube wp-embed-aspect-16-9 wp-has-aspect-ratio\"><div class=\"wp-block-embed__wrapper\">\n<iframe loading=\"lazy\" title=\"VERSTAPPEN perto de PUNI\u00c7\u00c3O GRAVE na F1 2024 + LECLERC ESCULACHA FERRARI? | TTGP #145\" width=\"500\" height=\"281\" src=\"https:\/\/www.youtube.com\/embed\/K2QbPLmOJt8?feature=oembed\" frameborder=\"0\" allow=\"accelerometer; autoplay; clipboard-write; encrypted-media; gyroscope; picture-in-picture; web-share\" referrerpolicy=\"strict-origin-when-cross-origin\" allowfullscreen><\/iframe>\n<\/div><figcaption class=\"wp-element-caption\">VERSTAPPEN perto de PUNI\u00c7\u00c3O GRAVE na F1 2024 + LECLERC ESCULACHA FERRARI? | TTGP #145<\/figcaption><\/figure>\n","protected":false},"excerpt":{"rendered":"<p>Esteban Ocon chegou oficialmente \u00e0 Haas para a temporada 2025 da F\u00f3rmula 1 e est\u00e1 animado. Segundo o piloto, pela ambi\u00e7\u00e3o de crescimento do time nos pr\u00f3ximos anos<\/p>\n","protected":false},"author":0,"featured_media":1000842266,"comment_status":"closed","ping_status":"closed","sticky":false,"template":"","format":"standard","meta":{"42wp_featured_image_caption":"","42wp_featured_image_credits":"","42wp_featured_video":"","42wp_featured_image_hidden":false,"42wp_authors_list":[],"footnotes":""},"categories":[2],"tags":[5660,302,3230,3630,642,40436,3628,35558,22936,119,40439,14495,40440,39129,489,108],"42wp_author":[47120],"class_list":["post-68858","post","type-post","status-publish","format-standard","has-post-thumbnail","hentry","category-f1","tag-classificacao","tag-esteban-ocon","tag-f1-2024","tag-f1-2025","tag-f1-ao-vivo","tag-fim-de-semana-belgica","tag-formula-1-2025","tag-gp-belgica","tag-gp-da-belgica","tag-haas","tag-haas-2025","tag-haas-f1","tag-ocon-2025","tag-ocon-f1","tag-spa","tag-spa-francorchamps","42wp_author-pedro-henrique-marum"],"_links":{"self":[{"href":"https:\/\/grandepremio.com\/br\/wp-json\/wp\/v2\/posts\/68858","targetHints":{"allow":["GET"]}}],"collection":[{"href":"https:\/\/grandepremio.com\/br\/wp-json\/wp\/v2\/posts"}],"about":[{"href":"https:\/\/grandepremio.com\/br\/wp-json\/wp\/v2\/types\/post"}],"replies":[{"embeddable":true,"href":"https:\/\/grandepremio.com\/br\/wp-json\/wp\/v2\/comments?post=68858"}],"version-history":[{"count":0,"href":"https:\/\/grandepremio.com\/br\/wp-json\/wp\/v2\/posts\/68858\/revisions"}],"wp:featuredmedia":[{"embeddable":true,"href":"https:\/\/grandepremio.com\/br\/wp-json\/wp\/v2\/media\/1000842266"}],"wp:attachment":[{"href":"https:\/\/grandepremio.com\/br\/wp-json\/wp\/v2\/media?parent=68858"}],"wp:term":[{"taxonomy":"category","embeddable":true,"href":"https:\/\/grandepremio.com\/br\/wp-json\/wp\/v2\/categories?post=68858"},{"taxonomy":"post_tag","embeddable":true,"href":"https:\/\/grandepremio.com\/br\/wp-json\/wp\/v2\/tags?post=68858"},{"taxonomy":"42wp_author","embeddable":true,"href":"https:\/\/grandepremio.com\/br\/wp-json\/wp\/v2\/42wp_author?post=68858"}],"curies":[{"name":"wp","href":"https:\/\/api.w.org\/{rel}","templated":true}]}}