{"id":68970,"date":"2024-07-24T06:58:39","date_gmt":"2024-07-24T09:58:39","guid":{"rendered":"https:\/\/grandepremio.com\/br\/noticias\/red-bull-planeja-trocar-componentes-motor-poe-max-verstappen-diante-punicao-belgica\/"},"modified":"2024-07-24T07:58:49","modified_gmt":"2024-07-24T10:58:49","slug":"red-bull-planeja-trocar-componentes-motor-poe-max-verstappen-diante-punicao-belgica","status":"publish","type":"post","link":"https:\/\/grandepremio.com\/br\/f1\/red-bull-planeja-trocar-componentes-motor-poe-max-verstappen-diante-punicao-belgica\/","title":{"rendered":"Red Bull planeja trocar componentes do motor e p\u00f5e Verstappen diante de puni\u00e7\u00e3o na B\u00e9lgica"},"content":{"rendered":"\n<p class=\"wp-block-paragraph\">O fim de semana do <strong>GP da B\u00e9lgica<\/strong> ainda nem teve in\u00edcio, mas <strong>Max Verstappen<\/strong> j\u00e1 pode enfrentar algumas complica\u00e7\u00f5es durante a etapa em <strong>Spa-Francorchamps <\/strong>. Isso porque de acordo com o portal <strong>RacingNews365<\/strong>, A <strong>Red Bull<\/strong> planeja fazer uma troca de componentes do motor do carro #1. Com isso, o neerland\u00eas deve perder dez posi\u00e7\u00f5es no grid ap\u00f3s a classifica\u00e7\u00e3o como forma de puni\u00e7\u00e3o.<\/p>\n\n\n\n<p class=\"wp-block-paragraph\"><strong>Verstappen <\/strong>j\u00e1 utilizou quatro motores de combust\u00e3o interna (<strong>ICE<\/strong>), turbocompressores, unidades MGU-Hs e MGU-K, bem como dois controles eletr\u00f4nicos e armazenamentos de energia na temporada 2024. Isso o deixou pr\u00f3ximo de uma puni\u00e7\u00e3o com perda de posi\u00e7\u00f5es no grid. E segundo a publica\u00e7\u00e3o, a <strong>Red Bull<\/strong> vai equipar um novo motor de combust\u00e3o interna no carro #1, fazendo com que ele perca dez lugares no grid ap\u00f3s a classifica\u00e7\u00e3o.<\/p>\n\n\n\n<p class=\"wp-block-paragraph\">Por ser uma pista grande, com retas longas e ter bons pontos de ultrapassagem, as equipes costumam utilizar <strong>Spa-Francorchamps<\/strong> para fazer esse tipo de modifica\u00e7\u00e3o e receber as san\u00e7\u00f5es. Em 2022 e 2023, a Red Bull fez a mesma coisa com <strong>Max Verstappen<\/strong>. Na campanha do bicampeonato, o neeland\u00eas largou de 14\u00ba, enquanto no ano passado foi 10\u00ba. Nas duas oportunidades ele venceu a corrida.<\/p>\n\n\n\n<figure class=\"wp-block-image size-large\"><img decoding=\"async\" src=\"https:\/\/www.grandepremio.com\/br\/wp-content\/uploads\/2024\/07\/hungria-2024-f1-classificacao-red-bull-max-verstappen-03-1200x800.jpg\" alt=\"\" class=\"wp-image-843208\"\/><figcaption class=\"wp-element-caption\">Max Verstappen pode perder dez posi\u00e7\u00f5es no grid da B\u00e9lgica pela troca no motor (Foto: Red Bull Content Pool)<\/figcaption><\/figure>\n\n\n\n<p class=\"wp-block-paragraph\">Al\u00e9m de estar confiante de que seu piloto vai ser capaz de fazer uma boa recupera\u00e7\u00e3o, a <strong>Red Bull<\/strong> est\u00e1 aproveitando a boa margem na lideran\u00e7a do <strong>Mundial de Pilotos<\/strong>, em que Verstappen sustenta uma vantagem de 76 pontos em rela\u00e7\u00e3o ao vice <strong>Lando Norris<\/strong>. No Mundial de Construtores, os energ\u00e9ticos nutrem uma diferen\u00e7a de 51 pontos em rela\u00e7\u00e3o a <strong>McLaren<\/strong>.<\/p>\n\n\n\n<p class=\"wp-block-paragraph\">A&nbsp;<a href=\"https:\/\/www.grandepremio.com\/br\/f1\/\" target=\"_blank\" rel=\"noreferrer noopener\"><\/a><a href=\"https:\/\/www.grandepremio.com\/br\/f1\/\" target=\"_blank\" rel=\"noreferrer noopener\">F\u00f3rmula 1<\/a>&nbsp;volta j\u00e1 neste fim de semana, de&nbsp;<strong>26 a 28 de julho<\/strong>, em&nbsp;<strong><a href=\"https:\/\/www.grandepremio.com\/br\/circuito\/spa-francorchamps\/\" target=\"_blank\" rel=\"noreferrer noopener\">Spa-Francorchamps<\/a><\/strong>, para a disputa do&nbsp;<strong>GP da B\u00e9lgica<\/strong>.<\/p>\n\n\n\n<p class=\"wp-block-paragraph\"><strong>Inscreva-se nos dois canais do GRANDE PR\u00caMIO no YouTube:&nbsp;<a href=\"https:\/\/www.youtube.com\/channel\/UC9OlHEgxoaY6QY6nWPoiqQg?sub_confirmation=1\" target=\"_blank\" rel=\"noreferrer noopener\">GP<\/a>&nbsp;|&nbsp;<a href=\"https:\/\/www.youtube.com\/channel\/UC9csiS6q_C3C0FYhyr1rnFA?sub_confirmation=1\" target=\"_blank\" rel=\"noreferrer noopener\">GP2<\/a><\/strong><\/p>\n\n\n\n<figure class=\"wp-block-embed is-type-video is-provider-youtube wp-block-embed-youtube wp-embed-aspect-16-9 wp-has-aspect-ratio\"><div class=\"wp-block-embed__wrapper\">\n<iframe loading=\"lazy\" title=\"VERSTAPPEN SURTA SOB PRESS\u00c3O? + NINGU\u00c9M QUER A AUDI | Paddock Sprint\" width=\"500\" height=\"281\" src=\"https:\/\/www.youtube.com\/embed\/qjQyGxEUN5s?feature=oembed\" frameborder=\"0\" allow=\"accelerometer; autoplay; clipboard-write; encrypted-media; gyroscope; picture-in-picture; web-share\" referrerpolicy=\"strict-origin-when-cross-origin\" allowfullscreen><\/iframe>\n<\/div><\/figure>\n","protected":false},"excerpt":{"rendered":"<p>De acordo com o portal RacingNews365, a Red Bull vai trocar o motor de combust\u00e3o interna do carro de Max Verstappen e ele deve ser punido com dez posi\u00e7\u00f5es no grid da B\u00e9lgica<\/p>\n","protected":false},"author":0,"featured_media":1000844768,"comment_status":"closed","ping_status":"closed","sticky":false,"template":"","format":"standard","meta":{"42wp_featured_image_caption":"","42wp_featured_image_credits":"","42wp_featured_video":"","42wp_featured_image_hidden":false,"42wp_authors_list":[],"footnotes":""},"categories":[2],"tags":[25062,22936,1491,28285,204,27332,27716,108,29992],"42wp_author":[47149],"class_list":["post-68970","post","type-post","status-publish","format-standard","has-post-thumbnail","hentry","category-f1","tag-belgica","tag-gp-da-belgica","tag-grande-premio","tag-grandepremio","tag-red-bull","tag-red-bull-f1","tag-red-bull-formula-1","tag-spa-francorchamps","tag-verstappen-punido","42wp_author-bernardo-castro"],"_links":{"self":[{"href":"https:\/\/grandepremio.com\/br\/wp-json\/wp\/v2\/posts\/68970","targetHints":{"allow":["GET"]}}],"collection":[{"href":"https:\/\/grandepremio.com\/br\/wp-json\/wp\/v2\/posts"}],"about":[{"href":"https:\/\/grandepremio.com\/br\/wp-json\/wp\/v2\/types\/post"}],"replies":[{"embeddable":true,"href":"https:\/\/grandepremio.com\/br\/wp-json\/wp\/v2\/comments?post=68970"}],"version-history":[{"count":0,"href":"https:\/\/grandepremio.com\/br\/wp-json\/wp\/v2\/posts\/68970\/revisions"}],"wp:featuredmedia":[{"embeddable":true,"href":"https:\/\/grandepremio.com\/br\/wp-json\/wp\/v2\/media\/1000844768"}],"wp:attachment":[{"href":"https:\/\/grandepremio.com\/br\/wp-json\/wp\/v2\/media?parent=68970"}],"wp:term":[{"taxonomy":"category","embeddable":true,"href":"https:\/\/grandepremio.com\/br\/wp-json\/wp\/v2\/categories?post=68970"},{"taxonomy":"post_tag","embeddable":true,"href":"https:\/\/grandepremio.com\/br\/wp-json\/wp\/v2\/tags?post=68970"},{"taxonomy":"42wp_author","embeddable":true,"href":"https:\/\/grandepremio.com\/br\/wp-json\/wp\/v2\/42wp_author?post=68970"}],"curies":[{"name":"wp","href":"https:\/\/api.w.org\/{rel}","templated":true}]}}