{"id":69051,"date":"2024-07-23T10:02:22","date_gmt":"2024-07-23T13:02:22","guid":{"rendered":"https:\/\/grandepremio.com\/br\/noticias\/esta-sendo-infantil-como-red-bull-acabou-reclamacoes-max-verstappen-na-hungria\/"},"modified":"2024-07-23T10:02:34","modified_gmt":"2024-07-23T13:02:34","slug":"esta-sendo-infantil-como-red-bull-acabou-reclamacoes-max-verstappen-na-hungria","status":"publish","type":"post","link":"https:\/\/grandepremio.com\/br\/f1\/esta-sendo-infantil-como-red-bull-acabou-reclamacoes-max-verstappen-na-hungria\/","title":{"rendered":"\u201cEst\u00e1 sendo infantil\u201d: Como Red Bull acabou com reclama\u00e7\u00f5es de Verstappen na Hungria"},"content":{"rendered":"\n<p class=\"wp-block-paragraph\"><strong>Max Verstappen<\/strong> teve um dia para esquecer durante <strong>o GP da Hungria<\/strong>, <a href=\"https:\/\/www.grandepremio.com\/br\/f1\/noticias\/oscar-piastri-bate-lando-norris-ganha-1a-vez-f1-patacoada-mclaren-gp-hungria\/\">que aconteceu no \u00faltimo domingo (21)<\/a>. Al\u00e9m de n\u00e3o ser capaz de fazer frente aos carros da <strong>McLaren<\/strong>, o tricampe\u00e3o se viu prejudicado pela estrat\u00e9gia adotada pela <strong>Red Bull<\/strong> e ficou preso atr\u00e1s de <strong>Lewis Hamilton <\/strong>na briga pelo terceiro lugar. Ap\u00f3s a intensa disputa com o rival, o #1 aumentou as reclama\u00e7\u00f5es e disparou contra todos no r\u00e1dio. As falas s\u00f3 foram ter uma pausa quando o engenheiro entrou no r\u00e1dio e descreveu a situa\u00e7\u00e3o como \u201cinfantil\u201d.<\/p>\n\n\n\n<p class=\"wp-block-paragraph\">As queixas de <strong>Verstappen <\/strong>come\u00e7aram logo na largada, quando ganhou a segunda posi\u00e7\u00e3o depois de ser jogado para fora da pista por Lando Norris na curva 1. O engenheiro <strong>Gianpiero Lambiase<\/strong>, ao perceber o movimento irregular de <strong>Max<\/strong>, insistiu para que ele devolvesse o segundo lugar para <strong>Norris<\/strong>. O #1 tentou argumentar.<\/p>\n\n\n\n<p class=\"wp-block-paragraph\">\u201cFui jogado para fora. Eu estava na frente e ele simplesmente espalhou, ent\u00e3o fui for\u00e7ado a fazer isso\u201d, argumentou o piloto. \u201c<strong>Max<\/strong>, o incidente est\u00e1 sob investiga\u00e7\u00e3o. Podemos conversar sobre isso mais tarde. Ent\u00e3o, deixe Lando passar na curva 1\u201d, insistiu <strong>Lambiase<\/strong>.<\/p>\n\n\n\n<p class=\"wp-block-paragraph\">Apesar de ter seguido com as reclama\u00e7\u00f5es e sugerido que vai passar a correr \u201ctirando as pessoas da pista\u201d, <strong>Verstappen <\/strong>deu passagem a <strong>Norris <\/strong>na quarta volta e n\u00e3o foi mais capaz de recuperar a posi\u00e7\u00e3o do titular da <strong>McLaren<\/strong>.<\/p>\n\n\n\n<figure class=\"wp-block-video\"><video class=\"video-js vjs-big-play-centered\" data-gp-vjs=\"1\" controls poster=\"https:\/\/www.grandepremio.com\/br\/cdn-cgi\/image\/width=1200,height=675,fit=contain,gravity=0.5x0.5,quality=75,format=webp\/wp-content\/uploads\/2024\/07\/Lambiase-radio-Verstappen-Hungria-poster.jpeg\" src=\"https:\/\/www.grandepremio.com\/br\/wp-content\/uploads\/2024\/07\/Lambiase-radio-Verstappen-Hungria.mp4\"><\/video><figcaption class=\"wp-element-caption\">Gianpiero Lambiase perdeu a paci\u00eancia e chamou a atitude de Verstappen pelo r\u00e1dio de &#8220;infantil&#8221; (V\u00eddeo: reprodu\u00e7\u00e3o\/Sky Sports)<\/figcaption><\/figure>\n\n\n\n<p class=\"wp-block-paragraph\">Ap\u00f3s alguns protestos entre as voltas 9 e 40, <strong>Verstappen <\/strong>voltou a elevar o tom com a <strong>Red Bull<\/strong> no giro 41, depois de ter sofrido um undercut de<strong> Lewis Hamilton<\/strong> e <strong>Charles Leclerc<\/strong>. Ao saber que os rivais haviam parado mais cedo, o tricampe\u00e3o mostrou sua insatisfa\u00e7\u00e3o. \u201c\u00c9 impressionante como nos deixamos prejudicar e acabamos com minha corrida\u201d.<\/p>\n\n\n\n<p class=\"wp-block-paragraph\">Na volta 52, ap\u00f3s fazer a segunda troca de pneus e estar cal\u00e7ado com pneus m\u00e9dios, <strong>Lambiase <\/strong>tentou motivar <strong>Max <\/strong>avisando que ele havia marcado a melhor volta da corrida. Mas o tricampe\u00e3o j\u00e1 estava completamente frustrado com o que tinha acontecido e voltou a reclamar.<\/p>\n\n\n\n<p class=\"wp-block-paragraph\">\u201cN\u00e3o, cara, n\u00e3o me venha com essa merda agora. Voc\u00eas me deram essa estrat\u00e9gia de merda, ok? Estou tentando salvar o que sobrou. Porra\u201d, disparou o #1.<\/p>\n\n\n\n<p class=\"wp-block-paragraph\">Mas as queixas do neerland\u00eas n\u00e3o iriam parar por a\u00ed. Depois de superar <strong>Charles Leclerc<\/strong>, o pr\u00f3ximo alvo era <strong>Hamilton<\/strong>. O heptacampe\u00e3o, no entanto, n\u00e3o estava disposto a perder o lugar no p\u00f3dio e se defendeu de forma dura. No giro 62, ao tentar o ataque na curva 2, o #1 alega que n\u00e3o teve espa\u00e7o e volta a reclamar da situa\u00e7\u00e3o no r\u00e1dio.<\/p>\n\n\n\n<p class=\"wp-block-paragraph\">\u201cN\u00e3o deveria deixar o espa\u00e7o de um carro?\u201d, questionou. \u201cEle entrou na curva \u00e0 sua frente, <strong>Max<\/strong>\u201d, respondeu Lambiase. \u201cCerto, tanto faz\u201d, desconversou <strong>Verstappen<\/strong>.<\/p>\n\n\n\n<p class=\"wp-block-paragraph\">A paci\u00eancia de <strong>Lambiase <\/strong>se esgotou quando <strong>Verstappen <\/strong>e <strong>Hamilton <\/strong>se tocaram na volta 63. O tricampe\u00e3o aproveitou a tentativa de ultrapassagem sobre o retardat\u00e1rio <strong>Alexander Albon<\/strong> e mergulhou na curva 1 para tomar o terceiro posto de <strong>Lewis<\/strong>. Por\u00e9m, acabou travando as rodas e tocou no carro da <strong>Mercedes<\/strong>. Ao falar pelo r\u00e1dio que o #44 \u201cse moveu na frenagem\u201d, <strong>Gianpiero <\/strong>foi direto.<\/p>\n\n\n\n<p class=\"wp-block-paragraph\">\u201cN\u00e3o vou entrar em uma briga de r\u00e1dio com os outros times, <strong>Max<\/strong>. Vamos deixar os comiss\u00e1rios fazerem o trabalho deles. Est\u00e1 sendo infantil, no r\u00e1dio, infantil\u201d, encerrou.<\/p>\n\n\n\n<p class=\"wp-block-paragraph\">A\u00a0<a href=\"https:\/\/www.grandepremio.com\/br\/f1\/\" target=\"_blank\" rel=\"noreferrer noopener\">F\u00f3rmula 1<\/a>\u00a0volta de\u00a0<strong>26 a 28 de julho<\/strong>, em\u00a0<strong><a href=\"https:\/\/www.grandepremio.com\/br\/circuito\/spa-francorchamps\/\" target=\"_blank\" rel=\"noreferrer noopener\">Spa-Francorchamps<\/a><\/strong>, para a disputa do\u00a0<strong>GP da B\u00e9lgica<\/strong>.<\/p>\n\n\n\n<p class=\"wp-block-paragraph\"><strong>\u00a0Inscreva-se nos dois canais do GRANDE PR\u00caMIO no YouTube:\u00a0<a href=\"https:\/\/www.youtube.com\/channel\/UC9OlHEgxoaY6QY6nWPoiqQg?sub_confirmation=1\" target=\"_blank\" rel=\"noreferrer noopener\">GP<\/a>\u00a0|\u00a0<a href=\"https:\/\/www.youtube.com\/channel\/UC9csiS6q_C3C0FYhyr1rnFA?sub_confirmation=1\" target=\"_blank\" rel=\"noreferrer noopener\">GP2<\/a><\/strong><\/p>\n\n\n\n<figure class=\"wp-block-embed is-type-video is-provider-youtube wp-block-embed-youtube wp-embed-aspect-16-9 wp-has-aspect-ratio\"><div class=\"wp-block-embed__wrapper\">\n<iframe loading=\"lazy\" title=\"CLIM\u00c3O na McLAREN com PIASTRI e NORRIS e DESESPERO de VERSTAPPEN na F1 2024? | Paddock GP #381\" width=\"500\" height=\"281\" src=\"https:\/\/www.youtube.com\/embed\/cNg83RLQnwQ?feature=oembed\" frameborder=\"0\" allow=\"accelerometer; autoplay; clipboard-write; encrypted-media; gyroscope; picture-in-picture; web-share\" referrerpolicy=\"strict-origin-when-cross-origin\" allowfullscreen><\/iframe>\n<\/div><\/figure>\n","protected":false},"excerpt":{"rendered":"<p>Frustrado pelas decis\u00f5es da Red Bull, Max Verstappen teve conversas acaloradas com seu engenheiro Gianpiero Lambiase durante o GP da Hungria de F\u00f3rmula 1<\/p>\n","protected":false},"author":0,"featured_media":1000844795,"comment_status":"closed","ping_status":"closed","sticky":false,"template":"","format":"standard","meta":{"42wp_featured_image_caption":"","42wp_featured_image_credits":"","42wp_featured_video":"","42wp_featured_image_hidden":false,"42wp_authors_list":[],"footnotes":""},"categories":[2],"tags":[25842,1491,28285,203,204,9685],"42wp_author":[47149],"class_list":["post-69051","post","type-post","status-publish","format-standard","has-post-thumbnail","hentry","category-f1","tag-gianpiero-lambiase","tag-grande-premio","tag-grandepremio","tag-max-verstappen","tag-red-bull","tag-verstappen","42wp_author-bernardo-castro"],"_links":{"self":[{"href":"https:\/\/grandepremio.com\/br\/wp-json\/wp\/v2\/posts\/69051","targetHints":{"allow":["GET"]}}],"collection":[{"href":"https:\/\/grandepremio.com\/br\/wp-json\/wp\/v2\/posts"}],"about":[{"href":"https:\/\/grandepremio.com\/br\/wp-json\/wp\/v2\/types\/post"}],"replies":[{"embeddable":true,"href":"https:\/\/grandepremio.com\/br\/wp-json\/wp\/v2\/comments?post=69051"}],"version-history":[{"count":0,"href":"https:\/\/grandepremio.com\/br\/wp-json\/wp\/v2\/posts\/69051\/revisions"}],"wp:featuredmedia":[{"embeddable":true,"href":"https:\/\/grandepremio.com\/br\/wp-json\/wp\/v2\/media\/1000844795"}],"wp:attachment":[{"href":"https:\/\/grandepremio.com\/br\/wp-json\/wp\/v2\/media?parent=69051"}],"wp:term":[{"taxonomy":"category","embeddable":true,"href":"https:\/\/grandepremio.com\/br\/wp-json\/wp\/v2\/categories?post=69051"},{"taxonomy":"post_tag","embeddable":true,"href":"https:\/\/grandepremio.com\/br\/wp-json\/wp\/v2\/tags?post=69051"},{"taxonomy":"42wp_author","embeddable":true,"href":"https:\/\/grandepremio.com\/br\/wp-json\/wp\/v2\/42wp_author?post=69051"}],"curies":[{"name":"wp","href":"https:\/\/api.w.org\/{rel}","templated":true}]}}