{"id":69122,"date":"2024-07-22T13:44:30","date_gmt":"2024-07-22T16:44:30","guid":{"rendered":"https:\/\/grandepremio.com\/br\/noticias\/paul-aron-toma-10-posicoes-grid-proxima-corrida-f2-incidentes-hungria\/"},"modified":"2024-07-22T13:47:59","modified_gmt":"2024-07-22T16:47:59","slug":"paul-aron-toma-10-posicoes-grid-proxima-corrida-f2-incidentes-hungria","status":"publish","type":"post","link":"https:\/\/grandepremio.com\/br\/f2\/paul-aron-toma-10-posicoes-grid-proxima-corrida-f2-incidentes-hungria\/","title":{"rendered":"Aron toma 10 posi\u00e7\u00f5es em grid de pr\u00f3xima corrida da F2 por incidentes na Hungria"},"content":{"rendered":"\n<p class=\"wp-block-paragraph\">Vice-l\u00edder da <strong>temporada 2024 <\/strong>da<strong> F\u00f3rmula 2<\/strong>, <strong>Paul Aron <\/strong>ter\u00e1 de pagar dez posi\u00e7\u00f5es no grid da pr\u00f3xima corrida em que participar. O estoniano recebeu duas san\u00e7\u00f5es por incidentes com <strong>Oliver Bearman<\/strong> e <strong>Zane Maloney<\/strong> <a href=\"https:\/\/www.grandepremio.com\/br\/f2\/noticias\/andrea-kimi-antonelli-sorte-safety-car-fim-vence-corrida-2-f2-hungria-gabriel-bortoleto-4o\/\">durante a <strong>corrida 2 <\/strong><\/a>da rodada da <strong>Hungria<\/strong>, realizada no domingo (21).<\/p>\n\n\n\n<p class=\"wp-block-paragraph\">Aron largou na pole-position, por\u00e9m partiu mal e ainda travou roda na curva 1, despencando posi\u00e7\u00f5es e voltando \u00e0 corrida no meio do pelot\u00e3o. Ainda na volta 1, em disputa contra Bearman, for\u00e7ou o piloto da <strong>Prema <\/strong>para fora do tra\u00e7ado.<\/p>\n\n\n\n<p class=\"wp-block-paragraph\">Os comiss\u00e1rios julgaram que o estoniano n\u00e3o deixou espa\u00e7o suficiente para o rival, punindo-o com 10s convertidos na perda de cinco posi\u00e7\u00f5es no grid da pr\u00f3xima corrida. S\u00f3 que Aron tamb\u00e9m acertou a traseira de Maloney na volta 7, causando o abandono de ambos.<\/p>\n\n\n\n<p class=\"wp-block-paragraph\">O incidente tamb\u00e9m rendeu ao piloto da <strong>Hitech <\/strong>a mesma san\u00e7\u00e3o, totalizando a perda de dez lugares no grid da prova seguinte em que alinhar. Os lances tamb\u00e9m custaram ao todo quatro pontos na carteira de Aron.<\/p>\n\n\n\n<figure class=\"wp-block-video\"><video class=\"video-js vjs-big-play-centered\" data-gp-vjs=\"1\" controls poster=\"https:\/\/www.grandepremio.com\/br\/cdn-cgi\/image\/width=1200,height=675,fit=contain,gravity=0.5x0.5,quality=75,format=webp\/wp-content\/uploads\/2024\/07\/Aron-incredulo-apos-batida-F2-Hungria-poster.jpeg\" src=\"https:\/\/www.grandepremio.com\/br\/wp-content\/uploads\/2024\/07\/Aron-incredulo-apos-batida-F2-Hungria.mp4\"><\/video><figcaption class=\"wp-element-caption\">Paul Aron incr\u00e9dulo ap\u00f3s erro na corrida 2 da Hungria (V\u00eddeo: reprodu\u00e7\u00e3o\/F2)<\/figcaption><\/figure>\n\n\n\n<p class=\"wp-block-paragraph\">A corrida principal foi vencida por <strong>Andrea Kimi Antonelli<\/strong>, com <strong>Victor Martins<\/strong> e <strong>Richard Verschoor <\/strong>completando o p\u00f3dio. <a href=\"https:\/\/www.grandepremio.com\/br\/f2\/noticias\/gabriel-bortoleto-recupera-3o-dia-reves-rivais-hungria-classificacao-f2-2024\/\">Aron anotou cinco pontos<\/a> na rodada magiar e chegou a 122 contra 140 de <strong>Isack Hadjar<\/strong>, que ficou no top-3 da sprint.<\/p>\n\n\n\n<p class=\"wp-block-paragraph\"><strong><img decoding=\"async\" src=\"https:\/\/a.slack-edge.com\/production-standard-emoji-assets\/14.0\/google-medium\/25b6-fe0f.png\" alt=\":seta_para_frente:\">\u00a0Inscreva-se nos dois canais do GRANDE PR\u00caMIO no YouTube:\u00a0<a href=\"https:\/\/www.youtube.com\/channel\/UC9OlHEgxoaY6QY6nWPoiqQg?sub_confirmation=1\" target=\"_blank\" rel=\"noreferrer noopener\">GP<\/a>\u00a0|\u00a0<a href=\"https:\/\/www.youtube.com\/channel\/UC9csiS6q_C3C0FYhyr1rnFA?sub_confirmation=1\" target=\"_blank\" rel=\"noreferrer noopener\">GP2<\/a><\/strong><br><strong><img decoding=\"async\" src=\"https:\/\/a.slack-edge.com\/production-standard-emoji-assets\/14.0\/google-medium\/25b6-fe0f.png\" alt=\":seta_para_frente:\">\u00a0LEIA TAMB\u00c9M: <a href=\"https:\/\/www.grandepremio.com\/br\/f2\/noticias\/andrea-kimi-antonelli-mostra-mais-sensatez-mercedes-prova-precisa-tempo\/\">Antonelli mostra mais sensatez que Mercedes e prova que s\u00f3 precisa de uma coisa: tempo<\/a><\/strong><\/p>\n\n\n\n<figure class=\"wp-block-embed is-type-video is-provider-youtube wp-block-embed-youtube wp-embed-aspect-16-9 wp-has-aspect-ratio\"><div class=\"wp-block-embed__wrapper\">\n<iframe loading=\"lazy\" title=\"PIASTRI VENCE na ORDEM da BURRA McLAREN. HAMILTON 3\u00ba, VERSTAPPEN P* | GP da HUNGRIA F1 | Briefing\" width=\"500\" height=\"281\" src=\"https:\/\/www.youtube.com\/embed\/TKkrCXp161g?feature=oembed\" frameborder=\"0\" allow=\"accelerometer; autoplay; clipboard-write; encrypted-media; gyroscope; picture-in-picture; web-share\" referrerpolicy=\"strict-origin-when-cross-origin\" allowfullscreen><\/iframe>\n<\/div><\/figure>\n","protected":false},"excerpt":{"rendered":"<p>Os dois incidentes na corrida 2 da Hungria \u2014 com Oliver Bearman e Zane Maloney \u2014 renderam ao vice-l\u00edder da F\u00f3rmula 2 2024, Paul Aron, a perda de dez posi\u00e7\u00f5es no grid da pr\u00f3xima corrida em que participar<\/p>\n","protected":false},"author":0,"featured_media":1000844987,"comment_status":"closed","ping_status":"closed","sticky":false,"template":"","format":"standard","meta":{"42wp_featured_image_caption":"","42wp_featured_image_credits":"","42wp_featured_video":"","42wp_featured_image_hidden":false,"42wp_authors_list":[],"footnotes":""},"categories":[9],"tags":[8866,29654,30246,111,32189,2208,35969,1491,28285,35029,4122,40307,32114,3967,40308,32113,29923,35030,25439,35790,32190,28107],"42wp_author":[47147],"class_list":["post-69122","post","type-post","status-publish","format-standard","has-post-thumbnail","hentry","category-f2","tag-budapeste","tag-calendario-f2","tag-classificacao-f2","tag-f2","tag-f2-2024","tag-formula-2","tag-formula-2-2024","tag-grande-premio","tag-grandepremio","tag-horarios-f2","tag-hungaroring","tag-hungaroring-2024","tag-hungaroring-f2","tag-hungria","tag-hungria-2024","tag-hungria-f2","tag-oliver-bearman","tag-onde-assistir-f2","tag-paul-aron","tag-rodada-da-hungria","tag-temporada-2024-f2","tag-zane-maloney","42wp_author-luana-marino"],"_links":{"self":[{"href":"https:\/\/grandepremio.com\/br\/wp-json\/wp\/v2\/posts\/69122","targetHints":{"allow":["GET"]}}],"collection":[{"href":"https:\/\/grandepremio.com\/br\/wp-json\/wp\/v2\/posts"}],"about":[{"href":"https:\/\/grandepremio.com\/br\/wp-json\/wp\/v2\/types\/post"}],"replies":[{"embeddable":true,"href":"https:\/\/grandepremio.com\/br\/wp-json\/wp\/v2\/comments?post=69122"}],"version-history":[{"count":0,"href":"https:\/\/grandepremio.com\/br\/wp-json\/wp\/v2\/posts\/69122\/revisions"}],"wp:featuredmedia":[{"embeddable":true,"href":"https:\/\/grandepremio.com\/br\/wp-json\/wp\/v2\/media\/1000844987"}],"wp:attachment":[{"href":"https:\/\/grandepremio.com\/br\/wp-json\/wp\/v2\/media?parent=69122"}],"wp:term":[{"taxonomy":"category","embeddable":true,"href":"https:\/\/grandepremio.com\/br\/wp-json\/wp\/v2\/categories?post=69122"},{"taxonomy":"post_tag","embeddable":true,"href":"https:\/\/grandepremio.com\/br\/wp-json\/wp\/v2\/tags?post=69122"},{"taxonomy":"42wp_author","embeddable":true,"href":"https:\/\/grandepremio.com\/br\/wp-json\/wp\/v2\/42wp_author?post=69122"}],"curies":[{"name":"wp","href":"https:\/\/api.w.org\/{rel}","templated":true}]}}