{"id":69258,"date":"2024-07-21T16:39:49","date_gmt":"2024-07-21T19:39:49","guid":{"rendered":"https:\/\/grandepremio.com\/br\/noticias\/confira-declaracoes-pilotos-apos-gp-hungria-formula-1-2024\/"},"modified":"2024-07-21T17:08:18","modified_gmt":"2024-07-21T20:08:18","slug":"confira-declaracoes-pilotos-apos-gp-hungria-formula-1-2024","status":"publish","type":"post","link":"https:\/\/grandepremio.com\/br\/f1\/confira-declaracoes-pilotos-apos-gp-hungria-formula-1-2024\/","title":{"rendered":"Confira declara\u00e7\u00f5es dos pilotos ap\u00f3s GP da Hungria da F\u00f3rmula 1 2024"},"content":{"rendered":"\n<p class=\"wp-block-paragraph\">Ap\u00f3s 35 corridas disputadas na principal categoria do esporte a motor, <strong>Oscar Piastri<\/strong> conquistou a primeira vit\u00f3ria da carreira <a href=\"https:\/\/www.grandepremio.com\/br\/f1\/noticias\/oscar-piastri-bate-lando-norris-ganha-1a-vez-f1-patacoada-mclaren-gp-hungria\/\">neste domingo (21)<\/a>, no <strong>GP da Hungria<\/strong>. No entanto, o triunfo s\u00f3 veio depois de a <strong>McLaren<\/strong> ordenar que <strong>Lando Norris<\/strong> cedesse a primeira posi\u00e7\u00e3o ao companheiro de equipe, que acabou perdendo o posto por causa de uma estrat\u00e9gia confusa do time de Woking voltas antes.<\/p>\n\n\n\n<p class=\"wp-block-paragraph\">O #4 obedeceu ao time, cruzando a linha de chegada 2s141 atr\u00e1s do australiano e garantindo o 1-2 para os papaias. <strong>Lewis Hamilton<\/strong>, da <strong>Mercedes<\/strong>, se deu melhor na disputa contra <strong>Max Verstappen<\/strong> e <strong>Charles Leclerc<\/strong> e fechou o top-3 no <strong>Hungaroring<\/strong>. O monegasco da <strong>Ferrari<\/strong> foi o quarto, enquanto que o dono do <strong>RB20 #1<\/strong> terminou em quinto, reclamando muito das decis\u00f5es tomadas pela <strong>Red Bull<\/strong> ao longo da prova.<\/p>\n\n\n\n<p class=\"wp-block-paragraph\"><strong>Carlos Sainz<\/strong> colocou a <strong>SF-24<\/strong> na sexta coloca\u00e7\u00e3o. <strong>Sergio P\u00e9rez<\/strong> e <strong>George Russell<\/strong>, que largaram do fundo do grid, receberam a bandeira quadriculada em s\u00e9timo e oitavo, respectivamente. <strong>Yuki Tsunoda<\/strong> e <strong>Lance Stroll<\/strong> completaram a lista dos dez primeiros.<\/p>\n\n\n\n<p class=\"wp-block-paragraph\">O \u00fanico piloto a n\u00e3o completar a 13\u00aa etapa da temporada 2024 da <strong>F\u00f3rmula 1<\/strong> foi <strong>Pierre Gasly<\/strong>, da <strong>Alpine<\/strong>.<\/p>\n\n\n\n<figure class=\"wp-block-image size-full\"><img decoding=\"async\" src=\"https:\/\/www.grandepremio.com\/br\/wp-content\/uploads\/2024\/07\/image-1-2.png\" alt=\"\" class=\"wp-image-844244\"\/><figcaption class=\"wp-element-caption\">Lando Norris e Oscar Piastri no p\u00f3dio do GP da Hungria (Foto: F1)<\/figcaption><\/figure>\n\n\n\n<p class=\"wp-block-paragraph\"><strong><img decoding=\"async\" src=\"https:\/\/a.slack-edge.com\/production-standard-emoji-assets\/14.0\/google-medium\/25b6-fe0f.png\" alt=\":seta_para_frente:\">\u00a0Inscreva-se nos dois canais do GRANDE PR\u00caMIO no YouTube:\u00a0<a href=\"https:\/\/www.youtube.com\/channel\/UC9OlHEgxoaY6QY6nWPoiqQg?sub_confirmation=1\" target=\"_blank\" rel=\"noreferrer noopener\">GP<\/a>\u00a0|\u00a0<a href=\"https:\/\/www.youtube.com\/channel\/UC9csiS6q_C3C0FYhyr1rnFA?sub_confirmation=1\" target=\"_blank\" rel=\"noreferrer noopener\">GP2<\/a><\/strong><br><strong><img decoding=\"async\" src=\"https:\/\/a.slack-edge.com\/production-standard-emoji-assets\/14.0\/google-medium\/25b6-fe0f.png\" alt=\":seta_para_frente:\">\u00a0LEIA TAMB\u00c9M:\u00a0<a href=\"https:\/\/www.grandepremio.com\/br\/f1\/noticias\/oscar-piastri-bate-lando-norris-ganha-1a-vez-f1-patacoada-mclaren-gp-hungria\/\">Piastri bate Norris e ganha pela 1\u00aa vez na F1 em patacoada da McLaren no GP da Hungria<\/a><\/strong><\/p>\n\n\n\n<p class=\"wp-block-paragraph\" style=\"font-size:29px\"><strong>Confira as declara\u00e7\u00f5es dos pilotos ap\u00f3s o GP da Hungria:<\/strong><\/p>\n\n\n\n<p class=\"wp-block-paragraph\"><strong>Oscar Piastri, primeiro:<\/strong> <a href=\"https:\/\/www.grandepremio.com\/br\/f1\/noticias\/oscar-piastri-elogia-mclaren-diz-inversao-lando-norris-foi-coisa-certa-hungria\/\">Piastri elogia McLaren e diz que invers\u00e3o com Norris \u201cfoi a coisa certa\u201d na Hungria<\/a><\/p>\n\n\n\n<p class=\"wp-block-paragraph\"><strong>Lando Norris, segundo:<\/strong> <a href=\"https:\/\/www.grandepremio.com\/br\/f1\/noticias\/lando-norris-ironiza-ordem-beneficiou-oscar-piastri-hungria-equipe-pediu-fiz-pronto\/\">Norris ironiza ordem que beneficiou Piastri na Hungria: \u201cEquipe pediu, fiz e pronto\u201d<\/a><\/p>\n\n\n\n<p class=\"wp-block-paragraph\"><strong>Lewis Hamilton, terceiro:<\/strong> <a href=\"https:\/\/www.grandepremio.com\/br\/f1\/noticias\/lewis-hamilton-batalha-batida-max-verstappen-incidente-corrida\/\">Hamilton comenta batalha \u201carrepiante\u201d e batida com Verstappen: \u201cIncidente de corrida\u201d<\/a><\/p>\n\n\n\n<p class=\"wp-block-paragraph\"><strong>Charles Leclerc, quarto:<\/strong> <a href=\"https:\/\/www.grandepremio.com\/br\/f1\/noticias\/charles-leclerc-diz-ritmo-estava-la-mas-4o-lugar-hungria-nao-e-suficiente\/\">Leclerc diz que \u201critmo estava l\u00e1\u201d, mas 4\u00ba lugar na Hungria \u201cn\u00e3o \u00e9 suficiente\u201d<\/a><\/p>\n\n\n\n<p class=\"wp-block-paragraph\"><strong>Max Verstappen, quinto:<\/strong> <a href=\"https:\/\/www.grandepremio.com\/br\/f1\/noticias\/max-verstappen-se-irrita-decisoes-red-bull-hungria-claro-nao-estou-feliz\/\">Verstappen se irrita com decis\u00f5es da Red Bull na Hungria: \u201cClaro que n\u00e3o estou feliz\u201d<\/a><\/p>\n\n\n\n<p class=\"wp-block-paragraph\"><strong>Carlos Sainz, sexto:<\/strong> <a href=\"https:\/\/www.grandepremio.com\/br\/f1\/noticias\/carlos-sainz-fala-problemas-embreagem-apos-6o-hungria-comprometeu-toda-corrida\/\">Sainz fala em problemas de embreagem ap\u00f3s 6\u00ba na Hungria: \u201cComprometeu toda a corrida\u201d<\/a><\/p>\n\n\n\n<p class=\"wp-block-paragraph\"><strong>Sergio P\u00e9rez, s\u00e9timo:<\/strong> <a href=\"https:\/\/www.grandepremio.com\/br\/f1\/noticias\/sergio-perez-ritmo-forte-7o-hungria-maximo-poderia-alcancar\/\">P\u00e9rez valoriza \u201critmo forte\u201d e diz que 7\u00ba na Hungria \u201cera m\u00e1ximo que poderia alcan\u00e7ar\u201d<\/a><\/p>\n\n\n\n<figure class=\"wp-block-video\"><video class=\"video-js vjs-big-play-centered\" data-gp-vjs=\"1\" controls poster=\"https:\/\/www.grandepremio.com\/br\/cdn-cgi\/image\/width=1200,height=675,fit=contain,gravity=0.5x0.5,quality=75,format=webp\/wp-content\/uploads\/2024\/07\/Acidente-Verstappen-Hamilton-Hungria-2024-poster.jpeg\" src=\"https:\/\/www.grandepremio.com\/br\/wp-content\/uploads\/2024\/07\/Acidente-Verstappen-Hamilton-Hungria-2024.mp4\"><\/video><figcaption class=\"wp-element-caption\">Toque entre Max Verstappen e Lewis Hamilton na Hungria (V\u00eddeo: ESPN US)<\/figcaption><\/figure>\n\n\n\n<p class=\"wp-block-paragraph\"><strong>George Russell, oitavo:<\/strong> <a href=\"https:\/\/www.grandepremio.com\/br\/f1\/noticias\/george-russell-exalta-evolucao-mercedes-8o-hungria-demos-passos-consistentes\/\">Russell exalta evolu\u00e7\u00e3o da Mercedes ap\u00f3s 8\u00ba na Hungria: \u201cDemos passos consistentes\u201d<\/a><\/p>\n\n\n\n<p class=\"wp-block-paragraph\"><strong>Yuki Tsunoda, nono:<\/strong> <a href=\"https:\/\/www.grandepremio.com\/br\/f1\/noticias\/yuki-tsunoda-se-diz-muito-aliviado-apos-9o-lugar-hungria-credito-para-toda-equipe\/\">Tsunoda se diz \u201cmuito aliviado\u201d ap\u00f3s 9\u00ba lugar na Hungria: \u201cCr\u00e9dito para toda equipe\u201d<\/a><\/p>\n\n\n\n<p class=\"wp-block-paragraph\"><strong>Lance Stroll, d\u00e9cimo:<\/strong> <a href=\"https:\/\/www.grandepremio.com\/br\/f1\/noticias\/10o-lance-stroll-critica-estrategia-aston-martin-hungria-nao-fomos-competitivos\/\">10\u00ba, Stroll critica estrat\u00e9gia da Aston Martin na Hungria: \u201cN\u00e3o fomos competitivos\u201d<\/a><\/p>\n\n\n\n<p class=\"wp-block-paragraph\"><strong>Fernando Alonso, 11\u00ba:<\/strong> <a href=\"https:\/\/www.grandepremio.com\/br\/f1\/noticias\/fernando-alonso-reclama-estrategia-otimista-aston-martin-hungria-nao-ajudou\/\">Alonso reclama de estrat\u00e9gia \u201cotimista\u201d da Aston Martin na Hungria: \u201cN\u00e3o ajudou\u201d<\/a><\/p>\n\n\n\n<p class=\"wp-block-paragraph\"><strong>Daniel Ricciardo, 12\u00ba:<\/strong> &#8220;Hoje foi uma corrida longa e frustrante. N\u00e3o usamos o ritmo que t\u00ednhamos quando est\u00e1vamos com pista livre. Est\u00e1vamos com pneus m\u00e9dios no in\u00edcio da corrida e depois de apenas algumas voltas paramos para novos pneus duros junto de outros carros que largaram com pneus macios, saindo no tr\u00e2nsito. \u00c9 ainda mais frustrante porque fomos r\u00e1pidos durante todo o fim de semana e senti que sa\u00edmos da disputa t\u00e3o cedo, pois n\u00e3o pod\u00edamos lutar contra carros que vinham muito mais r\u00e1pidos com pneus mais novos.&#8221;<\/p>\n\n\n\n<p class=\"wp-block-paragraph\"><strong>Nico H\u00fclkenberg, 13\u00ba:<\/strong> &#8220;Foi uma primeira volta muito ruim que nos pegou de surpresa e nos colocou em desvantagem, e quando voc\u00ea n\u00e3o tem posi\u00e7\u00e3o na pista \u2014 que \u00e9 o que importa por aqui \u2014 \u00e9 muito dif\u00edcil. Quando voc\u00ea est\u00e1 atr\u00e1s, no ar sujo, voc\u00ea tem de tentar algo e abusar da sorte, e uma parada antecipada foi a resposta para isso. Tivemos ent\u00e3o dois stints enormes com pneus duros e sab\u00edamos que isso seria um desafio, pois n\u00e3o conseguir\u00edamos fazer o pneu durar o suficiente. Em uma volta fomos bastante competitivos, mas em trechos longos, nem tanto, um pouco parecido com M\u00f4naco.&#8221;<\/p>\n\n\n\n<figure class=\"wp-block-image size-large\"><img decoding=\"async\" src=\"https:\/\/www.grandepremio.com\/br\/wp-content\/uploads\/2024\/07\/image-1-1-1200x801.png\" alt=\"\" class=\"wp-image-844034\"\/><figcaption class=\"wp-element-caption\">&#8216;3-wide&#8217; entre Oscar Piastri, Lando Norris e Max Verstappen na largada do GP da Hungria (Foto: Pirelli)<\/figcaption><\/figure>\n\n\n\n<p class=\"wp-block-paragraph\"><strong>Alexander Albon, 14\u00ba:<\/strong> &#8220;Precisamos entender o que aconteceu hoje. Acho que perdemos um pouco a estrat\u00e9gia. Se n\u00e3o tiv\u00e9ssemos ficado atr\u00e1s de Fernando na primeira parada, estar\u00edamos bem, mas como ele estava jogando em equipe e ajudou Lance, isso impactou nossa corrida. Est\u00e1vamos planejando as duas paradas e depois mudamos para tr\u00eas, ent\u00e3o comecei a for\u00e7ar os pneus, por\u00e9m, voltamos para duas [paradas], ent\u00e3o voc\u00ea tem de estender seu stint e, a essa altura, os pneus acabaram. Tivemos um \u00f3timo come\u00e7o hoje e, apesar de estarmos decepcionados, reunimos aprendizados valiosos nessas condi\u00e7\u00f5es quentes.&#8221;<\/p>\n\n\n\n<p class=\"wp-block-paragraph\"><strong>Kevin Magnussen, 15\u00ba:<\/strong> &#8220;Fizemos uma aposta ao largar com os pneus macios, o que alguns outros fizeram, e ganhei muitas posi\u00e7\u00f5es na primeira volta. Fui ultrapassado por alguns carros e, no final das contas, n\u00e3o tivemos ritmo hoje para lutar por pontos. Sinto que poder\u00edamos ter feito melhor na classifica\u00e7\u00e3o, mas olhando para o ritmo de hoje n\u00e3o creio que estiv\u00e9ssemos na corrida por pontos. Mesmo assim, tiramos mais uma li\u00e7\u00e3o deste fim de semana.&#8221;<\/p>\n\n\n\n<p class=\"wp-block-paragraph\"><strong>Valtteri Bottas, 16\u00ba:<\/strong> &#8220;No final, simplesmente n\u00e3o tivemos a oportunidade de tirarmos proveito desta corrida. Em alguns momentos tivemos um pouco de azar com o timing das bandeiras azuis e, como consequ\u00eancia, perdemos algum tempo. Mas o principal problema continua sendo a falta de ritmo de corrida. N\u00e3o temos o suficiente para chegar entre os dez primeiros por m\u00e9rito e hoje, com o ritmo que tivemos no pelot\u00e3o intermedi\u00e1rio, n\u00e3o conseguimos ir a lugar nenhum. A corrida tinha come\u00e7ado bem, mas depois de tudo estabilizado n\u00e3o conseguimos acompanhar os carros da RB. Sa\u00edmos da primeira parada nos boxes bastante tarde para ter vantagem com os pneus no final, mas, como sempre, n\u00e3o \u00e9 f\u00e1cil progredir mesmo quando temos compostos mais novos. Ainda assim, o desempenho foi melhor neste fim de semana do que nas \u00faltimas corridas. As atualiza\u00e7\u00f5es nos ajudaram e espero que o mesmo aconte\u00e7a em Spa, por isso precisamos continuar progredindo nesta dire\u00e7\u00e3o. A equipe est\u00e1 melhorando, mas precisamos continuar trabalhando juntos para dar mais um passo \u00e0 frente.&#8221;<\/p>\n\n\n\n<figure class=\"wp-block-image size-full\"><img decoding=\"async\" src=\"https:\/\/www.grandepremio.com\/br\/wp-content\/uploads\/2024\/07\/M451339.png\" alt=\"\" class=\"wp-image-844286\"\/><figcaption class=\"wp-element-caption\">Lewis Hamilton chegou ao p\u00f3dio 200 na F1 (Foto: Mercedes)<\/figcaption><\/figure>\n\n\n\n<p class=\"wp-block-paragraph\"><strong>Logan Sargeant, 17\u00ba:<\/strong> &#8220;Hoje foi um bom dia. Fiquei decepcionado com minha largada e, com isso, complicou um pouco. Do ponto de vista do ritmo, foi um bom dia e, no geral, apesar da minha largada, estou feliz com meu fim de semana. O carro aqui estava melhor do que no ano passado, o que \u00e9 positivo, mas foi uma corrida dif\u00edcil. Fiz o meu melhor e tentamos ser agressivos nas paradas nos boxes, mas n\u00e3o deu certo. Sofremos com o ar sujo e o desgaste. Continuaremos e nos esfor\u00e7aremos mais para nos recuperarmos em Spa.&#8221;<\/p>\n\n\n\n<p class=\"wp-block-paragraph\"><strong>Esteban Ocon, 18\u00ba:<\/strong> &#8220;Foi um dia e um fim de semana decepcionante. Tirando a largada e as primeiras voltas &#8211; onde conquistamos quatro posi\u00e7\u00f5es &#8211; n\u00e3o h\u00e1 muito a dizer sobre a corrida. Precisamos sentar e revisar, mas olhando para tr\u00e1s, provavelmente paramos muito cedo na primeira vez tentando o undercut. Ent\u00e3o tivemos que parar novamente no final, pois os pneus n\u00e3o tinham mais ader\u00eancia. Temos muitas coisas para analisar e melhorar \u2013 operacionalmente, em termos de desempenho e confiabilidade \u2013 a partir deste fim de semana. Precisamos de uma boa reinicializa\u00e7\u00e3o antes do Spa na pr\u00f3xima semana e tentar terminar com uma nota positiva antes das f\u00e9rias de ver\u00e3o.&#8221;<\/p>\n\n\n\n<p class=\"wp-block-paragraph\"><strong>Guanyu Zhou, 19\u00ba:<\/strong> &#8220;Este fim de semana mostrou que o nosso ritmo de volta lan\u00e7ada deu um passo na dire\u00e7\u00e3o certa. No entanto, n\u00e3o vemos o mesmo em termos de ritmo de corrida. Hoje, minha corrida ficou comprometida ap\u00f3s a primeira parada nos boxes. O pit-stop antecipado era para cobrir nossos rivais e proteger Valtteri [Bottas], mas n\u00e3o funcionou como planejado. Com isso, tive de administrar meus pneus, resultando em uma corrida solit\u00e1ria e sem intercorr\u00eancias. Embora o novo pacote de atualiza\u00e7\u00e3o no carro de Valtteri indique progresso, ainda sofremos quando estamos com muito combust\u00edvel e nenhum de n\u00f3s teve a chance de chegar aos pontos. Nossa maior tarefa agora \u00e9 permanecer focados e motivados como equipe. Precisamos entender e aprender mais sobre o pacote de atualiza\u00e7\u00e3o quando ambos o tivermos ap\u00f3s as f\u00e9rias de ver\u00e3o, para que possamos come\u00e7ar de novo, diminuir a diferen\u00e7a e nos tornarmos mais competitivos.&#8221;<\/p>\n\n\n\n<p class=\"wp-block-paragraph\"><strong>Pierre Gasly, n\u00e3o completou:<\/strong> &#8220;Foi um fim de semana frustrante. Comecei no pit-lane depois de introduzir uma nova bateria em meu conjunto de componentes da unidade de pot\u00eancia. Nosso ritmo inicial parecia promissor, ent\u00e3o estendemos o primeiro stint para recuperar algumas posi\u00e7\u00f5es. Nossa estrat\u00e9gia parecia que iria funcionar, ent\u00e3o perdemos uma oportunidade real, pois tivemos de abandonar a corrida por causa de um vazamento hidr\u00e1ulico. \u00c9 um final dif\u00edcil de mais um fim de semana desafiador para n\u00f3s. S\u00f3 precisamos ser melhores e analisar nossos problemas e entender por que eles acontecem. Seguimos em frente e continuaremos trabalhando nisso para superar essas coisas. Devemos garantir que n\u00e3o repetiremos esses erros e voltaremos mais fortes no pr\u00f3ximo fim de semana na B\u00e9lgica.&#8221;<\/p>\n\n\n\n<figure class=\"wp-block-embed is-type-video is-provider-youtube wp-block-embed-youtube wp-embed-aspect-16-9 wp-has-aspect-ratio\"><div class=\"wp-block-embed__wrapper\">\n<iframe loading=\"lazy\" title=\"PIASTRI VENCE na ORDEM da BURRA McLAREN. HAMILTON 3\u00ba, VERSTAPPEN P* | GP da HUNGRIA F1 | Briefing\" width=\"500\" height=\"281\" src=\"https:\/\/www.youtube.com\/embed\/TKkrCXp161g?feature=oembed\" frameborder=\"0\" allow=\"accelerometer; autoplay; clipboard-write; encrypted-media; gyroscope; picture-in-picture; web-share\" referrerpolicy=\"strict-origin-when-cross-origin\" allowfullscreen><\/iframe>\n<\/div><\/figure>\n","protected":false},"excerpt":{"rendered":"<p>Oscar Piastri contou com o apoio da McLaren para conquistar a primeira vit\u00f3ria da carreira na F\u00f3rmula 1. Lando Norris, por sua vez, teve de se contentar com a segunda posi\u00e7\u00e3o, enquanto que Lewis Hamilton ocupou o \u00faltimo lugar do p\u00f3dio no GP da Hungria<\/p>\n","protected":false},"author":0,"featured_media":1000844456,"comment_status":"closed","ping_status":"closed","sticky":false,"template":"","format":"standard","meta":{"42wp_featured_image_caption":"","42wp_featured_image_credits":"","42wp_featured_video":"","42wp_featured_image_hidden":false,"42wp_authors_list":[],"footnotes":""},"categories":[2],"tags":[654,546,209,5660,969,211,302,147,3230,642,160,176,180,30909,800,1647,40306,1491,30103,28285,3746,4122,117,485,547,87,25553,203,1521,2916,676,3132,612,597],"42wp_author":[47160],"class_list":["post-69258","post","type-post","status-publish","format-standard","has-post-thumbnail","hentry","category-f1","tag-alexander-albon","tag-carlos-sainz","tag-charles-leclerc","tag-classificacao","tag-corrida","tag-daniel-ricciardo","tag-esteban-ocon","tag-f1","tag-f1-2024","tag-f1-ao-vivo","tag-f1-tv","tag-fernando-alonso","tag-formula-1","tag-formula-1-2024","tag-george-russell","tag-gp-da-hungria","tag-gp-da-hungria-2024","tag-grande-premio","tag-grande-premio-f1","tag-grandepremio","tag-guanyu-zhou","tag-hungaroring","tag-kevin-magnussen","tag-lance-stroll","tag-lando-norris","tag-lewis-hamilton","tag-logan-sargeant","tag-max-verstappen","tag-nico-hulkenberg","tag-oscar-piastri","tag-pierre-gasly","tag-sergio-perez","tag-valtteri-bottas","tag-yuki-tsunoda","42wp_author-vicente-soella"],"_links":{"self":[{"href":"https:\/\/grandepremio.com\/br\/wp-json\/wp\/v2\/posts\/69258","targetHints":{"allow":["GET"]}}],"collection":[{"href":"https:\/\/grandepremio.com\/br\/wp-json\/wp\/v2\/posts"}],"about":[{"href":"https:\/\/grandepremio.com\/br\/wp-json\/wp\/v2\/types\/post"}],"replies":[{"embeddable":true,"href":"https:\/\/grandepremio.com\/br\/wp-json\/wp\/v2\/comments?post=69258"}],"version-history":[{"count":0,"href":"https:\/\/grandepremio.com\/br\/wp-json\/wp\/v2\/posts\/69258\/revisions"}],"wp:featuredmedia":[{"embeddable":true,"href":"https:\/\/grandepremio.com\/br\/wp-json\/wp\/v2\/media\/1000844456"}],"wp:attachment":[{"href":"https:\/\/grandepremio.com\/br\/wp-json\/wp\/v2\/media?parent=69258"}],"wp:term":[{"taxonomy":"category","embeddable":true,"href":"https:\/\/grandepremio.com\/br\/wp-json\/wp\/v2\/categories?post=69258"},{"taxonomy":"post_tag","embeddable":true,"href":"https:\/\/grandepremio.com\/br\/wp-json\/wp\/v2\/tags?post=69258"},{"taxonomy":"42wp_author","embeddable":true,"href":"https:\/\/grandepremio.com\/br\/wp-json\/wp\/v2\/42wp_author?post=69258"}],"curies":[{"name":"wp","href":"https:\/\/api.w.org\/{rel}","templated":true}]}}