{"id":69328,"date":"2024-07-21T14:20:13","date_gmt":"2024-07-21T17:20:13","guid":{"rendered":"https:\/\/grandepremio.com\/br\/noticias\/charles-leclerc-diz-ritmo-estava-la-mas-4o-lugar-hungria-nao-e-suficiente\/"},"modified":"2024-07-21T14:20:25","modified_gmt":"2024-07-21T17:20:25","slug":"charles-leclerc-diz-ritmo-estava-la-mas-4o-lugar-hungria-nao-e-suficiente","status":"publish","type":"post","link":"https:\/\/grandepremio.com\/br\/f1\/charles-leclerc-diz-ritmo-estava-la-mas-4o-lugar-hungria-nao-e-suficiente\/","title":{"rendered":"Leclerc diz que \u201critmo estava l\u00e1\u201d, mas 4\u00ba lugar na Hungria \u201cn\u00e3o \u00e9 suficiente\u201d"},"content":{"rendered":"\n<p class=\"wp-block-paragraph\"><strong>Charles Leclerc<\/strong><a href=\"https:\/\/www.grandepremio.com\/br\/f1\/noticias\/oscar-piastri-bate-lando-norris-ganha-1a-vez-f1-patacoada-mclaren-gp-hungria\/\"> foi quarto colocado no <strong>GP da Hungria<\/strong><\/a> e conquistou seu melhor resultado desde a vit\u00f3ria no <strong>GP de M\u00f4naco<\/strong>, mas ainda assim n\u00e3o est\u00e1 contente com o que a <strong>Ferrari <\/strong>apresentou no <strong>Hungaroring<\/strong>. Embora reconhe\u00e7a que a <strong>SF-24<\/strong> finalmente voltou a apresentar um ritmo decente, o monegasco disse que o que alcan\u00e7ou ainda \u201cn\u00e3o \u00e9 o suficiente\u201d.<\/p>\n\n\n\n<p class=\"wp-block-paragraph\"><strong>Leclerc <\/strong>enfrentou um momento complicado na <strong>F1 <\/strong>ap\u00f3s vencer o <strong>GP de M\u00f4naco<\/strong>. Antes de cruzar a linha de chegada em quarto lugar no <strong>Hungaroring<\/strong>, o titular da <strong>Ferrari <\/strong>havia pontuado em apenas uma das \u00faltimas quatro corridas.<\/p>\n\n\n\n<p class=\"wp-block-paragraph\">No <strong>GP da Hungria<\/strong>, embora tenha largado apenas de sexto, <strong>Leclerc <\/strong>conseguiu alinhar uma boa estrat\u00e9gia com o bom ritmo da <strong>SF-24<\/strong> para escalar at\u00e9 a quarta coloca\u00e7\u00e3o. Embora reconhe\u00e7a que o comportamento do carro melhorou em corrida, o monegasco disse que o resultado ainda n\u00e3o \u00e9 bom o suficiente e reiterou que a Ferrari precisa ser mais forte na classifica\u00e7\u00e3o.<\/p>\n\n\n\n<p class=\"wp-block-paragraph\">\u201cHoje foi melhor do que o esperado. Senti que o ritmo estava muito bom. Essa pista \u00e9 muito dif\u00edcil de ultrapassar, mas est\u00e1vamos em boa posi\u00e7\u00e3o. A segunda parada foi muito boa. Tivemos que fazer uma escolha para o \u00faltimo stint: parar com Lewis e tentar superar Verstappen, ou ficar na pista com Max\u201d, disse Leclerc.<\/p>\n\n\n\n<figure class=\"wp-block-image size-large\"><img decoding=\"async\" src=\"https:\/\/www.grandepremio.com\/br\/wp-content\/uploads\/2024\/07\/hungria-2024-f1-corrida-ferrari-charles-leclerc-03-1200x800.jpg\" alt=\"\" class=\"wp-image-844113\"\/><figcaption class=\"wp-element-caption\">Charles Leclerc cobrou melhor ritmo de classifica\u00e7\u00e3o por parte da Ferrari (Foto: Ferrari)<\/figcaption><\/figure>\n\n\n\n<p class=\"wp-block-paragraph\">\u201cDecidimos parar, o que n\u00e3o creio que tenha sido uma m\u00e1 escolha, mas que nos complicou muito, porque eu estava com um pneu muito mais usado quando Max me ultrapassou. Ent\u00e3o foi uma corrida dif\u00edcil, mas o ritmo estava l\u00e1. Mas um quarto lugar n\u00e3o \u00e9 suficiente para me satisfazer. Quer dizer, olhando para o panorama geral, ainda nos falta muito na classifica\u00e7\u00e3o em compara\u00e7\u00e3o com os nossos principais rivais. E em pistas como esta, pagamos o pre\u00e7o\u201d, finalizou o #16.<\/p>\n\n\n\n<p class=\"wp-block-paragraph\">A\u00a0<a href=\"https:\/\/www.grandepremio.com\/br\/f1\/\" target=\"_blank\" rel=\"noreferrer noopener\">F\u00f3rmula 1<\/a>\u00a0volta de\u00a0<strong>26 a 28 de julho<\/strong>, em\u00a0<strong><a href=\"https:\/\/www.grandepremio.com\/br\/circuito\/spa-francorchamps\/\" target=\"_blank\" rel=\"noreferrer noopener\">Spa-Francorchamps<\/a><\/strong>, para a disputa do\u00a0<strong>GP da B\u00e9lgica<\/strong>.<\/p>\n\n\n\n<p class=\"wp-block-paragraph\"><strong><img decoding=\"async\" src=\"https:\/\/a.slack-edge.com\/production-standard-emoji-assets\/14.0\/google-medium\/25b6-fe0f.png\" alt=\":seta_para_frente:\">\u00a0Inscreva-se nos dois canais do GRANDE PR\u00caMIO no YouTube:\u00a0<a href=\"https:\/\/www.youtube.com\/channel\/UC9OlHEgxoaY6QY6nWPoiqQg?sub_confirmation=1\" target=\"_blank\" rel=\"noreferrer noopener\">GP<\/a>\u00a0|\u00a0<a href=\"https:\/\/www.youtube.com\/channel\/UC9csiS6q_C3C0FYhyr1rnFA?sub_confirmation=1\" target=\"_blank\" rel=\"noreferrer noopener\">GP2<\/a><\/strong><br><strong><img decoding=\"async\" src=\"https:\/\/a.slack-edge.com\/production-standard-emoji-assets\/14.0\/google-medium\/25b6-fe0f.png\" alt=\":seta_para_frente:\">\u00a0LEIA TAMB\u00c9M:<a href=\"https:\/\/www.grandepremio.com\/br\/f1\/noticias\/5-coisas-que-aprendemos-no-sabado-do-gp-da-hungria-da-formula-1-2024\/\">5 coisas que aprendemos no s\u00e1bado do GP da Hungria da\u00a0<\/a><a href=\"https:\/\/www.grandepremio.com\/br\/f1\/\" target=\"_blank\" rel=\"noreferrer noopener\">F\u00f3rmula 1<\/a>\u00a02024<\/strong><\/p>\n\n\n\n<figure class=\"wp-block-embed is-type-video is-provider-youtube wp-block-embed-youtube wp-embed-aspect-16-9 wp-has-aspect-ratio\"><div class=\"wp-block-embed__wrapper\">\n<iframe loading=\"lazy\" title=\"PIASTRI VENCE na ORDEM da BURRA McLAREN. HAMILTON 3\u00ba, VERSTAPPEN P* | GP da HUNGRIA F1 | Briefing\" width=\"500\" height=\"281\" src=\"https:\/\/www.youtube.com\/embed\/TKkrCXp161g?feature=oembed\" frameborder=\"0\" allow=\"accelerometer; autoplay; clipboard-write; encrypted-media; gyroscope; picture-in-picture; web-share\" referrerpolicy=\"strict-origin-when-cross-origin\" allowfullscreen><\/iframe>\n<\/div><\/figure>\n","protected":false},"excerpt":{"rendered":"<p>Charles Leclerc conseguiu voltar \u00e0 zona de pontos com a Ferrari em 2024, mas ainda n\u00e3o est\u00e1 satisfeito com o desempenho apresentado pela SF-24<\/p>\n","protected":false},"author":0,"featured_media":1000843166,"comment_status":"closed","ping_status":"closed","sticky":false,"template":"","format":"standard","meta":{"42wp_featured_image_caption":"","42wp_featured_image_credits":"","42wp_featured_video":"","42wp_featured_image_hidden":false,"42wp_authors_list":[],"footnotes":""},"categories":[2],"tags":[209,147,3230,207,578,1647,1491,28285,4122,2780,37187,5360],"42wp_author":[47149],"class_list":["post-69328","post","type-post","status-publish","format-standard","has-post-thumbnail","hentry","category-f1","tag-charles-leclerc","tag-f1","tag-f1-2024","tag-ferrari","tag-ferrari-f1","tag-gp-da-hungria","tag-grande-premio","tag-grandepremio","tag-hungaroring","tag-leclerc","tag-leclerc-f1","tag-leclerc-na-ferrari","42wp_author-bernardo-castro"],"_links":{"self":[{"href":"https:\/\/grandepremio.com\/br\/wp-json\/wp\/v2\/posts\/69328","targetHints":{"allow":["GET"]}}],"collection":[{"href":"https:\/\/grandepremio.com\/br\/wp-json\/wp\/v2\/posts"}],"about":[{"href":"https:\/\/grandepremio.com\/br\/wp-json\/wp\/v2\/types\/post"}],"replies":[{"embeddable":true,"href":"https:\/\/grandepremio.com\/br\/wp-json\/wp\/v2\/comments?post=69328"}],"version-history":[{"count":0,"href":"https:\/\/grandepremio.com\/br\/wp-json\/wp\/v2\/posts\/69328\/revisions"}],"wp:featuredmedia":[{"embeddable":true,"href":"https:\/\/grandepremio.com\/br\/wp-json\/wp\/v2\/media\/1000843166"}],"wp:attachment":[{"href":"https:\/\/grandepremio.com\/br\/wp-json\/wp\/v2\/media?parent=69328"}],"wp:term":[{"taxonomy":"category","embeddable":true,"href":"https:\/\/grandepremio.com\/br\/wp-json\/wp\/v2\/categories?post=69328"},{"taxonomy":"post_tag","embeddable":true,"href":"https:\/\/grandepremio.com\/br\/wp-json\/wp\/v2\/tags?post=69328"},{"taxonomy":"42wp_author","embeddable":true,"href":"https:\/\/grandepremio.com\/br\/wp-json\/wp\/v2\/42wp_author?post=69328"}],"curies":[{"name":"wp","href":"https:\/\/api.w.org\/{rel}","templated":true}]}}