{"id":69384,"date":"2024-07-21T10:36:57","date_gmt":"2024-07-21T13:36:57","guid":{"rendered":"https:\/\/grandepremio.com\/br\/noticias\/andrea-kimi-antonelli-diz-comete-erros-questiona-vaga-f1-2025-nao-sei-se-estarei-pronto\/"},"modified":"2024-07-21T10:45:00","modified_gmt":"2024-07-21T13:45:00","slug":"andrea-kimi-antonelli-diz-comete-erros-questiona-vaga-f1-2025-nao-sei-se-estarei-pronto","status":"publish","type":"post","link":"https:\/\/grandepremio.com\/br\/f2\/andrea-kimi-antonelli-diz-comete-erros-questiona-vaga-f1-2025-nao-sei-se-estarei-pronto\/","title":{"rendered":"Antonelli diz que &#8220;comete erros&#8221; e questiona vaga na F1 em 2025: &#8220;N\u00e3o sei se estarei pronto&#8221;"},"content":{"rendered":"\n<p class=\"wp-block-paragraph\">Ap\u00f3s conquistar a vit\u00f3ria na corrida principal da <strong>F\u00f3rmula 2<\/strong> na <strong>Hungria<\/strong>, <a href=\"https:\/\/www.grandepremio.com\/br\/f2\/noticias\/andrea-kimi-antonelli-sorte-safety-car-fim-vence-corrida-2-f2-hungria-gabriel-bortoleto-4o\/\">neste domingo (21)<\/a>, <strong>Andrea Kimi Antonelli<\/strong> foi muito sincero ao comentar sobre as especula\u00e7\u00f5es relacionadas ao poss\u00edvel futuro na categoria principal j\u00e1 em 2025 para ocupar a vaga ao lado de <strong>George Russell<\/strong>, na <strong>Mercedes<\/strong>. De acordo com o jovem italiano, ele ainda precisa aprender muitas coisas na principal classe de acesso \u00e0 <strong>F\u00f3rmula 1<\/strong>.<\/p>\n\n\n\n<p class=\"wp-block-paragraph\">O grande sucesso do piloto da <strong>Prema<\/strong> em 2022 e 2023, quando venceu a <strong>F4 Italiana<\/strong>, a <strong>F4 Alem\u00e3<\/strong> e a <strong>FRECA<\/strong>, fez com que o time de Brackley decidisse colocar Kimi diretamente na <strong>F2<\/strong> em 2024, pulando a <strong>F3<\/strong>, que seria o caminho natural. No in\u00edcio de fevereiro, por\u00e9m, logo ap\u00f3s <strong>Lewis Hamilton<\/strong> anunciar que vestir\u00e1 as cores da <strong>Ferrari<\/strong> no pr\u00f3ximo certame, Antonelli rapidamente entrou na lista de <strong>Toto Wolff<\/strong> como um dos prov\u00e1veis substitutos do heptacampe\u00e3o.<\/p>\n\n\n\n<p class=\"wp-block-paragraph\">Em meio \u00e0s especula\u00e7\u00f5es, Andrea teve um in\u00edcio de ano complicado, principalmente por causa do desempenho ruim da Prema sob o novo regulamento da categoria de base. Entretanto, o companheiro de <strong>Oliver Bearman<\/strong> come\u00e7ou a performar muito bem nas \u00faltimas etapas e at\u00e9 venceu a corrida sprint da rodada na <strong>Inglaterra<\/strong>, h\u00e1 15 dias, repetindo o feito \u2014 agora na prova principal \u2014 no <strong>Hungaroring<\/strong>, pulando para a sexta posi\u00e7\u00e3o na classifica\u00e7\u00e3o do campeonato. Mas o pr\u00f3prio piloto decidiu manter os p\u00e9s nos ch\u00e3o em rela\u00e7\u00e3o \u00e0 uma promo\u00e7\u00e3o para a <strong>F1<\/strong> em 2025.<\/p>\n\n\n\n<p class=\"wp-block-paragraph\">&#8220;Para ser sincero, n\u00e3o sei se estarei pronto. Ainda estou aprendendo muito na F2&#8221;, come\u00e7ou Kimi. &#8220;Definitivamente ainda cometo muitos erros, e os detalhes que realmente importam, ainda n\u00e3o estou fazendo tudo certo. S\u00f3 quero ser honesto&#8221;, continuou, antes de argumentar falando sobre os erros cometidos na sprint da rodada em <strong>Budapeste<\/strong>.<\/p>\n\n\n\n<figure class=\"wp-block-image size-full\"><img decoding=\"async\" src=\"https:\/\/www.grandepremio.com\/br\/wp-content\/uploads\/2024\/07\/Antonelli-F2-Hungria-Mercedes.jpg\" alt=\"\" class=\"wp-image-843865\"\/><figcaption class=\"wp-element-caption\">Andrea Kimi Antonelli venceu a corrida 2 da Hungria (Foto: Mercedes)<\/figcaption><\/figure>\n\n\n\n<p class=\"wp-block-paragraph\">&#8220;No s\u00e1bado, cometi um pequeno erro na curva 1. Travei um pouco e acabei com os pneus, e, apesar de saber disso, continuei for\u00e7ando e acabei desgastando mais ainda, tendo de ir para os boxes. Mas essa definitivamente foi uma boa li\u00e7\u00e3o para a corrida principal. Ainda h\u00e1 trabalho a fazer, mas estamos indo na dire\u00e7\u00e3o certa&#8221;, comemorou Antonelli.<\/p>\n\n\n\n<p class=\"wp-block-paragraph\">Com toda a press\u00e3o de ser o prov\u00e1vel substituto de um dos maiores pilotos de todos os tempos, o italiano admitiu que pensar sobre isso estava atrapalhando o desempenho em pista, mas garantiu que a vit\u00f3ria no circuito brit\u00e2nico serviu para acalmar os \u00e2nimos. &#8220;Depois de Silverstone, me sinto muito mais leve \u2014 h\u00e1 bem menos press\u00e3o sobre meus ombros&#8221;, revelou.<\/p>\n\n\n\n<p class=\"wp-block-paragraph\">&#8220;A press\u00e3o estava aumentando fim de semana ap\u00f3s fim de semana, obviamente, com todas as especula\u00e7\u00f5es. Silverstone foi um grande al\u00edvio para mim, e acho que neste fim de semana eu estava pilotando de maneira mais livre do que nos anteriores, estava pilotando de forma muito mais natural sem realmente pensar no resultado, apenas focando em mim mesmo. E acho que deu certo&#8221;, explicou. &#8220;Mesmo esta vit\u00f3ria, em uma corrida principal e em pista seca, \u00e9 um grande al\u00edvio e um grande resultado para todos n\u00f3s&#8221;, finalizou Antonelli.<\/p>\n\n\n\n<p class=\"wp-block-paragraph\">A\u00a0<a href=\"https:\/\/www.grandepremio.com\/br\/f2\/\" target=\"_blank\" rel=\"noreferrer noopener\">F\u00f3rmula 2<\/a>\u00a0retorna j\u00e1 no pr\u00f3ximo final de semana, de<strong>\u00a026 a 28 de julho<\/strong>, para a\u00a0<strong>rodada da B\u00e9lgica<\/strong>, no cl\u00e1ssico circuito de\u00a0<strong><a href=\"https:\/\/www.grandepremio.com\/br\/circuito\/spa-francorchamps\/\" target=\"_blank\" rel=\"noreferrer noopener\">Spa-Francorchamps<\/a><\/strong>. O\u00a0<strong>GRANDE PR\u00caMIO<\/strong>\u00a0acompanha todas as atividades da\u00a0<strong>temporada 2024<\/strong>.<\/p>\n\n\n\n<figure class=\"wp-block-embed is-type-video is-provider-youtube wp-block-embed-youtube wp-embed-aspect-16-9 wp-has-aspect-ratio\"><div class=\"wp-block-embed__wrapper\">\n<iframe loading=\"lazy\" title=\"SEM DESCULPA! Red Bull tem op\u00e7\u00e3o DE SOBRA para DESTRAVAR academia | GP \u00e0s 10\" width=\"500\" height=\"281\" src=\"https:\/\/www.youtube.com\/embed\/hDTL1SlOB-w?feature=oembed\" frameborder=\"0\" allow=\"accelerometer; autoplay; clipboard-write; encrypted-media; gyroscope; picture-in-picture; web-share\" referrerpolicy=\"strict-origin-when-cross-origin\" allowfullscreen><\/iframe>\n<\/div><\/figure>\n","protected":false},"excerpt":{"rendered":"<p>Em meio \u00e0s especula\u00e7\u00f5es sobre uma poss\u00edvel ida para a Mercedes, Andrea Kimi Antonelli questionou a pr\u00f3pria capacidade de estar na F\u00f3rmula 1 em 2025, afirmando que ainda est\u00e1 &#8220;aprendendo muito&#8221; na principal categoria de acesso<\/p>\n","protected":false},"author":0,"featured_media":1000837812,"comment_status":"closed","ping_status":"closed","sticky":false,"template":"","format":"standard","meta":{"42wp_featured_image_caption":"","42wp_featured_image_credits":"","42wp_featured_video":"","42wp_featured_image_hidden":false,"42wp_authors_list":[],"footnotes":""},"categories":[9],"tags":[27861,180,30909,2208,35969,1647,40306,4122,82],"42wp_author":[47160],"class_list":["post-69384","post","type-post","status-publish","format-standard","has-post-thumbnail","hentry","category-f2","tag-andrea-kimi-antonelli","tag-formula-1","tag-formula-1-2024","tag-formula-2","tag-formula-2-2024","tag-gp-da-hungria","tag-gp-da-hungria-2024","tag-hungaroring","tag-mercedes","42wp_author-vicente-soella"],"_links":{"self":[{"href":"https:\/\/grandepremio.com\/br\/wp-json\/wp\/v2\/posts\/69384","targetHints":{"allow":["GET"]}}],"collection":[{"href":"https:\/\/grandepremio.com\/br\/wp-json\/wp\/v2\/posts"}],"about":[{"href":"https:\/\/grandepremio.com\/br\/wp-json\/wp\/v2\/types\/post"}],"replies":[{"embeddable":true,"href":"https:\/\/grandepremio.com\/br\/wp-json\/wp\/v2\/comments?post=69384"}],"version-history":[{"count":0,"href":"https:\/\/grandepremio.com\/br\/wp-json\/wp\/v2\/posts\/69384\/revisions"}],"wp:featuredmedia":[{"embeddable":true,"href":"https:\/\/grandepremio.com\/br\/wp-json\/wp\/v2\/media\/1000837812"}],"wp:attachment":[{"href":"https:\/\/grandepremio.com\/br\/wp-json\/wp\/v2\/media?parent=69384"}],"wp:term":[{"taxonomy":"category","embeddable":true,"href":"https:\/\/grandepremio.com\/br\/wp-json\/wp\/v2\/categories?post=69384"},{"taxonomy":"post_tag","embeddable":true,"href":"https:\/\/grandepremio.com\/br\/wp-json\/wp\/v2\/tags?post=69384"},{"taxonomy":"42wp_author","embeddable":true,"href":"https:\/\/grandepremio.com\/br\/wp-json\/wp\/v2\/42wp_author?post=69384"}],"curies":[{"name":"wp","href":"https:\/\/api.w.org\/{rel}","templated":true}]}}