{"id":69472,"date":"2024-07-20T17:16:33","date_gmt":"2024-07-20T20:16:33","guid":{"rendered":"https:\/\/grandepremio.com\/br\/noticias\/robin-frijns-sai-mao-machucada-acidente-jake-dennis-londres-1-para-hospital\/"},"modified":"2024-07-20T18:52:18","modified_gmt":"2024-07-20T21:52:18","slug":"robin-frijns-sai-mao-machucada-acidente-jake-dennis-londres-1-para-hospital","status":"publish","type":"post","link":"https:\/\/grandepremio.com\/br\/formula-e\/robin-frijns-sai-mao-machucada-acidente-jake-dennis-londres-1-para-hospital\/","title":{"rendered":"Frijns sai com m\u00e3o machucada ap\u00f3s acidente com Dennis em Londres 1 e para no hospital"},"content":{"rendered":"\n<p class=\"wp-block-paragraph\">Depois de dois p\u00f3dios na rodada dupla de Portland, <strong>Robin Frijns<\/strong> come\u00e7ou este s\u00e1bado (20) da <strong><a href=\"https:\/\/www.grandepremio.com\/br\/formula-e\/noticias\/pascal-wehrlein-bate-mitch-evans-conquista-vitoria-imponente-ep-de-londres-1-formula-e\/\">corrida 1 do eP de Londres<\/a><\/strong> em alta. Fez boa classifica\u00e7\u00e3o, foi aos duelos, mas <strong><a href=\"https:\/\/www.grandepremio.com\/br\/video\/formula-e\/robin-frijns-empurrado-por-jake-dennis-provoca-bandeira-amarela-ep-de-londres-1-formula-e\/\">logo na primeira volta tomou um encontr\u00e3o<\/a><\/strong> de <strong>Jake Dennis<\/strong>, travou <strong>Sam Bird<\/strong> e precisou abandonar. Mais tarde, foi encaminhado ao hospital.<\/p>\n\n\n\n<p class=\"wp-block-paragraph\">O acidente foi nos primeiros metros. Dennis tentou se esgueirar por dentro na segunda da \u00faltima chicane do tra\u00e7ado londrino e acabou acertando Frijns, que perdeu o controle e passou reto pela pista at\u00e9 a parte oposta. Quase sem velocidade, ainda embarreirou <strong>Sam Bird<\/strong>, que conseguiu evitar acidente mas caiu para a \u00faltima posi\u00e7\u00e3o.<\/p>\n\n\n\n<p class=\"wp-block-paragraph\">Apesar do toque de Dennis n\u00e3o ter sido forte, o fato de ter sido repentino impactou Frijns. Ainda durante a corrida, a <strong>Envision<\/strong> comunicou que o piloto fora levado a um hospital pr\u00f3ximo para ser checado. A F\u00f3rmula E, pouco depois, confirmou que o problema era na m\u00e3o direita.<\/p>\n\n\n\n<p class=\"wp-block-paragraph\">&#8220;Ap\u00f3s um incidente na 15\u00aa etapa da F\u00f3rmula E 2024, o piloto da Envision, Robin Frijns, ser\u00e1 encaminhado ao hospital para checagem m\u00e9dica. Faremos atualiza\u00e7\u00f5es no momento oportuno&#8221;, informou a equipe em comunicado.<\/p>\n\n\n\n<figure class=\"wp-block-image size-large\"><img decoding=\"async\" src=\"https:\/\/www.grandepremio.com\/br\/wp-content\/uploads\/2024\/07\/ROBIN-FRIJNS-ACIDENTE-EP-DE-LONDRES-1-1200x806.jpg\" alt=\"\" class=\"wp-image-843435\"\/><figcaption class=\"wp-element-caption\">Frijns teve carro destru\u00eddo e abandonou a prova (Foto: Reprodu\u00e7\u00e3o\/GRANDE PR\u00caMIO)<\/figcaption><\/figure>\n\n\n\n<p class=\"wp-block-paragraph\">Frijns j\u00e1 sofreu uma les\u00e3o grave de m\u00e3o na primeira etapa do campeonato passado, na Cidade do M\u00e9xico. Nos \u00faltimos anos, foram v\u00e1rias as les\u00f5es de punho em corridas da F\u00f3rmula E &#8211; Bird foi mais um a <strong><a href=\"https:\/\/www.grandepremio.com\/br\/formula-e\/noticias\/mclaren-confirma-cirurgia-sam-bird-escala-taylor-barnard-rodada-dupla-berlim\/\">sofrer neste ano<\/a><\/strong>. Por isso, a FIA j\u00e1 anunciou um <strong><a href=\"https:\/\/www.grandepremio.com\/br\/formula-e\/noticias\/formula-e-mexe-regra-poe-protecao-extra-luvas-pilotos-apos-lesoes-mao\/\">novo tipo de luva protetora<\/a><\/strong> para a temporada passada.<\/p>\n\n\n\n<p class=\"wp-block-paragraph\">Pela batida, Dennis recebeu puni\u00e7\u00e3o de 10s somados ao tempo total de prova e mais dois pontos na carteira. O campe\u00e3o vigente ainda foi punido uma segunda vez por incidente com <strong>Jean-\u00c9ric Vergne<\/strong>.<\/p>\n\n\n\n<p class=\"wp-block-paragraph\"><strong>ATUALIZA\u00c7\u00c3O<\/strong>: J\u00e1 na noite brasileira deste s\u00e1bado, quase madrugada no hor\u00e1rio ingl\u00eas, a Envision comunicou que Frijns deixou o hospital e est\u00e1 &#8220;de bom humor&#8221;. Contudo, a defini\u00e7\u00e3o sobre participa\u00e7\u00e3o ou aus\u00eancia na corrida 2 do eP de Londres ser\u00e1 feita apenas por meio de avalia\u00e7\u00e3o m\u00e9dica da FIA, na manh\u00e3 do domingo, antes do terceiro treino livre. <\/p>\n\n\n\n<p class=\"wp-block-paragraph\">O&nbsp;<strong>eP de&nbsp;<a href=\"https:\/\/www.grandepremio.com\/br\/circuito\/londres\/\" target=\"_blank\" rel=\"noreferrer noopener\">Londres<\/a><\/strong>&nbsp;continua amanh\u00e3 e todas as sess\u00f5es de pista ter\u00e3o&nbsp;transmiss\u00e3o&nbsp;<strong>AO VIVO e COM IMAGENS<\/strong>&nbsp;nos canais do&nbsp;<strong>GRANDE PR\u00caMIO<\/strong>&nbsp;no&nbsp;<strong><a href=\"https:\/\/www.youtube.com\/c\/GrandePremioTV\" target=\"_blank\" rel=\"noreferrer noopener\">YouTube<\/a><\/strong>&nbsp;e no&nbsp;<strong><a href=\"https:\/\/m.kwai.com\/user\/@grandepremio\" target=\"_blank\" rel=\"noreferrer noopener\">Kwai<\/a><\/strong>. Para a segunda prova, a programa\u00e7\u00e3o se repete:&nbsp;<strong>treino livre 3<\/strong>&nbsp;\u00e0s&nbsp;<strong>5h45<\/strong>&nbsp;(de Bras\u00edlia, GMT-3),&nbsp;<strong>classifica\u00e7\u00e3o<\/strong>&nbsp;a partir de&nbsp;<strong>7h50&nbsp;<\/strong>e&nbsp;<a href=\"https:\/\/formula1aovivo.com\/\" target=\"_blank\" rel=\"noreferrer noopener\">transmiss\u00e3o<\/a>&nbsp;aberta para a&nbsp;<strong>corrida 2<\/strong>&nbsp;\u00e0s&nbsp;<strong>12h30<\/strong>. Logo depois de cada prova, o&nbsp;<strong>GP&nbsp;<\/strong>debate tudo que rolou na prova da<strong>&nbsp;Inglaterra<\/strong>&nbsp;com o&nbsp;<strong>BRIEFING<\/strong>.<\/p>\n\n\n\n<p class=\"wp-block-paragraph\"><strong>\u25b6\ufe0f&nbsp;Inscreva-se nos dois canais do GRANDE PR\u00caMIO no YouTube:&nbsp;<a href=\"https:\/\/www.youtube.com\/channel\/UC9OlHEgxoaY6QY6nWPoiqQg?sub_confirmation=1\" target=\"_blank\" rel=\"noreferrer noopener\">GP<\/a>&nbsp;|&nbsp;<a href=\"https:\/\/www.youtube.com\/channel\/UC9csiS6q_C3C0FYhyr1rnFA?sub_confirmation=1\" target=\"_blank\" rel=\"noreferrer noopener\">GP2<\/a><\/strong><\/p>\n\n\n\n<figure class=\"wp-block-video\"><video class=\"video-js vjs-big-play-centered\" data-gp-vjs=\"1\" controls src=\"https:\/\/www.grandepremio.com\/br\/wp-content\/uploads\/2024\/07\/Dennis-Frijns-e-Bird-primeira-volta-ep-de-londres-formula-e-2024-1.mp4\"><\/video><figcaption class=\"wp-element-caption\">O acidente que envolveu Dennis, Frijns e Bird na primeira volta do eP de Londres 1 (V\u00eddeo: GRANDE PR\u00caMIO\/F\u00f3rmula E)<\/figcaption><\/figure>\n","protected":false},"excerpt":{"rendered":"<p>Robin Frijns foi tocado por Jake Dennis logo na primeira volta da corrida 1 do eP de Londres e abandonou o evento. Depois, ainda foi encaminhado para o hospital <\/p>\n","protected":false},"author":0,"featured_media":1000843703,"comment_status":"closed","ping_status":"closed","sticky":false,"template":"","format":"standard","meta":{"42wp_featured_image_caption":"","42wp_featured_image_credits":"","42wp_featured_video":"","42wp_featured_image_hidden":false,"42wp_authors_list":[],"footnotes":""},"categories":[19],"tags":[487,417,5660,10437,35967,34647,37545,35905,33841,37745,3269,8928,25262,90,1593,976],"42wp_author":[47120],"class_list":["post-69472","post","type-post","status-publish","format-standard","has-post-thumbnail","hentry","category-formula-e","tag-acidente","tag-andretti","tag-classificacao","tag-envision","tag-formula-e-2024","tag-formula-e-ao-vivo","tag-formula-e-live","tag-formula-e-londres","tag-formula-e-no-grande-premio","tag-formula-e-tv-2024","tag-hospital","tag-jake-dennis","tag-lesao","tag-mclaren","tag-robin-frijns","tag-sam-bird","42wp_author-pedro-henrique-marum"],"_links":{"self":[{"href":"https:\/\/grandepremio.com\/br\/wp-json\/wp\/v2\/posts\/69472","targetHints":{"allow":["GET"]}}],"collection":[{"href":"https:\/\/grandepremio.com\/br\/wp-json\/wp\/v2\/posts"}],"about":[{"href":"https:\/\/grandepremio.com\/br\/wp-json\/wp\/v2\/types\/post"}],"replies":[{"embeddable":true,"href":"https:\/\/grandepremio.com\/br\/wp-json\/wp\/v2\/comments?post=69472"}],"version-history":[{"count":0,"href":"https:\/\/grandepremio.com\/br\/wp-json\/wp\/v2\/posts\/69472\/revisions"}],"wp:featuredmedia":[{"embeddable":true,"href":"https:\/\/grandepremio.com\/br\/wp-json\/wp\/v2\/media\/1000843703"}],"wp:attachment":[{"href":"https:\/\/grandepremio.com\/br\/wp-json\/wp\/v2\/media?parent=69472"}],"wp:term":[{"taxonomy":"category","embeddable":true,"href":"https:\/\/grandepremio.com\/br\/wp-json\/wp\/v2\/categories?post=69472"},{"taxonomy":"post_tag","embeddable":true,"href":"https:\/\/grandepremio.com\/br\/wp-json\/wp\/v2\/tags?post=69472"},{"taxonomy":"42wp_author","embeddable":true,"href":"https:\/\/grandepremio.com\/br\/wp-json\/wp\/v2\/42wp_author?post=69472"}],"curies":[{"name":"wp","href":"https:\/\/api.w.org\/{rel}","templated":true}]}}