{"id":69491,"date":"2024-07-20T16:27:56","date_gmt":"2024-07-20T19:27:56","guid":{"rendered":"https:\/\/grandepremio.com\/br\/noticias\/sebastien-buemi-confirma-reacao-envision-com-podio-celebra-familia-ep-de-londres-1\/"},"modified":"2024-07-20T16:29:49","modified_gmt":"2024-07-20T19:29:49","slug":"sebastien-buemi-confirma-reacao-envision-com-podio-celebra-familia-ep-de-londres-1","status":"publish","type":"post","link":"https:\/\/grandepremio.com\/br\/formula-e\/sebastien-buemi-confirma-reacao-envision-com-podio-celebra-familia-ep-de-londres-1\/","title":{"rendered":"Buemi confirma rea\u00e7\u00e3o da Envision com p\u00f3dio e celebra em fam\u00edlia no eP de Londres 1"},"content":{"rendered":"\n<p class=\"wp-block-paragraph\"><strong>S\u00e9bastien Buemi <\/strong>aproveitou o terceiro lugar conquistado na<strong> corrida 1<\/strong> do <strong>eP de Londres<\/strong> da <strong>F\u00f3rmula E<\/strong> para comemorar o resultado em fam\u00edlia na <strong>ExCel Arena<\/strong>. Depois de vencer as<strong> 6 Horas de S\u00e3o Paulo<\/strong> do <strong>Mundial de Endurance (WEC)<\/strong> na semana passada, o <strong>#16<\/strong> mostrou consist\u00eancia desde o in\u00edcio dos treinos livres em Londres, brigou pela pole-position com <strong>Mitch Evans<\/strong>, da <strong>Jaguar<\/strong>, e foi o terceiro mais r\u00e1pido na prova deste s\u00e1bado (20).<\/p>\n\n\n\n<p class=\"wp-block-paragraph\">Embora seja tarde para a<strong> Envision<\/strong> \u2014 atual campe\u00e3 do <strong>Mundial de Equipes<\/strong> \u2014 reagir para tentar competir na temporada 2023\/24 da F\u00f3rmula E, o su\u00ed\u00e7o celebrou o resultado.<\/p>\n\n\n\n<p class=\"wp-block-paragraph\">&#8220;Prometi que, se fosse ao p\u00f3dio, comemoraria com a minha fam\u00edlia e aqui est\u00e3o eles. Acho que fui bem na classifica\u00e7\u00e3o e consegui ir bem na corrida tamb\u00e9m&#8221;, disse Buemi. &#8220;Amanh\u00e3 faremos o nosso melhor novamente&#8221;, resumiu o piloto.<\/p>\n\n\n\n<p class=\"wp-block-paragraph\">Embora o piloto n\u00e3o tenha chances de t\u00edtulo, tudo ser\u00e1 resolvido neste domingo, com a 16\u00aa e \u00faltima etapa da temporada da categoria dos carros el\u00e9tricos. <strong>Pascal Wehrlein<\/strong> <a href=\"https:\/\/www.grandepremio.com\/br\/formula-e\/noticias\/pascal-wehrlein-bate-mitch-evans-conquista-vitoria-imponente-ep-de-londres-1-formula-e\/\">venceu a corrida<\/a> e retomou a lideran\u00e7a, enquanto Evans e <strong>Nick Cassidy<\/strong> brigam pelo t\u00edtulo e v\u00e3o precisar superar o alem\u00e3o da <strong>Porsche<\/strong> na <strong>corrida 2<\/strong>.<\/p>\n\n\n\n<figure class=\"wp-block-image size-large\"><img decoding=\"async\" src=\"https:\/\/www.grandepremio.com\/br\/wp-content\/uploads\/2023\/03\/EPS906_103012_V6A0406-2048x2048-1-1024x683.jpg\" alt=\"\" class=\"wp-image-665319\"\/><figcaption class=\"wp-element-caption\">S\u00e9bastien Buemi celebrou p\u00f3dio (Foto: F\u00f3rmula E)<\/figcaption><\/figure>\n\n\n\n<p class=\"wp-block-paragraph\">O&nbsp;<strong>eP de&nbsp;<a href=\"https:\/\/www.grandepremio.com\/br\/circuito\/londres\/\" target=\"_blank\" rel=\"noreferrer noopener\">Londres<\/a><\/strong>&nbsp;acontece entre os dias<strong>&nbsp;19 a 21 de julho<\/strong>, e todas as sess\u00f5es de pista ter\u00e3o&nbsp;transmiss\u00e3o&nbsp;<strong>AO VIVO e COM IMAGENS<\/strong>&nbsp;nos canais do&nbsp;<strong>GRANDE PR\u00caMIO<\/strong>&nbsp;no&nbsp;<strong><a href=\"https:\/\/www.youtube.com\/c\/GrandePremioTV\" target=\"_blank\" rel=\"noreferrer noopener\">YouTube<\/a><\/strong>&nbsp;e no&nbsp;<strong><a href=\"https:\/\/m.kwai.com\/user\/@grandepremio\" target=\"_blank\" rel=\"noreferrer noopener\">Kwai<\/a><\/strong>. Para a segunda prova, a programa\u00e7\u00e3o se repete neste domingo (21):&nbsp;<strong>treino livre 3<\/strong>&nbsp;\u00e0s&nbsp;<strong>5h45<\/strong>,&nbsp;<strong>classifica\u00e7\u00e3o<\/strong>&nbsp;a partir de&nbsp;<strong>7h30&nbsp;<\/strong>e&nbsp;<a href=\"https:\/\/formula1aovivo.com\/\" target=\"_blank\" rel=\"noreferrer noopener\">transmiss\u00e3o<\/a>&nbsp;aberta para a&nbsp;<strong>corrida 2<\/strong>&nbsp;\u00e0s&nbsp;<strong>12h30<\/strong>. Logo depois de cada prova, o&nbsp;<strong>GP&nbsp;<\/strong>debate tudo que rolou na prova da<strong>&nbsp;Inglaterra<\/strong>&nbsp;com o&nbsp;<strong>BRIEFING<\/strong>.<\/p>\n\n\n\n<p class=\"wp-block-paragraph\"><strong>\u25b6\ufe0f&nbsp;Inscreva-se nos dois canais do GRANDE PR\u00caMIO no YouTube:&nbsp;<a href=\"https:\/\/www.youtube.com\/channel\/UC9OlHEgxoaY6QY6nWPoiqQg?sub_confirmation=1\" target=\"_blank\" rel=\"noreferrer noopener\">GP<\/a>&nbsp;|&nbsp;<a href=\"https:\/\/www.youtube.com\/channel\/UC9csiS6q_C3C0FYhyr1rnFA?sub_confirmation=1\" target=\"_blank\" rel=\"noreferrer noopener\">GP2<\/a><\/strong><\/p>\n\n\n\n<figure class=\"wp-block-embed is-type-video is-provider-youtube wp-block-embed-youtube wp-embed-aspect-4-3 wp-has-aspect-ratio\"><div class=\"wp-block-embed__wrapper\">\n<iframe loading=\"lazy\" title=\"F\u00d3RMULA E 2024 COM IMAGENS | eP DE LONDRES | 15\u00aa etapa | Corrida\" width=\"500\" height=\"281\" src=\"https:\/\/www.youtube.com\/embed\/D18kgT_I58g?feature=oembed\" frameborder=\"0\" allow=\"accelerometer; autoplay; clipboard-write; encrypted-media; gyroscope; picture-in-picture; web-share\" referrerpolicy=\"strict-origin-when-cross-origin\" allowfullscreen><\/iframe>\n<\/div><\/figure>\n","protected":false},"excerpt":{"rendered":"<p>Embora seja tarde para a Envision \u2014 atual campe\u00e3 do Mundial de Equipes \u2014 reagir para tentar competir na temporada 2023\/24 da F\u00f3rmula E, o su\u00ed\u00e7o comemorou o resultado e o p\u00f3dio na Inglaterra<\/p>\n","protected":false},"author":0,"featured_media":1000843635,"comment_status":"closed","ping_status":"closed","sticky":false,"template":"","format":"standard","meta":{"42wp_featured_image_caption":"","42wp_featured_image_credits":"","42wp_featured_video":"","42wp_featured_image_hidden":false,"42wp_authors_list":[],"footnotes":""},"categories":[19],"tags":[28679,6853,10437,840,35967,1491,28285,35442,36219,876,37653],"42wp_author":[47161],"class_list":["post-69491","post","type-post","status-publish","format-standard","has-post-thumbnail","hentry","category-formula-e","tag-calendario-formula-e","tag-classificacao-formula-e","tag-envision","tag-formula-e","tag-formula-e-2024","tag-grande-premio","tag-grandepremio","tag-horarios-formula-e","tag-onde-assistir-formula-e","tag-sebastien-buemi","tag-temporada-2024-da-formula-e","42wp_author-kaio-esteves"],"_links":{"self":[{"href":"https:\/\/grandepremio.com\/br\/wp-json\/wp\/v2\/posts\/69491","targetHints":{"allow":["GET"]}}],"collection":[{"href":"https:\/\/grandepremio.com\/br\/wp-json\/wp\/v2\/posts"}],"about":[{"href":"https:\/\/grandepremio.com\/br\/wp-json\/wp\/v2\/types\/post"}],"replies":[{"embeddable":true,"href":"https:\/\/grandepremio.com\/br\/wp-json\/wp\/v2\/comments?post=69491"}],"version-history":[{"count":0,"href":"https:\/\/grandepremio.com\/br\/wp-json\/wp\/v2\/posts\/69491\/revisions"}],"wp:featuredmedia":[{"embeddable":true,"href":"https:\/\/grandepremio.com\/br\/wp-json\/wp\/v2\/media\/1000843635"}],"wp:attachment":[{"href":"https:\/\/grandepremio.com\/br\/wp-json\/wp\/v2\/media?parent=69491"}],"wp:term":[{"taxonomy":"category","embeddable":true,"href":"https:\/\/grandepremio.com\/br\/wp-json\/wp\/v2\/categories?post=69491"},{"taxonomy":"post_tag","embeddable":true,"href":"https:\/\/grandepremio.com\/br\/wp-json\/wp\/v2\/tags?post=69491"},{"taxonomy":"42wp_author","embeddable":true,"href":"https:\/\/grandepremio.com\/br\/wp-json\/wp\/v2\/42wp_author?post=69491"}],"curies":[{"name":"wp","href":"https:\/\/api.w.org\/{rel}","templated":true}]}}