{"id":69503,"date":"2024-07-20T15:21:29","date_gmt":"2024-07-20T18:21:29","guid":{"rendered":"https:\/\/grandepremio.com\/br\/noticias\/charles-leclerc-fala-sensacao-melhor-hungria-mas-cre-performance-ainda-nao-veio\/"},"modified":"2024-07-21T17:24:46","modified_gmt":"2024-07-21T20:24:46","slug":"charles-leclerc-fala-sensacao-melhor-hungria-mas-cre-performance-ainda-nao-veio","status":"publish","type":"post","link":"https:\/\/grandepremio.com\/br\/f1\/charles-leclerc-fala-sensacao-melhor-hungria-mas-cre-performance-ainda-nao-veio\/","title":{"rendered":"Leclerc fala em &#8220;sensa\u00e7\u00e3o melhor&#8221; na Hungria, mas cr\u00ea que performance &#8220;ainda n\u00e3o veio&#8221;"},"content":{"rendered":"\n<p class=\"wp-block-paragraph\"><strong>Charles Leclerc<\/strong> vai largar na sexta posi\u00e7\u00e3o no <strong>GP da Hungria<\/strong>. Ap\u00f3s <a href=\"https:\/\/www.grandepremio.com\/br\/f1\/noticias\/lando-norris-voa-conquista-pole-dobradinha-mclaren-grid-gp-hungria\/\">a classifica\u00e7\u00e3o disputada neste s\u00e1bado (20)<\/a>, a diferen\u00e7a de 0s678 para o pole-position \u00e9, na vis\u00e3o do piloto, um progresso ainda que pequeno, mas longe de ser o suficiente.<\/p>\n\n\n\n<p class=\"wp-block-paragraph\">Para quem veio de treinos livres para se esquecer, afinal, <a href=\"https:\/\/www.grandepremio.com\/br\/f1\/noticias\/charles-leclerc-assume-exagero-tl2-hungria-mas-batida-nao-causou-muitos-danos\/\">a batida durante o TL2 h\u00fangaro<\/a> minou qualquer possibilidade de brigar por um resultado melhor do que foi conquistado. &#8220;Estou feliz hoje? N\u00e3o. A sensa\u00e7\u00e3o foi melhor neste fim de semana, mas a performance ainda n\u00e3o veio&#8221;.<\/p>\n\n\n\n<p class=\"wp-block-paragraph\">O desempenho do <strong>SF-24<\/strong> nesse momento do campeonato est\u00e1 distante das rivais <strong>McLaren<\/strong> e <strong>Red Bull<\/strong> e, desta forma, a terceira fila em <strong>Hungaroring<\/strong> n\u00e3o \u00e9 um sucesso, apenas um resultado decente para a <strong>Ferrari<\/strong> e que deixa longe, inclusive, na briga por um p\u00f3dio na corrida.<\/p>\n\n\n\n<p class=\"wp-block-paragraph\">&#8220;A volta no Q3 n\u00e3o foi ruim, mas ela poderia ter valido, no m\u00e1ximo, um quarto ou quinto lugar, nada al\u00e9m disso. Essas eram as posi\u00e7\u00f5es da equipe hoje, n\u00e3o houve muito mais que pud\u00e9ssemos fazer&#8221;, completou Leclerc.<\/p>\n\n\n\n<figure class=\"wp-block-image size-large\"><img decoding=\"async\" src=\"https:\/\/www.grandepremio.com\/br\/wp-content\/uploads\/2024\/07\/hungria-2024-f1-classificacao-ferrari-charles-leclerc-03-1200x800.jpg\" alt=\"\" class=\"wp-image-843313\"\/><figcaption class=\"wp-element-caption\">Leclerc parte da terceira fila na Hungria (Foto: Ferrari)<\/figcaption><\/figure>\n\n\n\n<p class=\"wp-block-paragraph\">O\u00a0<strong>GRANDE PR\u00caMIO<\/strong>\u00a0acompanha<strong>\u00a0<a href=\"https:\/\/www.grandepremio.com\/br\/ao-vivo\/f1\/\" target=\"_blank\" rel=\"noreferrer noopener\">AO VIVO<\/a><\/strong><a href=\"https:\/\/www.grandepremio.com\/br\/ao-vivo\/f1\/\" target=\"_blank\" rel=\"noreferrer noopener\">\u00a0e\u00a0<strong>EM\u00a0<\/strong><\/a><a href=\"https:\/\/www.grandepremio.com\/br\/ao-vivo\/\" target=\"_blank\" rel=\"noreferrer noopener\"><strong>TEMPO REAL<\/strong><\/a>\u00a0todas as atividades do\u00a0<strong>GP da Hungria<\/strong>\u00a0de\u00a0<a href=\"https:\/\/www.grandepremio.com\/br\/f1\/\" target=\"_blank\" rel=\"noreferrer noopener\">F\u00f3rmula 1<\/a>\u00a0e transmite classifica\u00e7\u00e3o e corrida em segunda tela, em parceria com a Voz do Esporte, na<strong>\u00a0<a href=\"https:\/\/www.youtube.com\/c\/GrandePremioTV\/streams\" target=\"_blank\" rel=\"noreferrer noopener\">GPTV, o canal do GP no Youtube<\/a><\/strong>. <\/p>\n\n\n\n<p class=\"wp-block-paragraph\">Al\u00e9m disso, debate tudo que aconteceu na pista com o\u00a0<strong>Briefing\u00a0<\/strong>ap\u00f3s treinos livres e classifica\u00e7\u00e3o, al\u00e9m de antes e depois da corrida. No domingo (21), os pilotos disputam a\u00a0<strong>corrida\u00a0<\/strong>em\u00a0<strong>Budapeste\u00a0<\/strong>a partir das\u00a0<strong>10h<\/strong>\u00a0(de Bras\u00edlia, GMT-3).<\/p>\n\n\n\n<p class=\"wp-block-paragraph\"><strong>Inscreva-se nos dois canais do GRANDE PR\u00caMIO no YouTube:\u00a0<a href=\"https:\/\/www.youtube.com\/channel\/UC9OlHEgxoaY6QY6nWPoiqQg?sub_confirmation=1\" target=\"_blank\" rel=\"noreferrer noopener\">GP<\/a>\u00a0|\u00a0<a href=\"https:\/\/www.youtube.com\/channel\/UC9csiS6q_C3C0FYhyr1rnFA?sub_confirmation=1\" target=\"_blank\" rel=\"noreferrer noopener\">GP2<\/a><\/strong><br><strong>LEIA TAMB\u00c9M:\u00a0<a href=\"https:\/\/www.grandepremio.com\/br\/f1\/noticias\/red-bull-repaginada-mercedes-mudancas-sutis-atualizacoes-gp-da-hungria\/\">Red Bull repaginada e Mercedes com mudan\u00e7as sutis: atualiza\u00e7\u00f5es do GP da Hungria<\/a><\/strong><\/p>\n\n\n\n<figure class=\"wp-block-embed is-type-video is-provider-youtube wp-block-embed-youtube wp-embed-aspect-16-9 wp-has-aspect-ratio\"><div class=\"wp-block-embed__wrapper\">\n<iframe loading=\"lazy\" title=\"NORRIS POLE em 1-2 da McLAREN, VERSTAPPEN 3\u00ba: a CLASSIFICA\u00c7\u00c3O do GP da HUNGRIA de F1 | Briefing\" width=\"500\" height=\"281\" src=\"https:\/\/www.youtube.com\/embed\/19Rr86LOzCs?feature=oembed\" frameborder=\"0\" allow=\"accelerometer; autoplay; clipboard-write; encrypted-media; gyroscope; picture-in-picture; web-share\" referrerpolicy=\"strict-origin-when-cross-origin\" allowfullscreen><\/iframe>\n<\/div><\/figure>\n","protected":false},"excerpt":{"rendered":"<p>Monegasco sente que houve um progresso pequeno na Hungria, mas falou que volta no Q3 daria, no m\u00e1ximo, um quarto ou quinto lugar para a Ferrari na classifica\u00e7\u00e3o<\/p>\n","protected":false},"author":0,"featured_media":1000843166,"comment_status":"closed","ping_status":"closed","sticky":false,"template":"","format":"standard","meta":{"42wp_featured_image_caption":"","42wp_featured_image_credits":"","42wp_featured_video":"","42wp_featured_image_hidden":false,"42wp_authors_list":[],"footnotes":""},"categories":[2],"tags":[26271,546,209,5273,147,3230,207,180,30909,1647,1491,28285,30840,4122,40307,32082,3967,40308,4005,35129,33301],"42wp_author":[47128],"class_list":["post-69503","post","type-post","status-publish","format-standard","has-post-thumbnail","hentry","category-f1","tag-calendario-f1","tag-carlos-sainz","tag-charles-leclerc","tag-classificacao-f1","tag-f1","tag-f1-2024","tag-ferrari","tag-formula-1","tag-formula-1-2024","tag-gp-da-hungria","tag-grande-premio","tag-grandepremio","tag-horarios-f1","tag-hungaroring","tag-hungaroring-2024","tag-hungaroring-f1","tag-hungria","tag-hungria-2024","tag-hungria-f1","tag-onde-assistir-f1","tag-temporada-2024-f1","42wp_author-guilherme-bloisi"],"_links":{"self":[{"href":"https:\/\/grandepremio.com\/br\/wp-json\/wp\/v2\/posts\/69503","targetHints":{"allow":["GET"]}}],"collection":[{"href":"https:\/\/grandepremio.com\/br\/wp-json\/wp\/v2\/posts"}],"about":[{"href":"https:\/\/grandepremio.com\/br\/wp-json\/wp\/v2\/types\/post"}],"replies":[{"embeddable":true,"href":"https:\/\/grandepremio.com\/br\/wp-json\/wp\/v2\/comments?post=69503"}],"version-history":[{"count":0,"href":"https:\/\/grandepremio.com\/br\/wp-json\/wp\/v2\/posts\/69503\/revisions"}],"wp:featuredmedia":[{"embeddable":true,"href":"https:\/\/grandepremio.com\/br\/wp-json\/wp\/v2\/media\/1000843166"}],"wp:attachment":[{"href":"https:\/\/grandepremio.com\/br\/wp-json\/wp\/v2\/media?parent=69503"}],"wp:term":[{"taxonomy":"category","embeddable":true,"href":"https:\/\/grandepremio.com\/br\/wp-json\/wp\/v2\/categories?post=69503"},{"taxonomy":"post_tag","embeddable":true,"href":"https:\/\/grandepremio.com\/br\/wp-json\/wp\/v2\/tags?post=69503"},{"taxonomy":"42wp_author","embeddable":true,"href":"https:\/\/grandepremio.com\/br\/wp-json\/wp\/v2\/42wp_author?post=69503"}],"curies":[{"name":"wp","href":"https:\/\/api.w.org\/{rel}","templated":true}]}}