{"id":69549,"date":"2024-07-20T12:49:15","date_gmt":"2024-07-20T15:49:15","guid":{"rendered":"https:\/\/grandepremio.com\/br\/noticias\/lando-norris-cita-confianca-mclaren-espera-controlar-situacao-para-vencer-hungria\/"},"modified":"2024-07-20T13:14:40","modified_gmt":"2024-07-20T16:14:40","slug":"lando-norris-cita-confianca-mclaren-espera-controlar-situacao-para-vencer-hungria","status":"publish","type":"post","link":"https:\/\/grandepremio.com\/br\/f1\/lando-norris-cita-confianca-mclaren-espera-controlar-situacao-para-vencer-hungria\/","title":{"rendered":"Norris cita &#8220;confian\u00e7a&#8221; da McLaren e espera &#8220;controlar situa\u00e7\u00e3o&#8221; para vencer na Hungria"},"content":{"rendered":"\n<p class=\"wp-block-paragraph\"><strong>Lando Norris<\/strong> confirmou o favoritismo da <strong>McLaren<\/strong> e garantiu a pole-position para a 13\u00aa etapa da temporada 2024 da <strong>F\u00f3rmula 1<\/strong>, o <strong>GP da Hungria<\/strong>, que acontece neste domingo (21). O atual <a href=\"https:\/\/www.grandepremio.com\/br\/f1\/classificacao\/\">segundo colocado do Mundial de Pilotos<\/a> declarou que a escuderia comandada por <strong>Andrea Stella<\/strong> est\u00e1 &#8220;feliz e confiante&#8221; de que podem fazer &#8220;um bom trabalho&#8221; e conquistar um bom resultado. <\/p>\n\n\n\n<p class=\"wp-block-paragraph\">O brit\u00e2nico j\u00e1 havia mostrado a for\u00e7a do time de Woking no <strong>Hungaroring<\/strong> durante os treinos livres, <a href=\"https:\/\/www.grandepremio.com\/br\/f1\/noticias\/lando-norris-dita-ritmo-1-2-mclaren-tl3-gp-hungria-max-verstappen-terceiro\/\">sendo o mais r\u00e1pido<\/a> no TL2 e no TL3. Na <a href=\"https:\/\/www.grandepremio.com\/br\/f1\/noticias\/lando-norris-voa-conquista-pole-dobradinha-mclaren-grid-gp-hungria\/\">classifica\u00e7\u00e3o deste s\u00e1bado<\/a>, o dono do <strong>MCL38 #4<\/strong> cravou 1min15s227 e superou o companheiro de equipe, <strong>Oscar Piastri<\/strong>, por apenas 0s022, fechando a primeira fila totalmente papaia no circuito h\u00fangaro. <strong>Max Verstappen<\/strong>, da <strong>Red Bull<\/strong>, cravou 1min15s273 e completou o top-3.<\/p>\n\n\n\n<p class=\"wp-block-paragraph\">&#8220;Muito, muito feliz. N\u00e3o foi uma classifica\u00e7\u00e3o f\u00e1cil, com condi\u00e7\u00f5es diferentes como aconteceu, mas terminar no topo \u00e9 sempre a melhor parte de tudo. Principalmente para a equipe, pois 1-2 \u00e9 ainda melhor. Ent\u00e3o parab\u00e9ns \u00e0 equipe&#8221;, declarou Norris ap\u00f3s a defini\u00e7\u00e3o do grid de largada.<\/p>\n\n\n\n<p class=\"wp-block-paragraph\">&#8220;J\u00e1 estamos com muita confian\u00e7a, ent\u00e3o n\u00e3o \u00e9 como se precis\u00e1ssemos de muito mais disso ou se estiv\u00e9ssemos procurando por isso. Chegamos a este fim de semana, depois dos \u00faltimos, felizes e confiantes de que podemos fazer um bom trabalho e que t\u00ednhamos um bom carro para brigar pela pole, e foi o que fizemos hoje&#8221;, continuou.<\/p>\n\n\n\n<figure class=\"wp-block-image size-large\"><img decoding=\"async\" src=\"https:\/\/www.grandepremio.com\/br\/wp-content\/uploads\/2024\/07\/hungria-2024-f1-treino-livre-mclaren-lando-norris-05-1200x800.jpg\" alt=\"\" class=\"wp-image-842725\"\/><figcaption class=\"wp-element-caption\">Lando Norris confirmou favoritismo da McLaren e conquistou pole do GP da Hungria (Foto: McLaren)<\/figcaption><\/figure>\n\n\n\n<p class=\"wp-block-paragraph\"><strong><img decoding=\"async\" src=\"https:\/\/a.slack-edge.com\/production-standard-emoji-assets\/14.0\/google-medium\/25b6-fe0f.png\" alt=\":seta_para_frente:\">&nbsp;Inscreva-se nos dois canais do GRANDE PR\u00caMIO no YouTube:&nbsp;<a href=\"https:\/\/www.youtube.com\/channel\/UC9OlHEgxoaY6QY6nWPoiqQg?sub_confirmation=1\" target=\"_blank\" rel=\"noreferrer noopener\">GP<\/a>&nbsp;|&nbsp;<a href=\"https:\/\/www.youtube.com\/channel\/UC9csiS6q_C3C0FYhyr1rnFA?sub_confirmation=1\" target=\"_blank\" rel=\"noreferrer noopener\">GP2<\/a><\/strong><br><strong><img decoding=\"async\" src=\"https:\/\/a.slack-edge.com\/production-standard-emoji-assets\/14.0\/google-medium\/25b6-fe0f.png\" alt=\":seta_para_frente:\">&nbsp;LEIA TAMB\u00c9M:&nbsp;<a href=\"https:\/\/www.grandepremio.com\/br\/f1\/noticias\/lando-norris-voa-conquista-pole-dobradinha-mclaren-grid-gp-hungria\/\">Norris voa e conquista pole em dobradinha da McLaren no grid do GP da Hungria<\/a><\/strong><\/p>\n\n\n\n<p class=\"wp-block-paragraph\">A chuva que caiu durante alguns minutos poderia ter colocado tudo a perder para a McLaren, mas Lando destacou que a equipe agora s\u00f3 precisa fazer um bom trabalho. &#8220;Estamos na melhor posi\u00e7\u00e3o, sejam quais forem as condi\u00e7\u00f5es. Com dois carros na primeira fila, podemos controlar a situa\u00e7\u00e3o a partir da\u00ed. Por isso, enquanto permanecermos onde estamos, ficaremos felizes&#8221;, finalizou Norris.<\/p>\n\n\n\n<p class=\"wp-block-paragraph\">O&nbsp;<strong>GRANDE PR\u00caMIO<\/strong>&nbsp;acompanha<strong>&nbsp;<a href=\"https:\/\/www.grandepremio.com\/br\/ao-vivo\/f1\/\" target=\"_blank\" rel=\"noreferrer noopener\">AO VIVO<\/a><\/strong><a href=\"https:\/\/www.grandepremio.com\/br\/ao-vivo\/f1\/\" target=\"_blank\" rel=\"noreferrer noopener\">&nbsp;e&nbsp;<strong>EM&nbsp;<\/strong><\/a><a href=\"https:\/\/www.grandepremio.com\/br\/ao-vivo\/\" target=\"_blank\" rel=\"noreferrer noopener\"><strong>TEMPO REAL<\/strong><\/a>&nbsp;todas as atividades do&nbsp;<strong>GP da Hungria<\/strong>&nbsp;de&nbsp;<a href=\"https:\/\/www.grandepremio.com\/br\/f1\/\" target=\"_blank\" rel=\"noreferrer noopener\">F\u00f3rmula 1<\/a>&nbsp;e transmite classifica\u00e7\u00e3o e corrida em segunda tela, em parceria com a Voz do Esporte, na<strong>&nbsp;<a href=\"https:\/\/www.youtube.com\/c\/GrandePremioTV\/streams\" target=\"_blank\" rel=\"noreferrer noopener\">GPTV, o canal do GP no Youtube<\/a><\/strong>. Al\u00e9m disso, debate tudo que aconteceu na pista com o&nbsp;<strong>Briefing&nbsp;<\/strong>ap\u00f3s treinos livres e classifica\u00e7\u00e3o, al\u00e9m de antes e depois da corrida. No domingo (21), os pilotos disputam a&nbsp;<strong>corrida&nbsp;<\/strong>em&nbsp;<strong>Budapeste&nbsp;<\/strong>a partir das&nbsp;<strong>10h<\/strong>.<\/p>\n\n\n\n<figure class=\"wp-block-embed is-type-video is-provider-youtube wp-block-embed-youtube wp-embed-aspect-16-9 wp-has-aspect-ratio\"><div class=\"wp-block-embed__wrapper\">\n<iframe loading=\"lazy\" title=\"NORRIS POLE em 1-2 da McLAREN, VERSTAPPEN 3\u00ba: a CLASSIFICA\u00c7\u00c3O do GP da HUNGRIA de F1 | Briefing\" width=\"500\" height=\"281\" src=\"https:\/\/www.youtube.com\/embed\/19Rr86LOzCs?feature=oembed\" frameborder=\"0\" allow=\"accelerometer; autoplay; clipboard-write; encrypted-media; gyroscope; picture-in-picture; web-share\" referrerpolicy=\"strict-origin-when-cross-origin\" allowfullscreen><\/iframe>\n<\/div><\/figure>\n","protected":false},"excerpt":{"rendered":"<p>Lando Norris afirmou que as condi\u00e7\u00f5es adversas da pista dificultaram a vida dos pilotos na classifica\u00e7\u00e3o do GP da Hungria, mas disse estar &#8220;muito feliz&#8221; ap\u00f3s conquistar a segunda pole na temporada 2024 da F\u00f3rmula 1<\/p>\n","protected":false},"author":0,"featured_media":1000842541,"comment_status":"closed","ping_status":"closed","sticky":false,"template":"","format":"standard","meta":{"42wp_featured_image_caption":"","42wp_featured_image_credits":"","42wp_featured_video":"","42wp_featured_image_hidden":false,"42wp_authors_list":[],"footnotes":""},"categories":[2],"tags":[5660,969,147,3230,642,160,180,30909,1647,40306,1491,30103,28285,4122,547,90],"42wp_author":[47160],"class_list":["post-69549","post","type-post","status-publish","format-standard","has-post-thumbnail","hentry","category-f1","tag-classificacao","tag-corrida","tag-f1","tag-f1-2024","tag-f1-ao-vivo","tag-f1-tv","tag-formula-1","tag-formula-1-2024","tag-gp-da-hungria","tag-gp-da-hungria-2024","tag-grande-premio","tag-grande-premio-f1","tag-grandepremio","tag-hungaroring","tag-lando-norris","tag-mclaren","42wp_author-vicente-soella"],"_links":{"self":[{"href":"https:\/\/grandepremio.com\/br\/wp-json\/wp\/v2\/posts\/69549","targetHints":{"allow":["GET"]}}],"collection":[{"href":"https:\/\/grandepremio.com\/br\/wp-json\/wp\/v2\/posts"}],"about":[{"href":"https:\/\/grandepremio.com\/br\/wp-json\/wp\/v2\/types\/post"}],"replies":[{"embeddable":true,"href":"https:\/\/grandepremio.com\/br\/wp-json\/wp\/v2\/comments?post=69549"}],"version-history":[{"count":0,"href":"https:\/\/grandepremio.com\/br\/wp-json\/wp\/v2\/posts\/69549\/revisions"}],"wp:featuredmedia":[{"embeddable":true,"href":"https:\/\/grandepremio.com\/br\/wp-json\/wp\/v2\/media\/1000842541"}],"wp:attachment":[{"href":"https:\/\/grandepremio.com\/br\/wp-json\/wp\/v2\/media?parent=69549"}],"wp:term":[{"taxonomy":"category","embeddable":true,"href":"https:\/\/grandepremio.com\/br\/wp-json\/wp\/v2\/categories?post=69549"},{"taxonomy":"post_tag","embeddable":true,"href":"https:\/\/grandepremio.com\/br\/wp-json\/wp\/v2\/tags?post=69549"},{"taxonomy":"42wp_author","embeddable":true,"href":"https:\/\/grandepremio.com\/br\/wp-json\/wp\/v2\/42wp_author?post=69549"}],"curies":[{"name":"wp","href":"https:\/\/api.w.org\/{rel}","templated":true}]}}