{"id":69582,"date":"2024-07-20T09:47:28","date_gmt":"2024-07-20T12:47:28","guid":{"rendered":"https:\/\/grandepremio.com\/br\/noticias\/mitch-evans-bate-sebastien-buemi-conquista-pole-corrida1-londres-nick-cassidy-afunda-17\/"},"modified":"2024-07-20T12:35:49","modified_gmt":"2024-07-20T15:35:49","slug":"mitch-evans-bate-sebastien-buemi-conquista-pole-corrida1-londres-nick-cassidy-afunda-17","status":"publish","type":"post","link":"https:\/\/grandepremio.com\/br\/formula-e\/mitch-evans-bate-sebastien-buemi-conquista-pole-corrida1-londres-nick-cassidy-afunda-17\/","title":{"rendered":"Evans bate Buemi e conquista pole para corrida 1 em Londres. Cassidy afunda e \u00e9 17\u00ba"},"content":{"rendered":"\n<p class=\"wp-block-paragraph\">A <strong>ExCel Arena<\/strong> voltou a receber a <strong>F\u00f3rmula E<\/strong> e provou que pode continuar sendo a casa da categoria dos carros el\u00e9tricos na <strong>Inglaterra<\/strong>. Na classifica\u00e7\u00e3o para a <strong>corrida 1<\/strong> do <strong>eP de&nbsp;Londres<\/strong>, o \u00faltimo da temporada 2023\/24, a pole-position ficou com <strong>Mitch Evans<\/strong>, da <strong>Jaguar<\/strong>. O piloto neozeland\u00eas duelou com <strong>S\u00e9bastien Buemi<\/strong>, da <strong>Envision<\/strong>, na final e foi o mais r\u00e1pido ao acertar uma volta de <strong>1min10s622<\/strong>. Com isso, soma tr\u00eas pontos e sai na frente na briga pelo t\u00edtulo. <strong>Pascal Wehrlein, <\/strong>da<strong> Porsche<\/strong>, que tamb\u00e9m briga pelo t\u00edtulo da categoria, fechou o <strong>top-3<\/strong> no grid.<\/p>\n\n\n\n<p class=\"wp-block-paragraph\">Companheiro de Evans e L\u00edder do campeonato, <strong>Nick Cassidy<\/strong> foi muito mal na fase de grupos e larga na primeira corrida apenas em <strong>17\u00ba<\/strong>.<\/p>\n\n\n\n<p class=\"wp-block-paragraph\">Entre os brasileiros,&nbsp;a coisa n\u00e3o foi boa. <strong>Lucas Di Grassi<\/strong>, da&nbsp;<strong>ABT Cupra<\/strong>, ficou em \u00faltimo no <strong>Grupo B<\/strong> e vai largar no fundo do grid, assim como&nbsp;<strong>S\u00e9rgio Sette C\u00e2mara<\/strong>, da&nbsp;<strong>ERT<\/strong>, que foi punido ao sofrer a terceira reprimenda por andar muito devagar no <strong>TL2<\/strong> e, por isso, perder\u00e1 dez posi\u00e7\u00f5es no grid. Por isso, tamb\u00e9m vai largar entre os \u00faltimos na primeira corrida do fim de semana.<\/p>\n\n\n\n<p class=\"wp-block-paragraph\">O&nbsp;<strong>eP de&nbsp;<a href=\"https:\/\/www.grandepremio.com\/br\/circuito\/londres\/\" target=\"_blank\" rel=\"noreferrer noopener\">Londres<\/a><\/strong>&nbsp;acontece entre os dias<strong>&nbsp;19 a 21 de julho<\/strong>, e todas as sess\u00f5es de pista ter\u00e3o&nbsp;transmiss\u00e3o&nbsp;<strong>AO VIVO e COM IMAGENS<\/strong>&nbsp;nos canais do&nbsp;<strong>GRANDE PR\u00caMIO<\/strong>&nbsp;no&nbsp;<strong><a href=\"https:\/\/www.youtube.com\/c\/GrandePremioTV\" target=\"_blank\" rel=\"noreferrer noopener\">YouTube<\/a><\/strong>&nbsp;e no&nbsp;<strong><a href=\"https:\/\/m.kwai.com\/user\/@grandepremio\" target=\"_blank\" rel=\"noreferrer noopener\">Kwai<\/a><\/strong>.&nbsp;Ainda neste s\u00e1bado, o in\u00edcio da transmiss\u00e3o da corrida 1 est\u00e1 marcado para&nbsp;<strong>12h30<\/strong>.<\/p>\n\n\n\n<figure class=\"wp-block-image size-large\"><img decoding=\"async\" src=\"https:\/\/www.grandepremio.com\/br\/wp-content\/uploads\/2024\/03\/EPS1005_144302_BR59575-2048x2048-1-1024x683.jpg\" alt=\"\" class=\"wp-image-794851\"\/><figcaption class=\"wp-element-caption\">Evans cravou mais uma pole na F\u00f3rmula E (Foto: F\u00f3rmula E)<\/figcaption><\/figure>\n\n\n\n<h2 class=\"wp-block-heading\" id=\"h-como-foi-a-classificacao-da-corrida-1-em-londres\"><strong>Como foi a classifica\u00e7\u00e3o da corrida 1 em Londres<\/strong><\/h2>\n\n\n\n<h2 class=\"wp-block-heading\" id=\"h-grupo-a\">Grupo A<\/h2>\n\n\n\n<p class=\"wp-block-paragraph\">No in\u00edcio da classifica\u00e7\u00e3o, os 11 primeiros pilotos buscaram avan\u00e7ar para a fase eliminat\u00f3ria na ExCel Arena. A leve chuva atingiu o lado exterior do tra\u00e7ado londrino e criou d\u00favidas sobre o desempenho das equipes diante do piso parcialmente molhado.<\/p>\n\n\n\n<p class=\"wp-block-paragraph\">Logo nos primeiros minutos, Sette C\u00e2mara escapou em uma das curvas e foi parar na parte de fora da pista. A primeira volta r\u00e1pida foi de Cassidy, com sua Jaguar, ao cravar <strong>1min15s063<\/strong>.<\/p>\n\n\n\n<p class=\"wp-block-paragraph\">A seis minutos do fim, <strong>Jake Hughes <\/strong>levou a <strong>McLaren<\/strong> ao topo do grupo, com <strong>1min13s888<\/strong>, mas os tempos come\u00e7aram a cair drasticamente a partir do minuto 6 da classifica\u00e7\u00e3o. Faltando quatro minutos para o fim da sess\u00e3o, Wehrlein assumiu a ponta ao concluir o primeiro giro na casa dos 11 segundos: <strong>1min11s950<\/strong>, tempo batido rapidamente por Buemi com <strong>1min11s366<\/strong>.<\/p>\n\n\n\n<p class=\"wp-block-paragraph\">A pista seguiu progredindo volta a volta, at\u00e9 que Wehrlein conseguiu registrar <strong>1min10s927<\/strong> e avan\u00e7ar para a pr\u00f3xima fase. Buemi [<strong>1min11s119<\/strong>], <strong>Oliver Rowland<\/strong> [<strong>1min11s121<\/strong>] e Frijns [<strong>1min11s188<\/strong>] foram os outros classificados. <\/p>\n\n\n\n<p class=\"wp-block-paragraph\">Atual l\u00edder do campeonato, Cassidy n\u00e3o conseguiu avan\u00e7ar e foi apenas o nono no grupo, com um tempo de <strong>1min11s551<\/strong>. O brasileiro da <strong>ERT<\/strong>, Sette C\u00e2mara, concluiu a sess\u00e3o apenas em d\u00e9cimo e tamb\u00e9m ficou pelo caminho.<\/p>\n\n\n\n<figure class=\"wp-block-image size-full\"><img decoding=\"async\" src=\"https:\/\/www.grandepremio.com\/br\/wp-content\/uploads\/2024\/07\/GPF3-2.jpg\" alt=\"\" class=\"wp-image-842590\"\/><figcaption class=\"wp-element-caption\">Pascal Wehrlein foi o mais r\u00e1pido no Grupo A (Foto: F\u00f3rmula E\/Simon Galloway\/LAT Images)<\/figcaption><\/figure>\n\n\n\n<h2 class=\"wp-block-heading\" id=\"h-grupo-b\">Grupo B<\/h2>\n\n\n\n<p class=\"wp-block-paragraph\">O grupo B come\u00e7ou com lideran\u00e7a da Jaguar. <strong>Mitch Evans<\/strong> aproveitou a pista mais emborrachada para registrar <strong>1min10s878<\/strong>, seguido de <strong>Maximilian G\u00fcnther<\/strong>, <strong>Stoffel Vandoorne<\/strong> e <strong>Jehan Daruvala<\/strong>, todos com tempos na casa de 1 minuto e 11 segundos.<\/p>\n\n\n\n<p class=\"wp-block-paragraph\">Na sequ\u00eancia, <strong>Jean-\u00c9ric Vergne<\/strong> conseguiu subir para os quatro primeiros com um giro de <strong>1min11s036<\/strong>. Nas \u00faltimas tentativas, os tempos come\u00e7aram a ficar mais competitivos, mas Evans n\u00e3o perdeu a lideran\u00e7a e conseguiu avan\u00e7ar.<\/p>\n\n\n\n<p class=\"wp-block-paragraph\">Os outros classificados foram <strong>Nico M\u00fcller<\/strong>, que fez uma volta de <strong>1min10s894<\/strong> e surpreendeu ao passar em segundo, <strong>Norman Nato<\/strong>, que tamb\u00e9m conseguiu levar a <strong>Andretti<\/strong> para a fase de duelos novamente [<strong>1min10s940<\/strong>] e, com a \u00faltima vaga, Vergne conseguiu avan\u00e7ar com a <strong>DS Penske<\/strong> ao completar sua volta r\u00e1pida em <strong>1min10s955<\/strong>.<\/p>\n\n\n\n<p class=\"wp-block-paragraph\">Vencedor de quatro das \u00faltimas cinco corridas da F\u00f3rmula E, <strong>Ant\u00f3nio F\u00e9lix da Costa<\/strong> for\u00e7ou uma volta r\u00e1pida, mas n\u00e3o conseguiu entrar no grupo dos classificados para a fase de duelos, sendo apenas o sexto mais r\u00e1pido. Por fim, o brasileiro <strong>Lucas Di Grassi<\/strong> tamb\u00e9m n\u00e3o acertou a volta foi o \u00faltimo do selecionado. Com isso, larga na \u00faltima fila na primeira corrida do eP de Londres.<\/p>\n\n\n\n<figure class=\"wp-block-image size-full\"><img decoding=\"async\" src=\"https:\/\/www.grandepremio.com\/br\/wp-content\/uploads\/2024\/03\/GPF1-8.jpg\" alt=\"\" class=\"wp-image-795123\"\/><figcaption class=\"wp-element-caption\">Evans levou a Jaguar \u00e0 fase de duelos com o melhor tempo do Grupo B (Foto: F\u00f3rmula E\/LAT)<\/figcaption><\/figure>\n\n\n\n<h2 class=\"wp-block-heading\" id=\"h-quartas-de-final\"><strong>Quartas de final<\/strong><\/h2>\n\n\n\n<h2 class=\"wp-block-heading\" id=\"h-oliver-rowland-x-sebastien-buemi\"><strong>Oliver Rowland x S\u00e9bastien Buemi<\/strong><\/h2>\n\n\n\n<p class=\"wp-block-paragraph\">O primeiro duelo entre Rowland e Buemi comprovou a boa fase da Envision no eP de Londres. Buemi conseguiu ser mais r\u00e1pido que o brit\u00e2nico da equipe japonesa e avan\u00e7ou com uma volta de <strong>1min10s791<\/strong>.<\/p>\n\n\n\n<h2 class=\"wp-block-heading\" id=\"h-robin-frijns-x-pascal-wehrlein\"><strong>Robin Frijns x Pascal Wehrlein<\/strong><\/h2>\n\n\n\n<p class=\"wp-block-paragraph\">No segundo duelo do dia, Wehrlein mostrou que vai brigar pelo t\u00edtulo da F\u00f3rmula E at\u00e9 o fim e soube aproveitar um pequeno erro de Frijns para se classificar. O alem\u00e3o cravou <strong>1min10s970<\/strong> e tirou o neerland\u00eas da Envision da disputa sem sustos.<\/p>\n\n\n\n<h2 class=\"wp-block-heading\" id=\"h-norman-nato-x-nico-muller\"><strong>Norman Nato x Nico M\u00fcller<\/strong><\/h2>\n\n\n\n<p class=\"wp-block-paragraph\">No duelo das surpresas na fase de duelos, melhor para Nato. Pole em uma das corridas em <strong>Portland<\/strong>, o franc\u00eas foi mais r\u00e1pido ao registrar <strong>1min10s889<\/strong> e ir para as semifinais.<\/p>\n\n\n\n<h2 class=\"wp-block-heading\" id=\"h-jean-eric-vergne-x-mitch-evans\"><strong>Jean-\u00c9ric Vergne<\/strong> <strong>x Mitch Evans<\/strong> <\/h2>\n\n\n\n<p class=\"wp-block-paragraph\">A \u00faltima disputa das quartas de final foi protagonizada entre os dois pilotos com mais apari\u00e7\u00f5es em semifinais na temporada 2023\/24. Melhor para o neozeland\u00eas. Com o carro na m\u00e3o, o piloto levou a Jaguar para as semifinais com uma volta de <strong>1min10s283<\/strong>.<\/p>\n\n\n\n<figure class=\"wp-block-image size-large\"><img decoding=\"async\" src=\"https:\/\/www.grandepremio.com\/br\/wp-content\/uploads\/2024\/04\/EPS1008_131040_AF20672-2048x2048-1-1024x683.jpg\" alt=\"\" class=\"wp-image-807327\"\/><figcaption class=\"wp-element-caption\">Norman Nato conseguiu avan\u00e7ar para as semifinais (Foto: F\u00f3rmula E)<\/figcaption><\/figure>\n\n\n\n<h2 class=\"wp-block-heading\" id=\"h-semifinais\"><strong>Semifinais<\/strong><\/h2>\n\n\n\n<h2 class=\"wp-block-heading\" id=\"h-pascal-wehrlein-x-sebastien-buemi\"><strong><strong>Pascal Wehrlein<\/strong> x S\u00e9bastien Buemi<\/strong><\/h2>\n\n\n\n<p class=\"wp-block-paragraph\">Na primeira disputa das semifinais, Porsche e Envision brigaram pela vaga na decis\u00e3o. E deu Envision de novo. Buemi conseguiu uma diferen\u00e7a surpreendente para Wehrlein, registrou <strong>1min10s402<\/strong> e chegou para brigar pela pole.<\/p>\n\n\n\n<h2 class=\"wp-block-heading\" id=\"h-mitch-evans-x-norman-nato\"><strong>Mitch Evans x Norman Nato<\/strong><\/h2>\n\n\n\n<p class=\"wp-block-paragraph\">Na briga entre Andretti x Jaguar, Evans n\u00e3o teve sustos para avan\u00e7ar. O <strong>#9<\/strong> dos felinos concluiu a volta em <strong>1min10s835<\/strong>, eliminou o franc\u00eas e confirmou a briga pela pole com Buemi.<\/p>\n\n\n\n<figure class=\"wp-block-image size-full\"><img decoding=\"async\" src=\"https:\/\/www.grandepremio.com\/br\/wp-content\/uploads\/2024\/01\/m23316_crop1001_600x600_proportional_1705162749A68B.jpg\" alt=\"\" class=\"wp-image-769448\"\/><figcaption class=\"wp-element-caption\">S\u00e9bastien Buemi fez classifica\u00e7\u00e3o forte em Londres (Foto: F\u00f3rmula E)<\/figcaption><\/figure>\n\n\n\n<h2 class=\"wp-block-heading\" id=\"h-final\"><strong>Final<\/strong><\/h2>\n\n\n\n<h2 class=\"wp-block-heading\" id=\"h-sebastien-buemi-x-mitch-evans\"><strong>S\u00e9bastien Buemi x Mitch Evans<\/strong><\/h2>\n\n\n\n<p class=\"wp-block-paragraph\">A grande decis\u00e3o confirmou a for\u00e7a da Jaguar na F\u00f3rmula E. O piloto felino abriu a volta mais lento que Buemi, mas e foi mais r\u00e1pido no fim e conquistou a pole ao bater <strong>1min10s622<\/strong>, assim como na etapa do ano passado na Inglaterra.<\/p>\n\n\n\n<p class=\"wp-block-paragraph\"><strong>\u25b6\ufe0f Inscreva-se nos dois canais do&nbsp;GRANDE PR\u00caMIO&nbsp;no YouTube:&nbsp;<a href=\"https:\/\/www.youtube.com\/channel\/UC9OlHEgxoaY6QY6nWPoiqQg?sub_confirmation=1\">GP<\/a>&nbsp;|&nbsp;<a href=\"https:\/\/www.youtube.com\/channel\/UC9csiS6q_C3C0FYhyr1rnFA?sub_confirmation=1\">GP2<\/a><\/strong><\/p>\n\n\n\n<h2 class=\"wp-block-heading\" id=\"h-formula-e-2024-ep-de-londres-15\u00aa-etapa-grid-de-largada\">F\u00f3rmula E 2024, eP de Londres, 15\u00aa Etapa, Grid de Largada:<\/h2>\n\n\n\n<figure class=\"wp-block-table\"><table><tbody><tr><td>1<\/td><td>M EVANS<\/td><td>Jaguar<\/td><td>1:10.622<\/td><td>&nbsp;<\/td><\/tr><tr><td>2<\/td><td>S BUEMI<\/td><td>Envision<\/td><td>1:10.691<\/td><td>+0.069<\/td><\/tr><tr><td>3<\/td><td>P WEHRLEIN<\/td><td>Porsche<\/td><td>1:10.827<\/td><td>+0.205<\/td><\/tr><tr><td>4<\/td><td>N NATO<\/td><td>Andretti<\/td><td>1:11.019<\/td><td>+0.397<\/td><\/tr><tr><td>5<\/td><td>J.E VERGNE<\/td><td>DS Penske<\/td><td>1:10.652<\/td><td>+0.030<\/td><\/tr><tr><td>6<\/td><td>N M\u00dcLLER<\/td><td>ABT Cupra<\/td><td>1:10.972<\/td><td>+0.350<\/td><\/tr><tr><td>7<\/td><td>O ROWLAND<\/td><td>Nissan<\/td><td>1:10.999<\/td><td>+0.377<\/td><\/tr><tr><td>8<\/td><td>R FRIJNS<\/td><td>Envision<\/td><td>1:11.009<\/td><td>+0.387<\/td><\/tr><tr><td>9<\/td><td>A.F DA COSTA<\/td><td>Porsche<\/td><td>1:10.990<\/td><td>+0.368<\/td><\/tr><tr><td>10<\/td><td>J DENNIS<\/td><td>Andretti<\/td><td>1:11.304<\/td><td>+0.682<\/td><\/tr><tr><td>11<\/td><td>M G\u00dcNTHER<\/td><td>Maserati<\/td><td>1:11.011<\/td><td>+0.389<\/td><\/tr><tr><td>12<\/td><td>S BIRD<\/td><td>McLaren<\/td><td>1:11.442<\/td><td>+0.820<\/td><\/tr><tr><td>13<\/td><td>S FENESTRAZ<\/td><td>Nissan<\/td><td>1:11.057<\/td><td>+0.435<\/td><\/tr><tr><td>14<\/td><td>N DE VRIES<\/td><td>Mahindra<\/td><td>1:11.487<\/td><td>+0.865<\/td><\/tr><tr><td>15<\/td><td>J DARUVALA<\/td><td>Maserati<\/td><td>1:11.101<\/td><td>+0.479<\/td><\/tr><tr><td>16<\/td><td>E MORTARA<\/td><td>Mahindra<\/td><td>1:11.548<\/td><td>+0.926<\/td><\/tr><tr><td>17<\/td><td>N CASSIDY<\/td><td>Jaguar<\/td><td>1:11.551<\/td><td>+0.929<\/td><\/tr><tr><td>18<\/td><td>D TICKTUM<\/td><td>ERT<\/td><td>1:11.136<\/td><td>+0.514<\/td><\/tr><tr><td>19<\/td><td>L DI GRASSI<\/td><td>ABT Cupra<\/td><td>1:11.235<\/td><td>+0.613<\/td><\/tr><tr><td>20<\/td><td>S VANDOORNE<\/td><td>DS Penske<\/td><td>1:11.125<\/td><td>+0.503<\/td><\/tr><tr><td>21<\/td><td>J HUGHES<\/td><td>McLaren<\/td><td>1:13.888<\/td><td>+3.266<\/td><\/tr><tr><td>22<\/td><td>S. SETTE C\u00c2MARA<\/td><td>ERT<\/td><td>1:11.799<\/td><td>+1.177<\/td><\/tr><\/tbody><\/table><\/figure>\n\n\n\n<figure class=\"wp-block-embed is-type-video is-provider-youtube wp-block-embed-youtube wp-embed-aspect-4-3 wp-has-aspect-ratio\"><div class=\"wp-block-embed__wrapper\">\n<iframe loading=\"lazy\" title=\"F\u00d3RMULA E 2024 COM IMAGENS | eP DE LONDRES | 16\u00aa etapa | Classifica\u00e7\u00e3o\" width=\"500\" height=\"281\" src=\"https:\/\/www.youtube.com\/embed\/_3LXBWX1HDI?feature=oembed\" frameborder=\"0\" allow=\"accelerometer; autoplay; clipboard-write; encrypted-media; gyroscope; picture-in-picture; web-share\" referrerpolicy=\"strict-origin-when-cross-origin\" allowfullscreen><\/iframe>\n<\/div><\/figure>\n","protected":false},"excerpt":{"rendered":"<p>O piloto da Jaguar fez classifica\u00e7\u00e3o forte neste s\u00e1bado (20) e conquistou mais uma pole ao cravar 1min10s622 na decis\u00e3o dos duelos. Com isso, leva tr\u00eas pontos e sai na frente na briga pelo t\u00edtulo da F\u00f3rmula E em Londres<\/p>\n","protected":false},"author":0,"featured_media":1000842587,"comment_status":"closed","ping_status":"closed","sticky":false,"template":"","format":"standard","meta":{"42wp_featured_image_caption":"","42wp_featured_image_credits":"","42wp_featured_video":"","42wp_featured_image_hidden":false,"42wp_authors_list":[],"footnotes":""},"categories":[19],"tags":[28679,6853,10437,840,35967,1491,28285,35442,910,909,2128,36219,876,37653],"42wp_author":[47161],"class_list":["post-69582","post","type-post","status-publish","format-standard","has-post-thumbnail","hentry","category-formula-e","tag-calendario-formula-e","tag-classificacao-formula-e","tag-envision","tag-formula-e","tag-formula-e-2024","tag-grande-premio","tag-grandepremio","tag-horarios-formula-e","tag-jaguar","tag-mitch-evans","tag-nick-cassidy","tag-onde-assistir-formula-e","tag-sebastien-buemi","tag-temporada-2024-da-formula-e","42wp_author-kaio-esteves"],"_links":{"self":[{"href":"https:\/\/grandepremio.com\/br\/wp-json\/wp\/v2\/posts\/69582","targetHints":{"allow":["GET"]}}],"collection":[{"href":"https:\/\/grandepremio.com\/br\/wp-json\/wp\/v2\/posts"}],"about":[{"href":"https:\/\/grandepremio.com\/br\/wp-json\/wp\/v2\/types\/post"}],"replies":[{"embeddable":true,"href":"https:\/\/grandepremio.com\/br\/wp-json\/wp\/v2\/comments?post=69582"}],"version-history":[{"count":0,"href":"https:\/\/grandepremio.com\/br\/wp-json\/wp\/v2\/posts\/69582\/revisions"}],"wp:featuredmedia":[{"embeddable":true,"href":"https:\/\/grandepremio.com\/br\/wp-json\/wp\/v2\/media\/1000842587"}],"wp:attachment":[{"href":"https:\/\/grandepremio.com\/br\/wp-json\/wp\/v2\/media?parent=69582"}],"wp:term":[{"taxonomy":"category","embeddable":true,"href":"https:\/\/grandepremio.com\/br\/wp-json\/wp\/v2\/categories?post=69582"},{"taxonomy":"post_tag","embeddable":true,"href":"https:\/\/grandepremio.com\/br\/wp-json\/wp\/v2\/tags?post=69582"},{"taxonomy":"42wp_author","embeddable":true,"href":"https:\/\/grandepremio.com\/br\/wp-json\/wp\/v2\/42wp_author?post=69582"}],"curies":[{"name":"wp","href":"https:\/\/api.w.org\/{rel}","templated":true}]}}