{"id":69597,"date":"2024-07-20T07:07:12","date_gmt":"2024-07-20T10:07:12","guid":{"rendered":"https:\/\/grandepremio.com\/br\/noticias\/formula-1-sabado-ceu-nublado-temperaturas-muito-elevadas-hungria\/"},"modified":"2024-07-20T07:13:56","modified_gmt":"2024-07-20T10:13:56","slug":"formula-1-sabado-ceu-nublado-temperaturas-muito-elevadas-hungria","status":"publish","type":"post","link":"https:\/\/grandepremio.com\/br\/f1\/formula-1-sabado-ceu-nublado-temperaturas-muito-elevadas-hungria\/","title":{"rendered":"F\u00f3rmula 1 tem s\u00e1bado de c\u00e9u nublado e com temperaturas muito elevadas na Hungria"},"content":{"rendered":"\n<p class=\"wp-block-paragraph\">A <strong>F\u00f3rmula 1<\/strong> est\u00e1 na <strong>Hungria<\/strong> neste final de semana, e depois de uma sexta-feira com sol e poucas nuvens no c\u00e9u, a expectativa \u00e9 de um tempo mais fechado neste s\u00e1bado (20). O calor, contudo, n\u00e3o dar\u00e1 tr\u00e9gua, pois a meteorologia mais uma vez emitiu alerta amarelo para temperaturas extremamente elevadas. Confira a previs\u00e3o do tempo.<\/p>\n\n\n\n<p class=\"wp-block-paragraph\">Antes da classifica\u00e7\u00e3o, os pilotos realizam o terceiro e \u00faltimo <strong>treino livre<\/strong> da etapa h\u00fangara. Marcado para as <strong>12h30 locais<\/strong> (<strong>7h30 de Bras\u00edlia<\/strong>, GMT-3), a meteorologia indica<strong> 28\u00b0C<\/strong> de temperatura ambiente, assim como a sensa\u00e7\u00e3o t\u00e9rmica.<\/p>\n\n\n\n<p class=\"wp-block-paragraph\">A umidade relativa do ar segue baixa, em 39%, com ventos soprando a 7 km\/h de velocidade m\u00e9dia na dire\u00e7\u00e3o noroeste e rajadas podendo chegar aos 19 km\/h. H\u00e1 uma chance de chuva entre 52% e 58%.<\/p>\n\n\n\n<p class=\"wp-block-paragraph\">Depois, \u00e0s <strong>16h locais<\/strong> (<strong>11h de Bras\u00edlia<\/strong>), hora da sess\u00e3o que define o <strong>grid de largada<\/strong>, a temperatura permanece a mesma, em <strong>28\u00b0C<\/strong>, com a umidade relativa do ar um pouco mais alta, chegando a 45%. <\/p>\n\n\n\n<figure class=\"wp-block-image size-large\"><img decoding=\"async\" src=\"https:\/\/www.grandepremio.com\/br\/wp-content\/uploads\/2024\/07\/hungria-2024-f1-treino-livre-aston-martin-fernando-alonso-03-1200x800.jpg\" alt=\"\" class=\"wp-image-842721\"\/><figcaption class=\"wp-element-caption\">Fernando Alonso na sexta-feira de treinos livres do GP da Hungria (Foto: Aston Martin)<\/figcaption><\/figure>\n\n\n\n<p class=\"wp-block-paragraph\">Os ventos aumentam um pouco: 11 km\/h de velocidade m\u00e9dia a oeste-noroeste e rajadas de at\u00e9 22 km\/h. A previs\u00e3o indica c\u00e9u totalmente encoberto, mas a chance de chuva cai comparada a do TL3, ficando em 20%.<\/p>\n\n\n\n<p class=\"wp-block-paragraph\">As informa\u00e7\u00f5es s\u00e3o do servi\u00e7o de meteorologia <em>AccuWeather<\/em>. Na sexta-feira, <strong>Carlos Sainz <\/strong>e <strong>Lando Norris<\/strong> comandaram os treinos livres 1 e 2, respectivamente. <\/p>\n\n\n\n<p class=\"wp-block-paragraph\">O\u00a0<strong>GRANDE PR\u00caMIO<\/strong>\u00a0acompanha<strong>\u00a0<a href=\"https:\/\/www.grandepremio.com\/br\/ao-vivo\/f1\/\" target=\"_blank\" rel=\"noreferrer noopener\">AO VIVO<\/a><\/strong><a href=\"https:\/\/www.grandepremio.com\/br\/ao-vivo\/f1\/\" target=\"_blank\" rel=\"noreferrer noopener\">\u00a0e\u00a0<strong>EM\u00a0<\/strong><\/a><a href=\"https:\/\/www.grandepremio.com\/br\/ao-vivo\/\" target=\"_blank\" rel=\"noreferrer noopener\"><strong>TEMPO REAL<\/strong><\/a>\u00a0todas as atividades do\u00a0<strong>GP da Hungria<\/strong>\u00a0de\u00a0<a href=\"https:\/\/www.grandepremio.com\/br\/f1\/\" target=\"_blank\" rel=\"noreferrer noopener\">F\u00f3rmula 1<\/a>\u00a0e transmite classifica\u00e7\u00e3o e corrida em segunda tela, em parceria com a Voz do Esporte, na<strong>\u00a0<a href=\"https:\/\/www.youtube.com\/c\/GrandePremioTV\/streams\" target=\"_blank\" rel=\"noreferrer noopener\">GPTV, o canal do GP no Youtube<\/a><\/strong>. Al\u00e9m disso, debate tudo que aconteceu na pista com o\u00a0<strong>Briefing\u00a0<\/strong>ap\u00f3s treinos livres e classifica\u00e7\u00e3o, al\u00e9m de antes e depois da corrida. No s\u00e1bado (20), \u00e0s\u00a0<strong>7h30<\/strong>\u00a0(de Bras\u00edlia, GMT-3), acontece o\u00a0<strong>TL3<\/strong>, ao passo que a\u00a0<strong>classifica\u00e7\u00e3o\u00a0<\/strong>ser\u00e1 \u00e0s\u00a0<strong>11h<\/strong>. Por fim, no domingo (21), os pilotos disputam a\u00a0<strong>corrida\u00a0<\/strong>em\u00a0<strong>Budapeste\u00a0<\/strong>a partir das\u00a0<strong>10h<\/strong>.<\/p>\n\n\n\n<p class=\"wp-block-paragraph\"><strong><img decoding=\"async\" src=\"https:\/\/a.slack-edge.com\/production-standard-emoji-assets\/14.0\/google-medium\/25b6-fe0f.png\" alt=\":seta_para_frente:\">&nbsp;Inscreva-se nos dois canais do GRANDE PR\u00caMIO no YouTube:&nbsp;<a href=\"https:\/\/www.youtube.com\/channel\/UC9OlHEgxoaY6QY6nWPoiqQg?sub_confirmation=1\" target=\"_blank\" rel=\"noreferrer noopener\">GP<\/a>&nbsp;|&nbsp;<a href=\"https:\/\/www.youtube.com\/channel\/UC9csiS6q_C3C0FYhyr1rnFA?sub_confirmation=1\" target=\"_blank\" rel=\"noreferrer noopener\">GP2<\/a><\/strong><br><strong><img decoding=\"async\" src=\"https:\/\/a.slack-edge.com\/production-standard-emoji-assets\/14.0\/google-medium\/25b6-fe0f.png\" alt=\":seta_para_frente:\">&nbsp;LEIA TAMB\u00c9M:<\/strong><a href=\"https:\/\/www.grandepremio.com\/br\/f1\/noticias\/5-coisas-que-aprendemos-na-sexta-feira-do-gp-da-hungria-da-formula-1-2024\/\"><strong>5 coisas que aprendemos na sexta-feira do GP da Hungria da&nbsp;<\/strong><\/a><strong><a href=\"https:\/\/www.grandepremio.com\/br\/f1\/\" target=\"_blank\" rel=\"noreferrer noopener\">F\u00f3rmula 1<\/a>&nbsp;2024<\/strong><\/p>\n\n\n\n<figure class=\"wp-block-embed is-type-video is-provider-youtube wp-block-embed-youtube wp-embed-aspect-16-9 wp-has-aspect-ratio\"><div class=\"wp-block-embed__wrapper\">\n<iframe loading=\"lazy\" title=\"SEM DESCULPA! Red Bull tem op\u00e7\u00e3o DE SOBRA para DESTRAVAR academia | GP \u00e0s 10\" width=\"500\" height=\"281\" src=\"https:\/\/www.youtube.com\/embed\/hDTL1SlOB-w?feature=oembed\" frameborder=\"0\" allow=\"accelerometer; autoplay; clipboard-write; encrypted-media; gyroscope; picture-in-picture; web-share\" referrerpolicy=\"strict-origin-when-cross-origin\" allowfullscreen><\/iframe>\n<\/div><\/figure>\n","protected":false},"excerpt":{"rendered":"<p>O calor segue firme e forte, mas a expectativa \u00e9 de um c\u00e9u mais fechado para as atividades da F\u00f3rmula 1 neste s\u00e1bado (20), na Hungria. Confira a previs\u00e3o do tempo<\/p>\n","protected":false},"author":0,"featured_media":1000842932,"comment_status":"closed","ping_status":"closed","sticky":false,"template":"","format":"standard","meta":{"42wp_featured_image_caption":"","42wp_featured_image_credits":"","42wp_featured_video":"","42wp_featured_image_hidden":false,"42wp_authors_list":[],"footnotes":""},"categories":[2],"tags":[8866,26271,5273,147,3230,180,30909,1647,1491,28285,30840,4122,40307,32082,3967,40308,4005,35129,25333,33301],"42wp_author":[47147],"class_list":["post-69597","post","type-post","status-publish","format-standard","has-post-thumbnail","hentry","category-f1","tag-budapeste","tag-calendario-f1","tag-classificacao-f1","tag-f1","tag-f1-2024","tag-formula-1","tag-formula-1-2024","tag-gp-da-hungria","tag-grande-premio","tag-grandepremio","tag-horarios-f1","tag-hungaroring","tag-hungaroring-2024","tag-hungaroring-f1","tag-hungria","tag-hungria-2024","tag-hungria-f1","tag-onde-assistir-f1","tag-previsao-do-tempo","tag-temporada-2024-f1","42wp_author-luana-marino"],"_links":{"self":[{"href":"https:\/\/grandepremio.com\/br\/wp-json\/wp\/v2\/posts\/69597","targetHints":{"allow":["GET"]}}],"collection":[{"href":"https:\/\/grandepremio.com\/br\/wp-json\/wp\/v2\/posts"}],"about":[{"href":"https:\/\/grandepremio.com\/br\/wp-json\/wp\/v2\/types\/post"}],"replies":[{"embeddable":true,"href":"https:\/\/grandepremio.com\/br\/wp-json\/wp\/v2\/comments?post=69597"}],"version-history":[{"count":0,"href":"https:\/\/grandepremio.com\/br\/wp-json\/wp\/v2\/posts\/69597\/revisions"}],"wp:featuredmedia":[{"embeddable":true,"href":"https:\/\/grandepremio.com\/br\/wp-json\/wp\/v2\/media\/1000842932"}],"wp:attachment":[{"href":"https:\/\/grandepremio.com\/br\/wp-json\/wp\/v2\/media?parent=69597"}],"wp:term":[{"taxonomy":"category","embeddable":true,"href":"https:\/\/grandepremio.com\/br\/wp-json\/wp\/v2\/categories?post=69597"},{"taxonomy":"post_tag","embeddable":true,"href":"https:\/\/grandepremio.com\/br\/wp-json\/wp\/v2\/tags?post=69597"},{"taxonomy":"42wp_author","embeddable":true,"href":"https:\/\/grandepremio.com\/br\/wp-json\/wp\/v2\/42wp_author?post=69597"}],"curies":[{"name":"wp","href":"https:\/\/api.w.org\/{rel}","templated":true}]}}