{"id":69642,"date":"2024-07-19T18:02:18","date_gmt":"2024-07-19T21:02:18","guid":{"rendered":"https:\/\/grandepremio.com\/br\/noticias\/ferrari-quer-reset-charles-leclerc-apos-erro-hungria-prega-pensar-grande-sabado\/"},"modified":"2024-07-19T19:18:48","modified_gmt":"2024-07-19T22:18:48","slug":"ferrari-quer-reset-charles-leclerc-apos-erro-hungria-prega-pensar-grande-sabado","status":"publish","type":"post","link":"https:\/\/grandepremio.com\/br\/f1\/ferrari-quer-reset-charles-leclerc-apos-erro-hungria-prega-pensar-grande-sabado\/","title":{"rendered":"Ferrari quer &#8220;reset&#8221; de Leclerc ap\u00f3s erro na Hungria e prega &#8220;pensar grande&#8221; no s\u00e1bado"},"content":{"rendered":"\n<p class=\"wp-block-paragraph\">A <strong>Ferrari<\/strong> briga pela pole-position no s\u00e1bado do <strong>GP da Hungria<\/strong>? Ao menos no que diz respeito \u00e0 opini\u00e3o do <strong>chefe Fr\u00e9d\u00e9ric Vasseur<\/strong>, sim. Vasseur indicou que a equipe tem condi\u00e7\u00f5es de brigar pelas primeiras posi\u00e7\u00f5es no s\u00e1bado ap\u00f3s aprovar o ritmo nos treinos livres. E ainda deu leve passada de pano para <strong>Charles Leclerc<\/strong>, que <strong><a href=\"https:\/\/www.grandepremio.com\/br\/f1\/noticias\/charles-leclerc-perde-controle-zebra-bate-firme-muro-tl2-gp-hungria\/\">bateu no come\u00e7o da \u00faltima atividade do dia<\/a><\/strong>.<\/p>\n\n\n\n<p class=\"wp-block-paragraph\">De acordo com o chefe, Leclerc errou em parte da pista onde se mostrava muito veloz nos minutos que precederam o problema. Por isso, espera apenas um rein\u00edcio no fim de semana, sem qualquer perda de confian\u00e7a. Al\u00e9m disso, refor\u00e7ou a impress\u00e3o que teve por conta das simula\u00e7\u00f5es curtas dos treinos livres, sobretudo no primeiro, liderado por <strong>Carlos Sainz<\/strong>.<\/p>\n\n\n\n<p class=\"wp-block-paragraph\">&#8220;Estamos satisfeitos com o ritmo de volta lan\u00e7ada que atingimos no <strong><a href=\"https:\/\/www.grandepremio.com\/br\/f1\/noticias\/carlos-sainz-inicio-recuperacao-ferrari-lidera-tl1-gp-hungria-max-verstappen-2o\/\">primeiro treino<\/a><\/strong>, mas em ritmo de corrida faltou a compara\u00e7\u00e3o entre os dois carros [<strong><a href=\"https:\/\/www.grandepremio.com\/br\/f1\/noticias\/lando-norris-mostra-forca-mclaren-lidera-tl2-gp-hungria-batida-charles-leclerc\/\">no TL2<\/a><\/strong>]. Mesmo assim, diria que podemos pensar grande para a classifica\u00e7\u00e3o&#8221;, afirmou em entrevista \u00e0 vers\u00e3o italiana da rede de TV Sky Sports.<\/p>\n\n\n\n<p class=\"wp-block-paragraph\"><strong>\u25b6\ufe0f Inscreva-se nos dois canais do&nbsp;GRANDE PR\u00caMIO&nbsp;no YouTube:&nbsp;<a href=\"https:\/\/www.youtube.com\/channel\/UC9OlHEgxoaY6QY6nWPoiqQg?sub_confirmation=1\">GP<\/a>&nbsp;|&nbsp;<a href=\"https:\/\/www.youtube.com\/channel\/UC9csiS6q_C3C0FYhyr1rnFA?sub_confirmation=1\">GP2<\/a><\/strong><\/p>\n\n\n\n<figure class=\"wp-block-image size-large\"><img decoding=\"async\" src=\"https:\/\/www.grandepremio.com\/br\/wp-content\/uploads\/2024\/07\/hungria-2024-f1-treino-livre-ferrari-carlos-sainz-01-1-1200x800.jpg\" alt=\"\" class=\"wp-image-842468\"\/><figcaption class=\"wp-element-caption\">Carlos Sainz foi o l\u00edder do TL1 (Foto: Ferrari)<\/figcaption><\/figure>\n\n\n\n<p class=\"wp-block-paragraph\">&#8220;Charles sabe que cometeu pequeno erro. Estava muito r\u00e1pido nas voltas anteriores na mesma curva onde terminou batendo. Talvez tenha for\u00e7ado demais na hora em que errou. Mas n\u00e3o acho que ter\u00e1 qualquer repercuss\u00e3o na confian\u00e7a dele. Creio que far\u00e1 um rein\u00edcio completo&#8221;, comentou.<\/p>\n\n\n\n<p class=\"wp-block-paragraph\">&#8220;\u00c9 uma pena que esse epis\u00f3dio espec\u00edfico tenha complicado nossa vida durante a prepara\u00e7\u00e3o para o GP. As \u00faltimas corridas foram dif\u00edceis para Charles, mas n\u00e3o \u00e9 culpa dele. Ele talvez tenha ficado condicionado a for\u00e7ar al\u00e9m do limite por conta dos nossos problemas na parte t\u00e9cnica. Cometemos erros juntos e reagimos juntos, enquanto grupo&#8221;, finalizou.<\/p>\n\n\n\n<p class=\"wp-block-paragraph\">O&nbsp;<strong>GRANDE PR\u00caMIO<\/strong>&nbsp;acompanha<strong>&nbsp;<a href=\"https:\/\/www.grandepremio.com\/br\/ao-vivo\/f1\/\" target=\"_blank\" rel=\"noreferrer noopener\">AO VIVO<\/a><\/strong><a href=\"https:\/\/www.grandepremio.com\/br\/ao-vivo\/f1\/\" target=\"_blank\" rel=\"noreferrer noopener\">&nbsp;e&nbsp;<strong>EM&nbsp;<\/strong><\/a><a href=\"https:\/\/www.grandepremio.com\/br\/ao-vivo\/\" target=\"_blank\" rel=\"noreferrer noopener\"><strong>TEMPO REAL<\/strong><\/a>&nbsp;todas as atividades do&nbsp;<strong>GP da Hungria<\/strong>&nbsp;de&nbsp;<a href=\"https:\/\/www.grandepremio.com\/br\/f1\/\" target=\"_blank\" rel=\"noreferrer noopener\">F\u00f3rmula 1<\/a>&nbsp;e transmite classifica\u00e7\u00e3o e corrida em segunda tela, em parceria com a Voz do Esporte, na<strong>&nbsp;<a href=\"https:\/\/www.youtube.com\/c\/GrandePremioTV\/streams\" target=\"_blank\" rel=\"noreferrer noopener\">GPTV, o canal do GP no Youtube<\/a><\/strong>. Al\u00e9m disso, debate tudo que aconteceu na pista com o&nbsp;<strong>Briefing&nbsp;<\/strong>ap\u00f3s treinos livres e classifica\u00e7\u00e3o, al\u00e9m de antes e depois da corrida. No s\u00e1bado (20), \u00e0s&nbsp;<strong>7h30<\/strong>&nbsp;(de Bras\u00edlia, GMT-3), acontece o&nbsp;<strong>TL3<\/strong>, ao passo que a&nbsp;<strong>classifica\u00e7\u00e3o&nbsp;<\/strong>ser\u00e1 \u00e0s&nbsp;<strong>11h<\/strong>. Por fim, no domingo (21), os pilotos disputam a&nbsp;<strong>corrida&nbsp;<\/strong>em&nbsp;<strong>Budapeste&nbsp;<\/strong>a partir das&nbsp;<strong>10h<\/strong>.<\/p>\n\n\n\n<figure class=\"wp-block-video\"><video class=\"video-js vjs-big-play-centered\" data-gp-vjs=\"1\" controls poster=\"https:\/\/www.grandepremio.com\/br\/cdn-cgi\/image\/width=1200,height=675,fit=contain,gravity=0.5x0.5,quality=75,format=webp\/wp-content\/uploads\/2024\/07\/ssstwitter.com_1721402375113-poster.jpeg\" src=\"https:\/\/www.grandepremio.com\/br\/wp-content\/uploads\/2024\/07\/ssstwitter.com_1721402375113.mp4\"><\/video><figcaption class=\"wp-element-caption\">Charles Leclerc causa bandeira vermelha no TL2 da Hungria (Foto: Reprodu\u00e7\u00e3o\/DAZN F1)<\/figcaption><\/figure>\n","protected":false},"excerpt":{"rendered":"<p>Fr\u00e9d\u00e9ric Vasseur, chefe da Ferrari, colocou panos quentes no erro de Charles Leclerc no segundo treino livre e indicou briga por pole na Hungria<\/p>\n","protected":false},"author":0,"featured_media":1000842272,"comment_status":"closed","ping_status":"closed","sticky":false,"template":"","format":"standard","meta":{"42wp_featured_image_caption":"","42wp_featured_image_credits":"","42wp_featured_video":"","42wp_featured_image_hidden":false,"42wp_authors_list":[],"footnotes":""},"categories":[2],"tags":[546,209,5660,3230,642,207,40329,1322,1647,4122],"42wp_author":[47120],"class_list":["post-69642","post","type-post","status-publish","format-standard","has-post-thumbnail","hentry","category-f1","tag-carlos-sainz","tag-charles-leclerc","tag-classificacao","tag-f1-2024","tag-f1-ao-vivo","tag-ferrari","tag-fim-de-semana-hungria","tag-frederic-vasseur","tag-gp-da-hungria","tag-hungaroring","42wp_author-pedro-henrique-marum"],"_links":{"self":[{"href":"https:\/\/grandepremio.com\/br\/wp-json\/wp\/v2\/posts\/69642","targetHints":{"allow":["GET"]}}],"collection":[{"href":"https:\/\/grandepremio.com\/br\/wp-json\/wp\/v2\/posts"}],"about":[{"href":"https:\/\/grandepremio.com\/br\/wp-json\/wp\/v2\/types\/post"}],"replies":[{"embeddable":true,"href":"https:\/\/grandepremio.com\/br\/wp-json\/wp\/v2\/comments?post=69642"}],"version-history":[{"count":0,"href":"https:\/\/grandepremio.com\/br\/wp-json\/wp\/v2\/posts\/69642\/revisions"}],"wp:featuredmedia":[{"embeddable":true,"href":"https:\/\/grandepremio.com\/br\/wp-json\/wp\/v2\/media\/1000842272"}],"wp:attachment":[{"href":"https:\/\/grandepremio.com\/br\/wp-json\/wp\/v2\/media?parent=69642"}],"wp:term":[{"taxonomy":"category","embeddable":true,"href":"https:\/\/grandepremio.com\/br\/wp-json\/wp\/v2\/categories?post=69642"},{"taxonomy":"post_tag","embeddable":true,"href":"https:\/\/grandepremio.com\/br\/wp-json\/wp\/v2\/tags?post=69642"},{"taxonomy":"42wp_author","embeddable":true,"href":"https:\/\/grandepremio.com\/br\/wp-json\/wp\/v2\/42wp_author?post=69642"}],"curies":[{"name":"wp","href":"https:\/\/api.w.org\/{rel}","templated":true}]}}