{"id":69645,"date":"2024-07-19T17:58:38","date_gmt":"2024-07-19T20:58:38","guid":{"rendered":"https:\/\/grandepremio.com\/br\/noticias\/mclaren-aposta-consistencia-se-diz-altamente-motivada-briga-pelo-titulo\/"},"modified":"2024-07-19T18:11:56","modified_gmt":"2024-07-19T21:11:56","slug":"mclaren-aposta-consistencia-se-diz-altamente-motivada-briga-pelo-titulo","status":"publish","type":"post","link":"https:\/\/grandepremio.com\/br\/f1\/mclaren-aposta-consistencia-se-diz-altamente-motivada-briga-pelo-titulo\/","title":{"rendered":"McLaren aposta em &#8220;consist\u00eancia&#8221; e se diz &#8220;altamente motivada&#8221; na briga pelo t\u00edtulo"},"content":{"rendered":"\n<p class=\"wp-block-paragraph\">O \u00f3timo desempenho da <strong>McLaren<\/strong> desde o <strong>GP de Miami<\/strong>, quando a equipe introduziu um pacote robusto de atualiza\u00e7\u00f5es no <strong>MCL38<\/strong>, realmente acendeu a esperan\u00e7a na equipe de poder conquistar novamente <a href=\"https:\/\/www.grandepremio.com\/br\/f1\/classificacao\/\">o t\u00edtulo do Mundial de Construtores<\/a>, algo que aconteceu pela \u00faltima vez em 1998. Chefe do time de Woking, <strong>Andrea Stella<\/strong> lamentou as oportunidades perdidas at\u00e9 aqui, como no <strong>GP da Inglaterra<\/strong>, mas apontou para o fato de que eles continuam sendo a equipe &#8220;mais consistente&#8221; do grid.<\/p>\n\n\n\n<p class=\"wp-block-paragraph\">Com 295 pontos somados no campeonato, a escuderia laranja-papaia \u00e9 a terceira colocada, com sete tentos de desvantagem para a <strong>Ferrari<\/strong>, dona do segundo posto, e 78 atr\u00e1s da <strong>Red Bull<\/strong>, atual bicampe\u00e3 da <strong>F\u00f3rmula 1<\/strong> e l\u00edder. Apesar da grande dist\u00e2ncia em rela\u00e7\u00e3o aos taurinos, o dirigente deixou claro que a McLaren j\u00e1 sabe o que deve fazer e que est\u00e1 preparada mentalmente para enfrentar os desafios que v\u00e3o surgir na segunda metade da temporada.<\/p>\n\n\n\n<p class=\"wp-block-paragraph\">&#8220;A meta que temos pela frente no momento, para mim, \u00e9 78 ou algo assim, que s\u00e3o os pontos que nos separam do primeiro colocado no Mundial de Construtores. Esse \u00e9 o nosso foco&#8221;, disse Andrea em entrevista \u00e0 emissora brit\u00e2nica <em>Sky Sports<\/em>. &#8220;Sabemos que ser\u00e1 dif\u00edcil alcan\u00e7ar isso se continuarmos nesse tipo de disputa at\u00e9 o final da temporada&#8221;, continuou.<\/p>\n\n\n\n<p class=\"wp-block-paragraph\">&#8220;Mas, ao mesmo tempo, estamos altamente motivados pela oportunidade de lutar pelo campeonato. Ent\u00e3o, essa \u00e9 a mentalidade na McLaren e, com sorte, permaneceremos nessa luta at\u00e9 o fim. Somos a equipe mais consistente. Somos os \u00fanicos que conquistaram oito p\u00f3dios consecutivos e a equipe que marcou mais pontos nas \u00faltimas seis corridas. Tiramos 37 ou 36 pontos em rela\u00e7\u00e3o \u00e0 Red Bull. Ent\u00e3o \u00e9 muito importante, quando olhamos para as coisas, entender de qual \u00e2ngulo estamos olhando&#8221;, apontou Stella.<\/p>\n\n\n\n<figure class=\"wp-block-image size-large\"><img decoding=\"async\" src=\"https:\/\/www.grandepremio.com\/br\/wp-content\/uploads\/2024\/07\/inglaterra-2024-f1-classificacao-mclaren-oscar-piastri-02-1200x800.jpg\" alt=\"\" class=\"wp-image-837621\"\/><figcaption class=\"wp-element-caption\">Andrea Stella acredita nas chances de t\u00edtulo da McLaren (Foto: McLaren)<\/figcaption><\/figure>\n\n\n\n<p class=\"wp-block-paragraph\"><strong><img decoding=\"async\" src=\"https:\/\/a.slack-edge.com\/production-standard-emoji-assets\/14.0\/google-medium\/25b6-fe0f.png\" alt=\":seta_para_frente:\">&nbsp;Inscreva-se nos dois canais do GRANDE PR\u00caMIO no YouTube:&nbsp;<a href=\"https:\/\/www.youtube.com\/channel\/UC9OlHEgxoaY6QY6nWPoiqQg?sub_confirmation=1\" target=\"_blank\" rel=\"noreferrer noopener\">GP<\/a>&nbsp;|&nbsp;<a href=\"https:\/\/www.youtube.com\/channel\/UC9csiS6q_C3C0FYhyr1rnFA?sub_confirmation=1\" target=\"_blank\" rel=\"noreferrer noopener\">GP2<\/a><\/strong><br><strong><img decoding=\"async\" src=\"https:\/\/a.slack-edge.com\/production-standard-emoji-assets\/14.0\/google-medium\/25b6-fe0f.png\" alt=\":seta_para_frente:\">&nbsp;LEIA TAMB\u00c9M:&nbsp;<a href=\"https:\/\/www.grandepremio.com\/br\/f1\/noticias\/red-bull-repaginada-mercedes-mudancas-sutis-atualizacoes-gp-da-hungria\/\">Red Bull repaginada e Mercedes com mudan\u00e7as sutis: atualiza\u00e7\u00f5es do GP da Hungria<\/a><\/strong><\/p>\n\n\n\n<p class=\"wp-block-paragraph\">O mandat\u00e1rio, no entanto, reconheceu que a equipe cometeu alguns erros que deveriam ter sido evitados. Na \u00faltima corrida do certame, no\u00a0<strong>GP da Inglaterra<\/strong>, por exemplo, <strong>Lando Norris<\/strong> e <strong>Oscar Piastri<\/strong> conseguiram se sair muito bem no momento em que a pista ficou molhada e chegaram perto de conquistar uma dobradinha. No entanto, as decis\u00f5es equivocadas por parte da McLaren custaram muito caro, e os pilotos tiveram de se contentar apenas com a terceira e quarta posi\u00e7\u00e3o, respectivamente.\u00a0<\/p>\n\n\n\n<p class=\"wp-block-paragraph\">&#8220;Tivemos algumas oportunidades perdidas em <strong>Silverstone<\/strong> em situa\u00e7\u00f5es nas quais sabemos que temos algum trabalho a fazer. Quanto a isso, eu digo que somos uma equipe em constru\u00e7\u00e3o porque as pessoas aqui s\u00e3o relativamente jovens, e a forma como nos relacionamos com os pilotos tamb\u00e9m \u00e9 nova&#8221;, justificou o italiano.<\/p>\n\n\n\n<p class=\"wp-block-paragraph\">&#8220;O que pode parecer indecis\u00e3o \u00e9 apenas uma quest\u00e3o de nos prepararmos mais, de termos mais alinhamento e melhor planejamento \u2014 o que \u00e9 f\u00e1cil de abordar. Sempre nos concentramos no que \u00e9 positivo e em todas as oportunidades&#8221;, finalizou o chefe da McLaren.<\/p>\n\n\n\n<figure class=\"wp-block-image size-large\"><img decoding=\"async\" src=\"https:\/\/www.grandepremio.com\/br\/wp-content\/uploads\/2024\/07\/hungria-2024-f1-treino-livre-mclaren-lando-norris-03-1-1200x800.jpg\" alt=\"\" class=\"wp-image-842541\"\/><figcaption class=\"wp-element-caption\">Lando Norris foi o mais r\u00e1pido no primeiro dia da F1 na Hungria (Foto: McLaren)<\/figcaption><\/figure>\n\n\n\n<p class=\"wp-block-paragraph\">Nesta sexta-feira (19), no <strong>Hungaroring<\/strong>, Norris <a href=\"https:\/\/www.grandepremio.com\/br\/f1\/noticias\/lando-norris-mostra-forca-mclaren-lidera-tl2-gp-hungria-batida-charles-leclerc\/\">foi o piloto mais r\u00e1pido<\/a> e colocou o time laranja-papaia no topo da tabela de tempos, superando <strong>Max Verstappen<\/strong>, segundo, e <strong>Carlos Sainz<\/strong>, que fechou o top-3. Piastri, por sua vez, <a href=\"https:\/\/www.grandepremio.com\/br\/f1\/noticias\/oscar-piastri-pede-mclaren-descubra-por-que-carro-ficou-tao-dificil-tl2-hungria\/\">questionou o comportamento do MCL38<\/a> e encerrou o primeiro dia de atividades para o <strong>GP da Hungria<\/strong> apenas na 14\u00aa posi\u00e7\u00e3o.<\/p>\n\n\n\n<p class=\"wp-block-paragraph\">O\u00a0<strong>GRANDE PR\u00caMIO<\/strong>\u00a0acompanha<strong>\u00a0<a href=\"https:\/\/www.grandepremio.com\/br\/ao-vivo\/f1\/\" target=\"_blank\" rel=\"noreferrer noopener\">AO VIVO<\/a><\/strong><a href=\"https:\/\/www.grandepremio.com\/br\/ao-vivo\/f1\/\" target=\"_blank\" rel=\"noreferrer noopener\">\u00a0e\u00a0<strong>EM\u00a0<\/strong><\/a><a href=\"https:\/\/www.grandepremio.com\/br\/ao-vivo\/\" target=\"_blank\" rel=\"noreferrer noopener\"><strong>TEMPO REAL<\/strong><\/a>\u00a0todas as atividades do\u00a0<strong>GP da Hungria<\/strong>\u00a0de\u00a0<a href=\"https:\/\/www.grandepremio.com\/br\/f1\/\" target=\"_blank\" rel=\"noreferrer noopener\">F\u00f3rmula 1<\/a>\u00a0e transmite classifica\u00e7\u00e3o e corrida em segunda tela, em parceria com a Voz do Esporte, na<strong>\u00a0<a href=\"https:\/\/www.youtube.com\/c\/GrandePremioTV\/streams\" target=\"_blank\" rel=\"noreferrer noopener\">GPTV, o canal do GP no Youtube<\/a><\/strong>. Al\u00e9m disso, debate tudo que aconteceu na pista com o\u00a0<strong>Briefing\u00a0<\/strong>ap\u00f3s treinos livres e classifica\u00e7\u00e3o, al\u00e9m de antes e depois da corrida. No s\u00e1bado (20), \u00e0s\u00a0<strong>7h30<\/strong>\u00a0(de Bras\u00edlia, GMT-3), acontece o\u00a0<strong>TL3<\/strong>, ao passo que a\u00a0<strong>classifica\u00e7\u00e3o\u00a0<\/strong>ser\u00e1 \u00e0s\u00a0<strong>11h<\/strong>. Por fim, no domingo (21), os pilotos disputam a\u00a0<strong>corrida\u00a0<\/strong>em\u00a0<strong>Budapeste\u00a0<\/strong>a partir das\u00a0<strong>10h<\/strong>.<\/p>\n\n\n\n<figure class=\"wp-block-embed is-type-video is-provider-youtube wp-block-embed-youtube wp-embed-aspect-16-9 wp-has-aspect-ratio\"><div class=\"wp-block-embed__wrapper\">\n<iframe loading=\"lazy\" title=\"NORRIS 1\u00ba, VERSTAPPEN 2\u00ba, LECLERC ERRA: GP da HUNGRIA F1 - tudo sobre os treinos livres | Briefing\" width=\"500\" height=\"281\" src=\"https:\/\/www.youtube.com\/embed\/JOquR-bIHek?feature=oembed\" frameborder=\"0\" allow=\"accelerometer; autoplay; clipboard-write; encrypted-media; gyroscope; picture-in-picture; web-share\" referrerpolicy=\"strict-origin-when-cross-origin\" allowfullscreen><\/iframe>\n<\/div><\/figure>\n","protected":false},"excerpt":{"rendered":"<p>Andrea Stella tamb\u00e9m n\u00e3o deixou de reconhecer os erros cometidos pela McLaren nas \u00faltimas corridas, mas enfatizou que a equipe est\u00e1 &#8220;em constru\u00e7\u00e3o&#8221; e, por isso, ainda precisa aprender a lidar com certas situa\u00e7\u00f5es<\/p>\n","protected":false},"author":0,"featured_media":1000794590,"comment_status":"closed","ping_status":"closed","sticky":false,"template":"","format":"standard","meta":{"42wp_featured_image_caption":"","42wp_featured_image_credits":"","42wp_featured_video":"","42wp_featured_image_hidden":false,"42wp_authors_list":[],"footnotes":""},"categories":[2],"tags":[7094,5660,969,147,3230,642,160,180,30909,1647,40306,1491,30103,28285,4122,90],"42wp_author":[47160],"class_list":["post-69645","post","type-post","status-publish","format-standard","has-post-thumbnail","hentry","category-f1","tag-andrea-stella","tag-classificacao","tag-corrida","tag-f1","tag-f1-2024","tag-f1-ao-vivo","tag-f1-tv","tag-formula-1","tag-formula-1-2024","tag-gp-da-hungria","tag-gp-da-hungria-2024","tag-grande-premio","tag-grande-premio-f1","tag-grandepremio","tag-hungaroring","tag-mclaren","42wp_author-vicente-soella"],"_links":{"self":[{"href":"https:\/\/grandepremio.com\/br\/wp-json\/wp\/v2\/posts\/69645","targetHints":{"allow":["GET"]}}],"collection":[{"href":"https:\/\/grandepremio.com\/br\/wp-json\/wp\/v2\/posts"}],"about":[{"href":"https:\/\/grandepremio.com\/br\/wp-json\/wp\/v2\/types\/post"}],"replies":[{"embeddable":true,"href":"https:\/\/grandepremio.com\/br\/wp-json\/wp\/v2\/comments?post=69645"}],"version-history":[{"count":0,"href":"https:\/\/grandepremio.com\/br\/wp-json\/wp\/v2\/posts\/69645\/revisions"}],"wp:featuredmedia":[{"embeddable":true,"href":"https:\/\/grandepremio.com\/br\/wp-json\/wp\/v2\/media\/1000794590"}],"wp:attachment":[{"href":"https:\/\/grandepremio.com\/br\/wp-json\/wp\/v2\/media?parent=69645"}],"wp:term":[{"taxonomy":"category","embeddable":true,"href":"https:\/\/grandepremio.com\/br\/wp-json\/wp\/v2\/categories?post=69645"},{"taxonomy":"post_tag","embeddable":true,"href":"https:\/\/grandepremio.com\/br\/wp-json\/wp\/v2\/tags?post=69645"},{"taxonomy":"42wp_author","embeddable":true,"href":"https:\/\/grandepremio.com\/br\/wp-json\/wp\/v2\/42wp_author?post=69645"}],"curies":[{"name":"wp","href":"https:\/\/api.w.org\/{rel}","templated":true}]}}