{"id":69678,"date":"2024-07-19T15:27:29","date_gmt":"2024-07-19T18:27:29","guid":{"rendered":"https:\/\/grandepremio.com\/br\/noticias\/charles-leclerc-assume-exagero-tl2-hungria-mas-batida-nao-causou-muitos-danos\/"},"modified":"2024-07-19T15:27:42","modified_gmt":"2024-07-19T18:27:42","slug":"charles-leclerc-assume-exagero-tl2-hungria-mas-batida-nao-causou-muitos-danos","status":"publish","type":"post","link":"https:\/\/grandepremio.com\/br\/f1\/charles-leclerc-assume-exagero-tl2-hungria-mas-batida-nao-causou-muitos-danos\/","title":{"rendered":"Leclerc assume &#8220;exagero&#8221; em TL2 da Hungria, mas batida &#8220;n\u00e3o causou muitos danos&#8221;"},"content":{"rendered":"\n<p class=\"wp-block-paragraph\"><strong>Charles Leclerc<\/strong> n\u00e3o conseguiu cumprir todo o programa de testes da <strong>Ferrari <\/strong>durante a sexta-feira de treinos livres na <strong>Hungria<\/strong>. <a href=\"https:\/\/www.grandepremio.com\/br\/f1\/noticias\/lando-norris-mostra-forca-mclaren-lidera-tl2-gp-hungria-batida-charles-leclerc\/\">Embora tenha batido a <strong>SF-24<\/strong> no TL2<\/a>, o monegasco destacou que o carro \u2014 que n\u00e3o sofreu muitos danos \u2014 est\u00e1 com um desempenho melhor do que nas sess\u00f5es anteriores e, por isso, espera um fim de semana promissor em <strong>Hungaroring<\/strong>.<\/p>\n\n\n\n<p class=\"wp-block-paragraph\">Desde que venceu o <strong>GP de M\u00f4naco<\/strong>, a <strong>Ferrari <\/strong>e <strong>Leclerc <\/strong>perderam o rumo na <strong>F1 <\/strong>e enfrentaram uma fase terr\u00edvel. O momento \u00e9 t\u00e3o delicado, que o monegasco pontuou em apenas uma oportunidade nas \u00faltimas quatro corridas. O quinto lugar na <strong>Espanha <\/strong>foi o melhor resultado obtido desde o triunfo no principado.<\/p>\n\n\n\n<p class=\"wp-block-paragraph\">Para o<strong> GP da Hungria<\/strong>, no entanto, a <strong>Ferrari <\/strong>parece ter se encontrado. <a href=\"https:\/\/www.grandepremio.com\/br\/f1\/noticias\/carlos-sainz-inicio-recuperacao-ferrari-lidera-tl1-gp-hungria-max-verstappen-2o\/\">Durante o TL1<\/a>, o time de <strong>Maranello <\/strong>terminou na ponta com <strong>Carlos Sainz<\/strong>, enquanto <strong>Leclerc <\/strong>ficou em terceiro. No TL2, no entanto, o cen\u00e1rio foi um pouco pior. O espanhol foi terceiro, enquanto o #16 sofreu um acidente nos primeiros minutos e ficou apenas em 18\u00ba.<\/p>\n\n\n\n<p class=\"wp-block-paragraph\">Ap\u00f3s o segundo treino livre, <strong>Charles Leclerc<\/strong> deu mais detalhes sobre o incidente. Apesar de ter abandonado a sess\u00e3o, o titular da <strong>Ferrari <\/strong>destacou que a <strong>SF-24<\/strong> #16 n\u00e3o sofreu danos s\u00e9rios e se mostrou otimista para o restante do fim de semana.<\/p>\n\n\n\n<figure class=\"wp-block-video\"><video class=\"video-js vjs-big-play-centered\" data-gp-vjs=\"1\" controls poster=\"https:\/\/www.grandepremio.com\/br\/cdn-cgi\/image\/width=1200,height=675,fit=contain,gravity=0.5x0.5,quality=75,format=webp\/wp-content\/uploads\/2024\/07\/ssstwitter.com_1721402375113-poster.jpeg\" src=\"https:\/\/www.grandepremio.com\/br\/wp-content\/uploads\/2024\/07\/ssstwitter.com_1721402375113.mp4\"><\/video><figcaption class=\"wp-element-caption\">Charles Leclerc causa bandeira vermelha no TL2 da Hungria (Foto: Reprodu\u00e7\u00e3o\/DAZN F1)<\/figcaption><\/figure>\n\n\n\n<p class=\"wp-block-paragraph\">\u201cO carro est\u00e1 muito bom at\u00e9 agora e tivemos um dia mais consistente em compara\u00e7\u00e3o aos \u00faltimos fins de semana\u201d, disse Charles.<\/p>\n\n\n\n<p class=\"wp-block-paragraph\">\u201cExagerei um pouco na curva 4 e perdi o carro na zebra, o que felizmente n\u00e3o causou muitos danos, mas o suficiente para minha sess\u00e3o acabar. Vamos nos concentrar em recuperar a quilometragem que perdemos no FP3 amanh\u00e3\u201d, finalizou o monegasco.<\/p>\n\n\n\n<p class=\"wp-block-paragraph\">O\u00a0<strong>GRANDE PR\u00caMIO<\/strong>\u00a0acompanha<strong>\u00a0<a href=\"https:\/\/www.grandepremio.com\/br\/ao-vivo\/f1\/\" target=\"_blank\" rel=\"noreferrer noopener\">AO VIVO<\/a><\/strong><a href=\"https:\/\/www.grandepremio.com\/br\/ao-vivo\/f1\/\" target=\"_blank\" rel=\"noreferrer noopener\">\u00a0e\u00a0<strong>EM\u00a0<\/strong><\/a><a href=\"https:\/\/www.grandepremio.com\/br\/ao-vivo\/\" target=\"_blank\" rel=\"noreferrer noopener\"><strong>TEMPO REAL<\/strong><\/a>\u00a0todas as atividades do\u00a0<strong>GP da Hungria<\/strong>\u00a0de\u00a0<a href=\"https:\/\/www.grandepremio.com\/br\/f1\/\" target=\"_blank\" rel=\"noreferrer noopener\">F\u00f3rmula 1<\/a>\u00a0e transmite classifica\u00e7\u00e3o e corrida em segunda tela, em parceria com a Voz do Esporte, na<strong>\u00a0<a href=\"https:\/\/www.youtube.com\/c\/GrandePremioTV\/streams\" target=\"_blank\" rel=\"noreferrer noopener\">GPTV, o canal do GP no Youtube<\/a><\/strong>. Al\u00e9m disso, debate tudo que aconteceu na pista com o\u00a0<strong>Briefing\u00a0<\/strong>ap\u00f3s treinos livres e classifica\u00e7\u00e3o, al\u00e9m de antes e depois da corrida. No s\u00e1bado (20), \u00e0s\u00a0<strong>7h30<\/strong>\u00a0(de Bras\u00edlia, GMT-3), acontece o\u00a0<strong>TL3<\/strong>, ao passo que a\u00a0<strong>classifica\u00e7\u00e3o\u00a0<\/strong>ser\u00e1 \u00e0s\u00a0<strong>11h<\/strong>. Por fim, no domingo (21), os pilotos disputam a\u00a0<strong>corrida\u00a0<\/strong>em\u00a0<strong>Budapeste\u00a0<\/strong>a partir das\u00a0<strong>10h<\/strong>.<\/p>\n\n\n\n<p class=\"wp-block-paragraph\"><strong><img decoding=\"async\" src=\"https:\/\/a.slack-edge.com\/production-standard-emoji-assets\/14.0\/google-medium\/25b6-fe0f.png\" alt=\":seta_para_frente:\">\u00a0Inscreva-se nos dois canais do GRANDE PR\u00caMIO no YouTube:\u00a0<a href=\"https:\/\/www.youtube.com\/channel\/UC9OlHEgxoaY6QY6nWPoiqQg?sub_confirmation=1\" target=\"_blank\" rel=\"noreferrer noopener\">GP<\/a>\u00a0|\u00a0<a href=\"https:\/\/www.youtube.com\/channel\/UC9csiS6q_C3C0FYhyr1rnFA?sub_confirmation=1\" target=\"_blank\" rel=\"noreferrer noopener\">GP2<\/a><\/strong><br><strong><img decoding=\"async\" src=\"https:\/\/a.slack-edge.com\/production-standard-emoji-assets\/14.0\/google-medium\/25b6-fe0f.png\" alt=\":seta_para_frente:\">\u00a0LEIA TAMB\u00c9M:\u00a0<a href=\"https:\/\/www.grandepremio.com\/br\/f1\/noticias\/red-bull-repaginada-mercedes-mudancas-sutis-atualizacoes-gp-da-hungria\/\">Red Bull repaginada e Mercedes com mudan\u00e7as sutis: atualiza\u00e7\u00f5es do GP da Hungria<\/a><\/strong><\/p>\n\n\n\n<figure class=\"wp-block-embed is-type-video is-provider-youtube wp-block-embed-youtube wp-embed-aspect-16-9 wp-has-aspect-ratio\"><div class=\"wp-block-embed__wrapper\">\n<iframe loading=\"lazy\" title=\"NORRIS 1\u00ba, VERSTAPPEN 2\u00ba, LECLERC ERRA: GP da HUNGRIA F1 - tudo sobre os treinos livres | Briefing\" width=\"500\" height=\"281\" src=\"https:\/\/www.youtube.com\/embed\/JOquR-bIHek?feature=oembed\" frameborder=\"0\" allow=\"accelerometer; autoplay; clipboard-write; encrypted-media; gyroscope; picture-in-picture; web-share\" referrerpolicy=\"strict-origin-when-cross-origin\" allowfullscreen><\/iframe>\n<\/div><\/figure>\n","protected":false},"excerpt":{"rendered":"<p>Apesar de ter encerrado as atividades de sexta-feira de forma precoce, Charles Leclerc est\u00e1 confiante de que pode ter um bom fim de semana com a Ferrari na Hungria<\/p>\n","protected":false},"author":0,"featured_media":1000842275,"comment_status":"closed","ping_status":"closed","sticky":false,"template":"","format":"standard","meta":{"42wp_featured_image_caption":"","42wp_featured_image_credits":"","42wp_featured_video":"","42wp_featured_image_hidden":false,"42wp_authors_list":[],"footnotes":""},"categories":[2],"tags":[209,147,3230,207,578,1647,1491,28285,4122,3967,2780,34618,38169],"42wp_author":[47149],"class_list":["post-69678","post","type-post","status-publish","format-standard","has-post-thumbnail","hentry","category-f1","tag-charles-leclerc","tag-f1","tag-f1-2024","tag-ferrari","tag-ferrari-f1","tag-gp-da-hungria","tag-grande-premio","tag-grandepremio","tag-hungaroring","tag-hungria","tag-leclerc","tag-leclerc-ferrari","tag-sf-24","42wp_author-bernardo-castro"],"_links":{"self":[{"href":"https:\/\/grandepremio.com\/br\/wp-json\/wp\/v2\/posts\/69678","targetHints":{"allow":["GET"]}}],"collection":[{"href":"https:\/\/grandepremio.com\/br\/wp-json\/wp\/v2\/posts"}],"about":[{"href":"https:\/\/grandepremio.com\/br\/wp-json\/wp\/v2\/types\/post"}],"replies":[{"embeddable":true,"href":"https:\/\/grandepremio.com\/br\/wp-json\/wp\/v2\/comments?post=69678"}],"version-history":[{"count":0,"href":"https:\/\/grandepremio.com\/br\/wp-json\/wp\/v2\/posts\/69678\/revisions"}],"wp:featuredmedia":[{"embeddable":true,"href":"https:\/\/grandepremio.com\/br\/wp-json\/wp\/v2\/media\/1000842275"}],"wp:attachment":[{"href":"https:\/\/grandepremio.com\/br\/wp-json\/wp\/v2\/media?parent=69678"}],"wp:term":[{"taxonomy":"category","embeddable":true,"href":"https:\/\/grandepremio.com\/br\/wp-json\/wp\/v2\/categories?post=69678"},{"taxonomy":"post_tag","embeddable":true,"href":"https:\/\/grandepremio.com\/br\/wp-json\/wp\/v2\/tags?post=69678"},{"taxonomy":"42wp_author","embeddable":true,"href":"https:\/\/grandepremio.com\/br\/wp-json\/wp\/v2\/42wp_author?post=69678"}],"curies":[{"name":"wp","href":"https:\/\/api.w.org\/{rel}","templated":true}]}}