{"id":69699,"date":"2024-07-19T14:25:44","date_gmt":"2024-07-19T17:25:44","guid":{"rendered":"https:\/\/grandepremio.com\/br\/noticias\/sergio-perez-comemora-mudancas-rb20-sexta-feira-hungria-nossa-hora-vai-chegar\/"},"modified":"2024-07-19T14:54:59","modified_gmt":"2024-07-19T17:54:59","slug":"sergio-perez-comemora-mudancas-rb20-sexta-feira-hungria-nossa-hora-vai-chegar","status":"publish","type":"post","link":"https:\/\/grandepremio.com\/br\/f1\/sergio-perez-comemora-mudancas-rb20-sexta-feira-hungria-nossa-hora-vai-chegar\/","title":{"rendered":"P\u00e9rez comemora mudan\u00e7as no RB20 ap\u00f3s sexta-feira na Hungria: &#8220;Nossa hora vai chegar&#8221;"},"content":{"rendered":"\n<p class=\"wp-block-paragraph\"><strong>Sergio P\u00e9rez<\/strong> voltou a ter uma boa atua\u00e7\u00e3o na <strong>F\u00f3rmula 1<\/strong>. <a href=\"https:\/\/www.grandepremio.com\/br\/f1\/noticias\/lando-norris-mostra-forca-mclaren-lidera-tl2-gp-hungria-batida-charles-leclerc\/\">O quarto lugar conquistado no TL2<\/a> desta sexta-feira (19) na <strong>Hungria<\/strong> deu um alento \u00e0 vida dif\u00edcil enfrentada pelo mexicano na categoria, afinal, seu nome est\u00e1 sempre envolvido em rumores de uma troca na <strong>Red Bull<\/strong> ainda em 2024.<\/p>\n\n\n\n<p class=\"wp-block-paragraph\">&#8220;Foi uma bom dia, tivemos avan\u00e7os entre o TL1 e o TL2 com as mudan\u00e7as feitas e tomamos a dire\u00e7\u00e3o certa. Foi o n\u00edvel mais confort\u00e1vel que me seni com o carro nesta fase do fim de semana em algum tempo&#8221;, comemorou.<\/p>\n\n\n\n<p class=\"wp-block-paragraph\">Checo n\u00e3o pontuou em tr\u00eas das \u00faltimas cinco corridas, contando com dois abandonos consecutivos em <strong>M\u00f4naco<\/strong> e no <strong>Canad\u00e1<\/strong>. O resultado desta m\u00e1 fase? Caiu para a sexta coloca\u00e7\u00e3o no <strong>Mundial de Pilotos<\/strong> e contribuiu muito pouco com sua equipe no campeonato de<strong> Construtores<\/strong>.<\/p>\n\n\n\n<p class=\"wp-block-paragraph\">Desta forma, o piloto valorizou demais as atualiza\u00e7\u00f5es trazidas para o <strong>RB20<\/strong>, <a href=\"https:\/\/www.grandepremio.com\/br\/f1\/noticias\/red-bull-valoriza-atualizacoes-hungria-melhor-sexta-feira-sergio-perez-desde-china\/\">que j\u00e1 geraram elogios do chef\u00e3o da equipe<\/a>, <strong>Christian Horner<\/strong>. Ainda mais <a href=\"https:\/\/www.grandepremio.com\/br\/f1\/noticias\/chefe-red-bull-revela-conselho-sergio-perez-tem-de-ignorar-outro-lado-garagem\/\">ap\u00f3s a conversa revelada pelo brit\u00e2nico<\/a>, que tenta entender o que acontece com ele nesta temporada.<\/p>\n\n\n\n<figure class=\"wp-block-image size-large\"><img decoding=\"async\" src=\"https:\/\/www.grandepremio.com\/br\/wp-content\/uploads\/2024\/07\/hungria-2024-f1-treino-livre-red-bull-sergio-perez-02-1-1200x800.jpg\" alt=\"\" class=\"wp-image-842490\"\/><figcaption class=\"wp-element-caption\">Sergio P\u00e9rez fechou a sexta-feira na Hungria em quarto (Foto: Red Bull Content Pool)<\/figcaption><\/figure>\n\n\n\n<p class=\"wp-block-paragraph\">&#8220;Nossa hora vai chegar. Ainda podemos ajustar a configura\u00e7\u00e3o do carro. Os passos que demos foram positivos e me sinto muito bem. Agora, \u00e9 esperar para ver o que o restante do fim de semana nos reserva&#8221;, completou P\u00e9rez.<\/p>\n\n\n\n<p class=\"wp-block-paragraph\">O\u00a0<strong>GRANDE PR\u00caMIO<\/strong>\u00a0acompanha<strong>\u00a0<a href=\"https:\/\/www.grandepremio.com\/br\/ao-vivo\/f1\/\" target=\"_blank\" rel=\"noreferrer noopener\">AO VIVO<\/a><\/strong><a href=\"https:\/\/www.grandepremio.com\/br\/ao-vivo\/f1\/\" target=\"_blank\" rel=\"noreferrer noopener\">\u00a0e\u00a0<strong>EM\u00a0<\/strong><\/a><a href=\"https:\/\/www.grandepremio.com\/br\/ao-vivo\/\" target=\"_blank\" rel=\"noreferrer noopener\"><strong>TEMPO REAL<\/strong><\/a>\u00a0todas as atividades do\u00a0<strong>GP da Hungria<\/strong>\u00a0de\u00a0<a href=\"https:\/\/www.grandepremio.com\/br\/f1\/\" target=\"_blank\" rel=\"noreferrer noopener\">F\u00f3rmula 1<\/a>\u00a0e transmite classifica\u00e7\u00e3o e corrida em segunda tela, em parceria com a Voz do Esporte, na<strong>\u00a0<a href=\"https:\/\/www.youtube.com\/c\/GrandePremioTV\/streams\" target=\"_blank\" rel=\"noreferrer noopener\">GPTV, o canal do GP no Youtube<\/a><\/strong>. <\/p>\n\n\n\n<p class=\"wp-block-paragraph\">Al\u00e9m disso, debate tudo que aconteceu na pista com o\u00a0<strong>Briefing\u00a0<\/strong>ap\u00f3s treinos livres e classifica\u00e7\u00e3o, al\u00e9m de antes e depois da corrida. No s\u00e1bado (20), \u00e0s\u00a0<strong>7h30<\/strong>\u00a0(de Bras\u00edlia, GMT-3), acontece o\u00a0<strong>TL3<\/strong>, ao passo que a\u00a0<strong>classifica\u00e7\u00e3o\u00a0<\/strong>ser\u00e1 \u00e0s\u00a0<strong>11h<\/strong>. Por fim, no domingo (21), os pilotos disputam a\u00a0<strong>corrida\u00a0<\/strong>em\u00a0<strong>Budapeste\u00a0<\/strong>a partir das\u00a0<strong>10h<\/strong>.<\/p>\n\n\n\n<p class=\"wp-block-paragraph\"><strong>Inscreva-se nos dois canais do GRANDE PR\u00caMIO no YouTube:\u00a0<a href=\"https:\/\/www.youtube.com\/channel\/UC9OlHEgxoaY6QY6nWPoiqQg?sub_confirmation=1\" target=\"_blank\" rel=\"noreferrer noopener\">GP<\/a>\u00a0|\u00a0<a href=\"https:\/\/www.youtube.com\/channel\/UC9csiS6q_C3C0FYhyr1rnFA?sub_confirmation=1\" target=\"_blank\" rel=\"noreferrer noopener\">GP2<\/a><\/strong><\/p>\n\n\n\n<figure class=\"wp-block-embed is-type-video is-provider-youtube wp-block-embed-youtube wp-embed-aspect-16-9 wp-has-aspect-ratio\"><div class=\"wp-block-embed__wrapper\">\n<iframe loading=\"lazy\" title=\"NORRIS 1\u00ba, VERSTAPPEN 2\u00ba, LECLERC ERRA: GP da HUNGRIA F1 - tudo sobre os treinos livres | Briefing\" width=\"500\" height=\"281\" src=\"https:\/\/www.youtube.com\/embed\/JOquR-bIHek?feature=oembed\" frameborder=\"0\" allow=\"accelerometer; autoplay; clipboard-write; encrypted-media; gyroscope; picture-in-picture; web-share\" referrerpolicy=\"strict-origin-when-cross-origin\" allowfullscreen><\/iframe>\n<\/div><\/figure>\n","protected":false},"excerpt":{"rendered":"<p>Mexicano da Red Bull terminou na quarta coloca\u00e7\u00e3o no TL2 h\u00fangaro e celebrou este bom resultado. Que tamb\u00e9m veio gra\u00e7as \u00e0s atualiza\u00e7\u00f5es trazidas para o RB20 neste fim de semana<\/p>\n","protected":false},"author":0,"featured_media":1000842487,"comment_status":"closed","ping_status":"closed","sticky":false,"template":"","format":"standard","meta":{"42wp_featured_image_caption":"","42wp_featured_image_credits":"","42wp_featured_video":"","42wp_featured_image_hidden":false,"42wp_authors_list":[],"footnotes":""},"categories":[2],"tags":[26271,655,5273,147,3230,180,30909,1647,1491,28285,30840,4122,40307,32082,3967,40308,4005,35129,204,3132,33301],"42wp_author":[47128],"class_list":["post-69699","post","type-post","status-publish","format-standard","has-post-thumbnail","hentry","category-f1","tag-calendario-f1","tag-christian-horner","tag-classificacao-f1","tag-f1","tag-f1-2024","tag-formula-1","tag-formula-1-2024","tag-gp-da-hungria","tag-grande-premio","tag-grandepremio","tag-horarios-f1","tag-hungaroring","tag-hungaroring-2024","tag-hungaroring-f1","tag-hungria","tag-hungria-2024","tag-hungria-f1","tag-onde-assistir-f1","tag-red-bull","tag-sergio-perez","tag-temporada-2024-f1","42wp_author-guilherme-bloisi"],"_links":{"self":[{"href":"https:\/\/grandepremio.com\/br\/wp-json\/wp\/v2\/posts\/69699","targetHints":{"allow":["GET"]}}],"collection":[{"href":"https:\/\/grandepremio.com\/br\/wp-json\/wp\/v2\/posts"}],"about":[{"href":"https:\/\/grandepremio.com\/br\/wp-json\/wp\/v2\/types\/post"}],"replies":[{"embeddable":true,"href":"https:\/\/grandepremio.com\/br\/wp-json\/wp\/v2\/comments?post=69699"}],"version-history":[{"count":0,"href":"https:\/\/grandepremio.com\/br\/wp-json\/wp\/v2\/posts\/69699\/revisions"}],"wp:featuredmedia":[{"embeddable":true,"href":"https:\/\/grandepremio.com\/br\/wp-json\/wp\/v2\/media\/1000842487"}],"wp:attachment":[{"href":"https:\/\/grandepremio.com\/br\/wp-json\/wp\/v2\/media?parent=69699"}],"wp:term":[{"taxonomy":"category","embeddable":true,"href":"https:\/\/grandepremio.com\/br\/wp-json\/wp\/v2\/categories?post=69699"},{"taxonomy":"post_tag","embeddable":true,"href":"https:\/\/grandepremio.com\/br\/wp-json\/wp\/v2\/tags?post=69699"},{"taxonomy":"42wp_author","embeddable":true,"href":"https:\/\/grandepremio.com\/br\/wp-json\/wp\/v2\/42wp_author?post=69699"}],"curies":[{"name":"wp","href":"https:\/\/api.w.org\/{rel}","templated":true}]}}