{"id":69708,"date":"2024-07-19T14:02:43","date_gmt":"2024-07-19T17:02:43","guid":{"rendered":"https:\/\/grandepremio.com\/br\/noticias\/chefe-red-bull-revela-conselho-sergio-perez-tem-de-ignorar-outro-lado-garagem\/"},"modified":"2024-07-19T14:02:54","modified_gmt":"2024-07-19T17:02:54","slug":"chefe-red-bull-revela-conselho-sergio-perez-tem-de-ignorar-outro-lado-garagem","status":"publish","type":"post","link":"https:\/\/grandepremio.com\/br\/f1\/chefe-red-bull-revela-conselho-sergio-perez-tem-de-ignorar-outro-lado-garagem\/","title":{"rendered":"Chefe da Red Bull revela conselho a P\u00e9rez: &#8220;Tem de ignorar o outro lado da garagem&#8221;"},"content":{"rendered":"\n<p class=\"wp-block-paragraph\"><strong>Sergio P\u00e9rez<\/strong> teve um in\u00edcio de temporada competitivo junto da <strong>Red Bull<\/strong>, mas voltou a desempenhar abaixo do esperado ap\u00f3s o <strong>GP de Miami<\/strong>. Ainda que seu contrato tenha sido renovado por mais dois anos, o mexicano est\u00e1 com sua vaga amea\u00e7ada na equipe dos energ\u00e9ticos. No entanto, <strong>Christian Horner<\/strong>, chefe dos taurinos, buscou entender o que est\u00e1 acontecendo com seu piloto e revelou que teve uma conversa com o #11. O dirigente ainda sugeriu que \u2018Checo\u2019 deve ignorar os feitos de <strong>Max Verstappen<\/strong> e focar apenas no pr\u00f3prio trabalho.<\/p>\n\n\n\n<p class=\"wp-block-paragraph\">Essa n\u00e3o \u00e9 a primeira vez que <strong>Sergio P\u00e9rez<\/strong> enfrenta problemas de desempenho na <strong>Red Bull<\/strong>. Embora tenha deixado a desejar em alguns pontos de 2021 e 2022, a grande falta de performance do #11 ficou escancarada em 2023, quando se tornou o <a href=\"https:\/\/www.grandepremio.com\/br\/f1\/noticias\/sergio-perez-faz-quina-silverstone-supera-pior-marca-red-bull-fora-top-10-f1\/\">pior classificador da hist\u00f3ria<\/a> da <strong>Red Bull<\/strong> e quase perdeu o vice no <strong>Mundial de Pilotos<\/strong> para<strong> Lewis Hamilton<\/strong>.<\/p>\n\n\n\n<p class=\"wp-block-paragraph\">No in\u00edcio de 2024, no entanto, o mexicano recuperou o bom rendimento e conquistou quatro p\u00f3dios nas cinco primeiras corridas. O \u00faltimo bom resultado de <strong>P\u00e9rez <\/strong>foi o quarto lugar em <strong>Miami<\/strong>. Ap\u00f3s isso, colecionou problemas e somou 15 pontos nas \u00faltimas seis corridas.<\/p>\n\n\n\n<p class=\"wp-block-paragraph\">O chefe da <strong>Red Bull<\/strong> tentou entender o que est\u00e1 acontecendo com o mexicano e revelou alguns detalhes sobre uma conversa particular. Segundo <strong>Horner<\/strong>, <strong>P\u00e9rez <\/strong>est\u00e1 \u201cpensando demais nas coisas\u201d e isso tem o atrapalhado. Por isso, mudou a mentalidade para focar apenas no pr\u00f3prio trabalho.<\/p>\n\n\n\n<figure class=\"wp-block-image size-large\"><img decoding=\"async\" src=\"https:\/\/www.grandepremio.com\/br\/wp-content\/uploads\/2024\/07\/hungria-2024-f1-treino-livre-red-bull-sergio-perez-02-1-1200x800.jpg\" alt=\"\" class=\"wp-image-842490\"\/><figcaption class=\"wp-element-caption\">Sergio P\u00e9rez est\u00e1 enfrentando problemas com a Red Bull na F1 (Foto: Red Bull Content Pool)<\/figcaption><\/figure>\n\n\n\n<p class=\"wp-block-paragraph\">\u201cTemos um relacionamento muito aberto e sentei com ele na cozinha da minha casa e disse: \u2018vamos l\u00e1, o que est\u00e1 acontecendo? Tem mais alguma coisa?\u2019 E ele disse, \u2018n\u00e3o, acho que estou pensando demais nas coisas\u2019\u201d, destacou Horner.<\/p>\n\n\n\n<p class=\"wp-block-paragraph\">\u201cAcho que quase ignorar o que est\u00e1 acontecendo do outro lado da garagem lhe far\u00e1 bem, que \u00e9 a abordagem que ele est\u00e1 adotando agora \u2013 apenas se concentrando em seu pr\u00f3prio desempenho\u201d, finalizou o chefe da Red Bull.<\/p>\n\n\n\n<p class=\"wp-block-paragraph\">O\u00a0<strong>GRANDE PR\u00caMIO<\/strong>\u00a0acompanha<strong>\u00a0<a href=\"https:\/\/www.grandepremio.com\/br\/ao-vivo\/f1\/\" target=\"_blank\" rel=\"noreferrer noopener\">AO VIVO<\/a><\/strong><a href=\"https:\/\/www.grandepremio.com\/br\/ao-vivo\/f1\/\" target=\"_blank\" rel=\"noreferrer noopener\">\u00a0e\u00a0<strong>EM\u00a0<\/strong><\/a><a href=\"https:\/\/www.grandepremio.com\/br\/ao-vivo\/\" target=\"_blank\" rel=\"noreferrer noopener\"><strong>TEMPO REAL<\/strong><\/a>\u00a0todas as atividades do\u00a0<strong>GP da Hungria<\/strong>\u00a0de\u00a0<a href=\"https:\/\/www.grandepremio.com\/br\/f1\/\" target=\"_blank\" rel=\"noreferrer noopener\">F\u00f3rmula 1<\/a>\u00a0e transmite classifica\u00e7\u00e3o e corrida em segunda tela, em parceria com a Voz do Esporte, na<strong>\u00a0<a href=\"https:\/\/www.youtube.com\/c\/GrandePremioTV\/streams\" target=\"_blank\" rel=\"noreferrer noopener\">GPTV, o canal do GP no Youtube<\/a><\/strong>. Al\u00e9m disso, debate tudo que aconteceu na pista com o\u00a0<strong>Briefing\u00a0<\/strong>ap\u00f3s treinos livres e classifica\u00e7\u00e3o, al\u00e9m de antes e depois da corrida. No s\u00e1bado (20), \u00e0s\u00a0<strong>7h30<\/strong>\u00a0(de Bras\u00edlia, GMT-3), acontece o\u00a0<strong>TL3<\/strong>, ao passo que a\u00a0<strong>classifica\u00e7\u00e3o\u00a0<\/strong>ser\u00e1 \u00e0s\u00a0<strong>11h<\/strong>. Por fim, no domingo (21), os pilotos disputam a\u00a0<strong>corrida\u00a0<\/strong>em\u00a0<strong>Budapeste\u00a0<\/strong>a partir das\u00a0<strong>10h<\/strong>.<\/p>\n\n\n\n<p class=\"wp-block-paragraph\"><strong><img decoding=\"async\" src=\"https:\/\/a.slack-edge.com\/production-standard-emoji-assets\/14.0\/google-medium\/25b6-fe0f.png\" alt=\":seta_para_frente:\">\u00a0Inscreva-se nos dois canais do GRANDE PR\u00caMIO no YouTube:\u00a0<a href=\"https:\/\/www.youtube.com\/channel\/UC9OlHEgxoaY6QY6nWPoiqQg?sub_confirmation=1\" target=\"_blank\" rel=\"noreferrer noopener\">GP<\/a>\u00a0|\u00a0<a href=\"https:\/\/www.youtube.com\/channel\/UC9csiS6q_C3C0FYhyr1rnFA?sub_confirmation=1\" target=\"_blank\" rel=\"noreferrer noopener\">GP2<\/a><\/strong><br><strong><img decoding=\"async\" src=\"https:\/\/a.slack-edge.com\/production-standard-emoji-assets\/14.0\/google-medium\/25b6-fe0f.png\" alt=\":seta_para_frente:\">\u00a0LEIA TAMB\u00c9M:\u00a0<a href=\"https:\/\/www.grandepremio.com\/br\/f1\/noticias\/red-bull-repaginada-mercedes-mudancas-sutis-atualizacoes-gp-da-hungria\/\">Red Bull repaginada e Mercedes com mudan\u00e7as sutis: atualiza\u00e7\u00f5es do GP da Hungria<\/a><\/strong><\/p>\n\n\n\n<figure class=\"wp-block-embed is-type-video is-provider-youtube wp-block-embed-youtube wp-embed-aspect-16-9 wp-has-aspect-ratio\"><div class=\"wp-block-embed__wrapper\">\n<iframe loading=\"lazy\" title=\"NORRIS 1\u00ba, VERSTAPPEN 2\u00ba, LECLERC ERRA: GP da HUNGRIA F1 - tudo sobre os treinos livres | Briefing\" width=\"500\" height=\"281\" src=\"https:\/\/www.youtube.com\/embed\/JOquR-bIHek?feature=oembed\" frameborder=\"0\" allow=\"accelerometer; autoplay; clipboard-write; encrypted-media; gyroscope; picture-in-picture; web-share\" referrerpolicy=\"strict-origin-when-cross-origin\" allowfullscreen><\/iframe>\n<\/div><\/figure>\n","protected":false},"excerpt":{"rendered":"<p>Christian Horner, chefe da Red Bull, revelou que teve uma conversa para tentar entender o momento dif\u00edcil que Sergio P\u00e9rez est\u00e1 enfrentando na F\u00f3rmula 1<\/p>\n","protected":false},"author":0,"featured_media":1000816014,"comment_status":"closed","ping_status":"closed","sticky":false,"template":"","format":"standard","meta":{"42wp_featured_image_caption":"","42wp_featured_image_credits":"","42wp_featured_video":"","42wp_featured_image_hidden":false,"42wp_authors_list":[],"footnotes":""},"categories":[2],"tags":[655,1491,28285,13887,203,27382,28012,204,27332,27716,3132,9685],"42wp_author":[47149],"class_list":["post-69708","post","type-post","status-publish","format-standard","has-post-thumbnail","hentry","category-f1","tag-christian-horner","tag-grande-premio","tag-grandepremio","tag-horner","tag-max-verstappen","tag-perez","tag-perez-na-red-bull","tag-red-bull","tag-red-bull-f1","tag-red-bull-formula-1","tag-sergio-perez","tag-verstappen","42wp_author-bernardo-castro"],"_links":{"self":[{"href":"https:\/\/grandepremio.com\/br\/wp-json\/wp\/v2\/posts\/69708","targetHints":{"allow":["GET"]}}],"collection":[{"href":"https:\/\/grandepremio.com\/br\/wp-json\/wp\/v2\/posts"}],"about":[{"href":"https:\/\/grandepremio.com\/br\/wp-json\/wp\/v2\/types\/post"}],"replies":[{"embeddable":true,"href":"https:\/\/grandepremio.com\/br\/wp-json\/wp\/v2\/comments?post=69708"}],"version-history":[{"count":0,"href":"https:\/\/grandepremio.com\/br\/wp-json\/wp\/v2\/posts\/69708\/revisions"}],"wp:featuredmedia":[{"embeddable":true,"href":"https:\/\/grandepremio.com\/br\/wp-json\/wp\/v2\/media\/1000816014"}],"wp:attachment":[{"href":"https:\/\/grandepremio.com\/br\/wp-json\/wp\/v2\/media?parent=69708"}],"wp:term":[{"taxonomy":"category","embeddable":true,"href":"https:\/\/grandepremio.com\/br\/wp-json\/wp\/v2\/categories?post=69708"},{"taxonomy":"post_tag","embeddable":true,"href":"https:\/\/grandepremio.com\/br\/wp-json\/wp\/v2\/tags?post=69708"},{"taxonomy":"42wp_author","embeddable":true,"href":"https:\/\/grandepremio.com\/br\/wp-json\/wp\/v2\/42wp_author?post=69708"}],"curies":[{"name":"wp","href":"https:\/\/api.w.org\/{rel}","templated":true}]}}