{"id":69818,"date":"2024-07-18T14:18:59","date_gmt":"2024-07-18T17:18:59","guid":{"rendered":"https:\/\/grandepremio.com\/br\/noticias\/lewis-hamilton-ve-mensagem-positiva-apoia-ralf-schumacher-pode-dar-esse-passo-sem-medo\/"},"modified":"2024-07-18T14:23:08","modified_gmt":"2024-07-18T17:23:08","slug":"lewis-hamilton-ve-mensagem-positiva-apoia-ralf-schumacher-pode-dar-esse-passo-sem-medo","status":"publish","type":"post","link":"https:\/\/grandepremio.com\/br\/f1\/lewis-hamilton-ve-mensagem-positiva-apoia-ralf-schumacher-pode-dar-esse-passo-sem-medo\/","title":{"rendered":"Hamilton v\u00ea &#8220;mensagem positiva&#8221; e apoia Ralf Schumacher: &#8220;Pode dar esse passo sem medo&#8221;"},"content":{"rendered":"\n<p class=\"wp-block-paragraph\">Heptacampe\u00e3o mundial de <strong>F\u00f3rmula 1, Lewis Hamilton<\/strong><a href=\"https:\/\/www.grandepremio.com\/br\/f1\/noticias\/ex-piloto-f1-ralf-schumacher-assume-relacionamento-homoafetivo\/\"> refor\u00e7ou o apoio ao ex-piloto<\/a><strong> Ralf Schumacher, <\/strong>que no \u00faltimo domingo (14) assumiu publicamente um relacionamento homoafetivo. O ingl\u00eas da <strong>Mercedes <\/strong>foi questionado sobre o assunto durante o dia de imprensa pr\u00e9-<strong>GP da Hungria,<\/strong> que acontece neste fim de semana.<\/p>\n\n\n\n<p class=\"wp-block-paragraph\">Hamilton, que sempre foi um dos maiores entusiastas e ativistas da bandeira LGBTQIA+ no esporte a motor, ressaltou a import\u00e2ncia da decis\u00e3o de Ralf, que hoje \u00e9 comentarista da Sky Sports na Alemanha.<\/p>\n\n\n\n<p class=\"wp-block-paragraph\">&#8220;Claramente ele n\u00e3o se sentia confort\u00e1vel para falar no passado. Isso n\u00e3o \u00e9 novo. Mas mostra que estamos em uma \u00e9poca onde finalmente podemos dar esse passo sem medo. E espero que ele possa dizer que s\u00f3 recebeu apoio positivo na F\u00f3rmula 1 e por ser pelos tempos que estamos vivendo, e pelas mudan\u00e7as que aconteceram&#8221;, comentou Lewis.<\/p>\n\n\n\n<p class=\"wp-block-paragraph\"><strong>\u00a0Inscreva-se nos dois canais do GRANDE PR\u00caMIO no YouTube:\u00a0<a href=\"https:\/\/www.youtube.com\/channel\/UC9OlHEgxoaY6QY6nWPoiqQg?sub_confirmation=1\" target=\"_blank\" rel=\"noreferrer noopener\">GP<\/a>\u00a0|\u00a0<a href=\"https:\/\/www.youtube.com\/channel\/UC9csiS6q_C3C0FYhyr1rnFA?sub_confirmation=1\" target=\"_blank\" rel=\"noreferrer noopener\">GP2<\/a><\/strong><\/p>\n\n\n\n<figure class=\"wp-block-image size-full\"><img decoding=\"async\" src=\"https:\/\/www.grandepremio.com\/br\/wp-content\/uploads\/2024\/07\/imagem_2024-07-14_170738125.png\" alt=\"\" class=\"wp-image-840888\"\/><figcaption class=\"wp-element-caption\">A foto publicada por Ralf Schumacher (Foto: Reprodu\u00e7\u00e3o\/Instagram)<\/figcaption><\/figure>\n\n\n\n<p class=\"wp-block-paragraph\">Ralf correu na F\u00f3rmula 1 entre 1997 e 2007, registrando 6 vit\u00f3rias. Aos 49 anos, ele revelou que est\u00e1 em um relacionamento com o parceiro Etienne, que inclusive o acompanha viajando o mundo pela F1, h\u00e1 dois anos.<\/p>\n\n\n\n<p class=\"wp-block-paragraph\">&#8220;Uma coisa \u00e9 falar sobre inclus\u00e3o e outra \u00e9 sobre ter certeza de que as pessoas v\u00e3o se sentir confort\u00e1veis neste ambiente. \u00c9 um espa\u00e7o dominado por homens, e at\u00e9 onde sei, ele \u00e9 o primeiro a falar publicamente sobre isso. Somos muito inclusivos na nossa equipe, mas o esporte precisa continuar a fazer mais para que as pessoas se sintam mais confort\u00e1veis, para que as mulheres se sintam bem-vindas neste espa\u00e7o, porque sei que elas nem sempre foram bem tratadas. Podemos 100% fazer muito mais&#8221;, seguiu.<\/p>\n\n\n\n<p class=\"wp-block-paragraph\">Anos atr\u00e1s, Ralf Schumacher criticou os protestos de Lewis Hamilton e do tetracampe\u00e3o sobre as leis que cercam os direitos de pessoas LGBTQIA+ na Hungria. O heptacampe\u00e3o evitou apontar dedos para a situa\u00e7\u00e3o, e cr\u00ea que uma mudan\u00e7a de mentalidade aconteceu.<\/p>\n\n\n\n<p class=\"wp-block-paragraph\">&#8220;Tudo come\u00e7ou com Sebastian e eu no grid lutando contra o que o governo faz aqui. Na Ar\u00e1bia Saudita e no Catar, lembro de Ralf dizendo que n\u00e3o era uma boa ideia. Talvez hoje ele mudou a mentalidade. E mesmo ele dando esse passo d\u00e1 uma mensagem positiva e que liberta outros para fazer o mesmo. Precisamos de mais e mais pessoas livres para fazerem isso&#8221;, concluiu.<\/p>\n\n\n\n<p class=\"wp-block-paragraph\">O\u00a0<strong>GRANDE PR\u00caMIO<\/strong>\u00a0acompanha<strong>\u00a0<a href=\"https:\/\/www.grandepremio.com\/br\/ao-vivo\/f1\/\" target=\"_blank\" rel=\"noreferrer noopener\">AO VIVO<\/a><\/strong><a href=\"https:\/\/www.grandepremio.com\/br\/ao-vivo\/f1\/\" target=\"_blank\" rel=\"noreferrer noopener\">\u00a0e\u00a0<strong>EM\u00a0<\/strong><\/a><a href=\"https:\/\/www.grandepremio.com\/br\/ao-vivo\/\" target=\"_blank\" rel=\"noreferrer noopener\"><strong>TEMPO REAL<\/strong><\/a>\u00a0todas as atividades do\u00a0<strong>GP da Hungria<\/strong>\u00a0de\u00a0<a href=\"https:\/\/www.grandepremio.com\/br\/f1\/\" target=\"_blank\" rel=\"noreferrer noopener\">F\u00f3rmula 1<\/a>\u00a0e transmite classifica\u00e7\u00e3o e corrida em segunda tela, em parceria com a Voz do Esporte, na<strong>\u00a0<a href=\"https:\/\/www.youtube.com\/c\/GrandePremioTV\/streams\" target=\"_blank\" rel=\"noreferrer noopener\">GPTV, o canal do GP no Youtube<\/a><\/strong>. Al\u00e9m disso, debate tudo que aconteceu na pista com o\u00a0<strong>Briefing\u00a0<\/strong>ap\u00f3s treinos livres e classifica\u00e7\u00e3o, al\u00e9m de antes e depois da corrida. Na sexta-feira (19), o\u00a0<strong>treino livre<\/strong>\u00a0<strong>1<\/strong>\u00a0come\u00e7a \u00e0s\u00a0<strong>8h30\u00a0<\/strong>(de Bras\u00edlia, GMT-3), enquanto a\u00a0<strong>segunda sess\u00e3o<\/strong>\u00a0ser\u00e1 ao\u00a0<strong>meio-dia<\/strong>. No s\u00e1bado (20), \u00e0s\u00a0<strong>7h30<\/strong>, acontece o\u00a0<strong>TL3<\/strong>, ao passo que a\u00a0<strong>classifica\u00e7\u00e3o\u00a0<\/strong>ser\u00e1 \u00e0s\u00a0<strong>11h<\/strong>. Por fim, no domingo (21), os pilotos disputam a\u00a0<strong>corrida\u00a0<\/strong>em\u00a0<strong>Budapeste\u00a0<\/strong>a partir das\u00a0<strong>10h<\/strong>.<\/p>\n","protected":false},"excerpt":{"rendered":"<p>Lewis Hamilton refor\u00e7ou o apoio a Ralf Schumacher depois do ex-piloto assumir publicamente que vive um relacionamento homoafetivo. Heptacampe\u00e3o afirmou que F\u00f3rmula 1 precisa fazer mais para que a classe LGBTQIA+ se sinta confort\u00e1vel<\/p>\n","protected":false},"author":0,"featured_media":1000832183,"comment_status":"closed","ping_status":"closed","sticky":false,"template":"","format":"standard","meta":{"42wp_featured_image_caption":"","42wp_featured_image_credits":"","42wp_featured_video":"","42wp_featured_image_hidden":false,"42wp_authors_list":[],"footnotes":""},"categories":[2],"tags":[26271,5273,147,3230,180,30909,1647,1491,28285,30840,87,35129,2423,33301],"42wp_author":[47119],"class_list":["post-69818","post","type-post","status-publish","format-standard","has-post-thumbnail","hentry","category-f1","tag-calendario-f1","tag-classificacao-f1","tag-f1","tag-f1-2024","tag-formula-1","tag-formula-1-2024","tag-gp-da-hungria","tag-grande-premio","tag-grandepremio","tag-horarios-f1","tag-lewis-hamilton","tag-onde-assistir-f1","tag-ralf-schumacher","tag-temporada-2024-f1","42wp_author-gabriel-carvalho"],"_links":{"self":[{"href":"https:\/\/grandepremio.com\/br\/wp-json\/wp\/v2\/posts\/69818","targetHints":{"allow":["GET"]}}],"collection":[{"href":"https:\/\/grandepremio.com\/br\/wp-json\/wp\/v2\/posts"}],"about":[{"href":"https:\/\/grandepremio.com\/br\/wp-json\/wp\/v2\/types\/post"}],"replies":[{"embeddable":true,"href":"https:\/\/grandepremio.com\/br\/wp-json\/wp\/v2\/comments?post=69818"}],"version-history":[{"count":0,"href":"https:\/\/grandepremio.com\/br\/wp-json\/wp\/v2\/posts\/69818\/revisions"}],"wp:featuredmedia":[{"embeddable":true,"href":"https:\/\/grandepremio.com\/br\/wp-json\/wp\/v2\/media\/1000832183"}],"wp:attachment":[{"href":"https:\/\/grandepremio.com\/br\/wp-json\/wp\/v2\/media?parent=69818"}],"wp:term":[{"taxonomy":"category","embeddable":true,"href":"https:\/\/grandepremio.com\/br\/wp-json\/wp\/v2\/categories?post=69818"},{"taxonomy":"post_tag","embeddable":true,"href":"https:\/\/grandepremio.com\/br\/wp-json\/wp\/v2\/tags?post=69818"},{"taxonomy":"42wp_author","embeddable":true,"href":"https:\/\/grandepremio.com\/br\/wp-json\/wp\/v2\/42wp_author?post=69818"}],"curies":[{"name":"wp","href":"https:\/\/api.w.org\/{rel}","templated":true}]}}