{"id":69826,"date":"2024-07-18T14:03:05","date_gmt":"2024-07-18T17:03:05","guid":{"rendered":"https:\/\/grandepremio.com\/br\/noticias\/quais-horarios-rodada-hungria-formula-2-2024\/"},"modified":"2024-07-18T14:05:03","modified_gmt":"2024-07-18T17:05:03","slug":"quais-horarios-rodada-hungria-formula-2-2024","status":"publish","type":"post","link":"https:\/\/grandepremio.com\/br\/f2\/quais-horarios-rodada-hungria-formula-2-2024\/","title":{"rendered":"Quais os hor\u00e1rios da rodada da Hungria da F\u00f3rmula 2 2024"},"content":{"rendered":"\n<p class=\"wp-block-paragraph\">A\u00a0<strong><a href=\"https:\/\/www.grandepremio.com\/br\/f2\/\" target=\"_blank\" rel=\"noreferrer noopener\">F\u00f3rmula 2<\/a><\/strong>\u00a0est\u00e1 na <strong>Hungria <\/strong>para a disputa da nona rodada da<strong>\u00a0temporada 2024<\/strong>, no circuito de\u00a0<strong>Hungaroring<\/strong>. Como tamb\u00e9m dividir\u00e1 espa\u00e7o com\u00a0<strong>F\u00f3rmula 3\u00a0<\/strong>e\u00a0<strong><a href=\"https:\/\/www.grandepremio.com\/br\/f1\/\" target=\"_blank\" rel=\"noreferrer noopener\">F\u00f3rmula 1<\/a><\/strong>, confira os hor\u00e1rios das atividades e marque na agenda para n\u00e3o perder nada!<\/p>\n\n\n\n<p class=\"wp-block-paragraph\">A programa\u00e7\u00e3o da\u00a0<a href=\"https:\/\/www.grandepremio.com\/br\/f2\/\" target=\"_blank\" rel=\"noreferrer noopener\">F2<\/a>\u00a0come\u00e7a na sexta-feira (19), \u00e0s\u00a0<strong>6h05\u00a0<\/strong>(de Bras\u00edlia, GMT-3), com o<strong>\u00a0treino livre\u00a0<\/strong>da rodada. Depois, \u00e0s\u00a0<strong>11h<\/strong>, antes do TL2 da F1, os pilotos retornam para a\u00a0<strong>sess\u00e3o que define o grid de largada<\/strong>\u00a0tanto da sprint quanto da corrida de domingo.<\/p>\n\n\n\n<p class=\"wp-block-paragraph\">No s\u00e1bado (20), a largada da\u00a0<strong>sprint\u00a0<\/strong>ser\u00e1 \u00e0s\u00a0<strong>9h15<\/strong>. Por fim, no domingo (21), logo ap\u00f3s a F3, a\u00a0<a href=\"https:\/\/www.grandepremio.com\/br\/f2\/\" target=\"_blank\" rel=\"noreferrer noopener\">F2<\/a>\u00a0realiza a\u00a0<strong>corrida 2\u00a0<\/strong>da rodada \u00e0s\u00a0<strong>5h05<\/strong>.<\/p>\n\n\n\n<p class=\"wp-block-paragraph\">O torcedor poder\u00e1 acompanhar todas as atividades\u00a0<a href=\"https:\/\/formula1aovivo.com\/\" target=\"_blank\" rel=\"noreferrer noopener\">no streaming<\/a>\u00a0oficial da F1, o\u00a0<strong><a href=\"https:\/\/www.grandepremio.com\/br\/f1\/\" target=\"_blank\" rel=\"noreferrer noopener\">F1\u00a0<\/a>TV<\/strong>, e o canal fechado\u00a0<strong><a href=\"https:\/\/teleguiado.com\/\" target=\"_blank\" rel=\"noreferrer noopener\">Band<\/a>Sports<\/strong>. O\u00a0<strong>GRANDE PR\u00caMIO<\/strong>\u00a0acompanha todas as atividades da temporada 2024.<\/p>\n\n\n\n<p class=\"wp-block-paragraph\"><strong><img decoding=\"async\" src=\"https:\/\/a.slack-edge.com\/production-standard-emoji-assets\/14.0\/google-medium\/25b6-fe0f.png\" alt=\":seta_para_frente:\">\u00a0Inscreva-se nos dois canais do GRANDE PR\u00caMIO no YouTube:\u00a0<a href=\"https:\/\/www.youtube.com\/channel\/UC9OlHEgxoaY6QY6nWPoiqQg?sub_confirmation=1\" target=\"_blank\" rel=\"noreferrer noopener\">GP<\/a>\u00a0|\u00a0<a href=\"https:\/\/www.youtube.com\/channel\/UC9csiS6q_C3C0FYhyr1rnFA?sub_confirmation=1\" target=\"_blank\" rel=\"noreferrer noopener\">GP2<\/a><\/strong><\/p>\n\n\n\n<figure class=\"wp-block-embed is-type-video is-provider-youtube wp-block-embed-youtube wp-embed-aspect-16-9 wp-has-aspect-ratio\"><div class=\"wp-block-embed__wrapper\">\n<iframe loading=\"lazy\" title=\"Vit\u00f3ria S\u00d3LIDA tem de trazer vers\u00e3o 2.0 de ANTONELLI na F2 2024 | GP \u00e0s 10\" width=\"500\" height=\"281\" src=\"https:\/\/www.youtube.com\/embed\/HwJAewnKDYc?feature=oembed\" frameborder=\"0\" allow=\"accelerometer; autoplay; clipboard-write; encrypted-media; gyroscope; picture-in-picture; web-share\" referrerpolicy=\"strict-origin-when-cross-origin\" allowfullscreen><\/iframe>\n<\/div><\/figure>\n","protected":false},"excerpt":{"rendered":"<p>Tem F\u00f3rmula 2 neste fim de semana, na Hungria, nona etapa da temporada 2024. Confira os hor\u00e1rios da programa\u00e7\u00e3o completa<\/p>\n","protected":false},"author":0,"featured_media":1000836825,"comment_status":"closed","ping_status":"closed","sticky":false,"template":"","format":"standard","meta":{"42wp_featured_image_caption":"","42wp_featured_image_credits":"","42wp_featured_video":"","42wp_featured_image_hidden":false,"42wp_authors_list":[],"footnotes":""},"categories":[9],"tags":[8866,29654,30246,111,32189,2208,35969,1491,28285,35029,4122,40307,32114,3967,40308,32113,35030,35790,32190],"42wp_author":[47147],"class_list":["post-69826","post","type-post","status-publish","format-standard","has-post-thumbnail","hentry","category-f2","tag-budapeste","tag-calendario-f2","tag-classificacao-f2","tag-f2","tag-f2-2024","tag-formula-2","tag-formula-2-2024","tag-grande-premio","tag-grandepremio","tag-horarios-f2","tag-hungaroring","tag-hungaroring-2024","tag-hungaroring-f2","tag-hungria","tag-hungria-2024","tag-hungria-f2","tag-onde-assistir-f2","tag-rodada-da-hungria","tag-temporada-2024-f2","42wp_author-luana-marino"],"_links":{"self":[{"href":"https:\/\/grandepremio.com\/br\/wp-json\/wp\/v2\/posts\/69826","targetHints":{"allow":["GET"]}}],"collection":[{"href":"https:\/\/grandepremio.com\/br\/wp-json\/wp\/v2\/posts"}],"about":[{"href":"https:\/\/grandepremio.com\/br\/wp-json\/wp\/v2\/types\/post"}],"replies":[{"embeddable":true,"href":"https:\/\/grandepremio.com\/br\/wp-json\/wp\/v2\/comments?post=69826"}],"version-history":[{"count":0,"href":"https:\/\/grandepremio.com\/br\/wp-json\/wp\/v2\/posts\/69826\/revisions"}],"wp:featuredmedia":[{"embeddable":true,"href":"https:\/\/grandepremio.com\/br\/wp-json\/wp\/v2\/media\/1000836825"}],"wp:attachment":[{"href":"https:\/\/grandepremio.com\/br\/wp-json\/wp\/v2\/media?parent=69826"}],"wp:term":[{"taxonomy":"category","embeddable":true,"href":"https:\/\/grandepremio.com\/br\/wp-json\/wp\/v2\/categories?post=69826"},{"taxonomy":"post_tag","embeddable":true,"href":"https:\/\/grandepremio.com\/br\/wp-json\/wp\/v2\/tags?post=69826"},{"taxonomy":"42wp_author","embeddable":true,"href":"https:\/\/grandepremio.com\/br\/wp-json\/wp\/v2\/42wp_author?post=69826"}],"curies":[{"name":"wp","href":"https:\/\/api.w.org\/{rel}","templated":true}]}}