{"id":69900,"date":"2024-07-18T06:51:05","date_gmt":"2024-07-18T09:51:05","guid":{"rendered":"https:\/\/grandepremio.com\/br\/noticias\/kevin-magnussen-agradece-haas-oportunidade-achei-tempo-f1-acabado\/"},"modified":"2024-07-18T08:09:57","modified_gmt":"2024-07-18T11:09:57","slug":"kevin-magnussen-agradece-haas-oportunidade-achei-tempo-f1-acabado","status":"publish","type":"post","link":"https:\/\/grandepremio.com\/br\/f1\/kevin-magnussen-agradece-haas-oportunidade-achei-tempo-f1-acabado\/","title":{"rendered":"Magnussen agradece \u00e0 Haas por oportunidade: &#8220;Achei que meu tempo na F1 tinha acabado&#8221;"},"content":{"rendered":"\n<p class=\"wp-block-paragraph\">No final da <strong>temporada 2020<\/strong> da <strong>F\u00f3rmula 1<\/strong>, a <strong>Haas<\/strong> resolveu encerrar o longo v\u00ednculo de quatro anos com <strong>Kevin Magnussen<\/strong> para dar vez a dois jovens, s\u00f3 que o time precisou acionar novamente o veterano dinamarqu\u00eas para retomar os trilhos. E o piloto admitiu que a chance reapareceu num momento em que n\u00e3o acreditava mais ser poss\u00edvel retornar \u00e0 dita elite do automobilismo mundial, por isso agradeceu a todos pela oportunidade.<\/p>\n\n\n\n<p class=\"wp-block-paragraph\">Magnussen vai deixar a Haas ao final deste ano, <a href=\"https:\/\/www.grandepremio.com\/br\/f1\/noticias\/haas-encerra-relacionamento-mais-antigo-confirma-saida-kevin-magnussen-fim-2024\/\">anunciou a equipe nesta quinta-feira (18)<\/a>, v\u00e9spera do <strong>GP da Hungria<\/strong>. A equipe americana j\u00e1 tem o novato<strong> Oliver Bearman <\/strong>confirmado para o grid de 2024, enquanto o outro titular, <strong>Nico H\u00fclkenberg<\/strong>, vai defender a <strong>Sauber <\/strong>ano que vem.<\/p>\n\n\n\n<p class=\"wp-block-paragraph\">\u201cGostaria de agradecer a todos da Haas. Estou orgulhoso de ter competido por uma equipe t\u00e3o boa nos \u00faltimos anos\u201d, come\u00e7ou Kevin no comunicado oficial. \u201cEm particular, gostaria de agradecer a\u00a0<strong>Gene Haas<\/strong>\u00a0por seu comprometimento comigo, principalmente por me trazer de volta mais uma vez em 2022, quando eu pensava, pelo menos naquela \u00e9poca, que meu tempo na\u00a0<a href=\"https:\/\/www.grandepremio.com\/br\/f1\/\" target=\"_blank\" rel=\"noreferrer noopener\">F\u00f3rmula 1<\/a>\u00a0havia terminado\u201d, continuou.<\/p>\n\n\n\n<p class=\"wp-block-paragraph\">\u201cVivi alguns momentos maravilhosos com esta equipe \u2014 mem\u00f3rias que nunca esquecerei. Enquanto estou ansioso pelo pr\u00f3ximo cap\u00edtulo da minha carreira, continuo totalmente focado em dar tudo o que tenho pelo resto de 2024 com a Haas\u201d, finalizou o dono do\u00a0<strong>VF-24 #20<\/strong>.<\/p>\n\n\n\n<figure class=\"wp-block-image size-large\"><img decoding=\"async\" src=\"https:\/\/www.grandepremio.com\/br\/wp-content\/uploads\/2024\/06\/canada-2024-f1-treino-livre-haas-kevin-magnussen-01-1-1200x800.jpg\" alt=\"\" class=\"wp-image-824357\"\/><figcaption class=\"wp-element-caption\">Kevin Magnussen retornou \u00e0 F1 atrav\u00e9s da Haas (Foto: Haas F1 Team)<\/figcaption><\/figure>\n\n\n\n<p class=\"wp-block-paragraph\">Sem d\u00favida, o momento mais marcante da carreira de Magnussen pela Haas aconteceu no&nbsp;<strong>GP de&nbsp;<a href=\"https:\/\/www.grandepremio.com\/br\/circuito\/sao-paulo\/\" target=\"_blank\" rel=\"noreferrer noopener\">S\u00e3o Paulo<\/a>&nbsp;de 2022<\/strong>, quando o dinamarqu\u00eas&nbsp;<a href=\"https:\/\/www.grandepremio.com\/br\/f1\/noticias\/kevin-magnussen-aproveita-erro-george-russell-chuva-conquistar-pole-incrivel-gp-de-sao-paulo\/\">conquistou a pole-position<\/a>&nbsp;no circuito de&nbsp;<strong><a href=\"https:\/\/www.grandepremio.com\/br\/circuito\/interlagos\/\" target=\"_blank\" rel=\"noreferrer noopener\">Interlagos<\/a><\/strong>, a \u00fanica da hist\u00f3ria da equipe e tamb\u00e9m da carreira.<\/p>\n\n\n\n<p class=\"wp-block-paragraph\">Nas \u00faltimas semanas,&nbsp;<a href=\"https:\/\/www.grandepremio.com\/br\/f1\/noticias\/haas-acerta-esteban-ocon-2025-planeja-anuncio-antes-recesso-f1-portal\/\">rumores apontaram<\/a>&nbsp;<strong><a href=\"https:\/\/www.grandepremio.com\/br\/piloto\/esteban-ocon\/\" target=\"_blank\" rel=\"noreferrer noopener\">Esteban Ocon<\/a><\/strong>&nbsp;\u2014 que est\u00e1 fora da&nbsp;<strong>Alpine<\/strong>&nbsp;para 2025 \u2014 como o nome mais forte para assumir uma das vagas na Haas. Al\u00e9m do franc\u00eas,&nbsp;<strong>Guanyu Zhou<\/strong>,&nbsp;<strong>Carlos Sainz<\/strong>,&nbsp;<strong><a href=\"https:\/\/www.grandepremio.com\/br\/piloto\/logan-sargeant\/\" target=\"_blank\" rel=\"noreferrer noopener\">Logan Sargeant<\/a><\/strong>,&nbsp;<strong>Valtteri Bottas<\/strong>&nbsp;e&nbsp;<strong><a href=\"https:\/\/www.grandepremio.com\/br\/piloto\/daniel-ricciardo\/\" target=\"_blank\" rel=\"noreferrer noopener\">Daniel Ricciardo<\/a><\/strong>&nbsp;tamb\u00e9m seguem sem vaga certa para a temporada seguinte da&nbsp;<strong>F1<\/strong>.<\/p>\n\n\n\n<p class=\"wp-block-paragraph\">A\u00a0<a href=\"https:\/\/www.grandepremio.com\/br\/f1\/\" target=\"_blank\" rel=\"noreferrer noopener\"><\/a><a href=\"https:\/\/www.grandepremio.com\/br\/f1\/\" target=\"_blank\" rel=\"noreferrer noopener\">F\u00f3rmula 1<\/a>\u00a0volta \u00e0s pistas em\u00a0<strong><a href=\"https:\/\/www.grandepremio.com\/br\/circuito\/hungaroring\/\" target=\"_blank\" rel=\"noreferrer noopener\">Hungaroring<\/a>\u00a0<\/strong>neste final de semana para o\u00a0<strong>GP da Hungria<\/strong>, entre os dias 19 e 21 de julho.<\/p>\n\n\n\n<p class=\"wp-block-paragraph\"><strong><img decoding=\"async\" src=\"https:\/\/a.slack-edge.com\/production-standard-emoji-assets\/14.0\/google-medium\/25b6-fe0f.png\" alt=\":seta_para_frente:\">&nbsp;Inscreva-se nos dois canais do GRANDE PR\u00caMIO no YouTube:&nbsp;<a href=\"https:\/\/www.youtube.com\/channel\/UC9OlHEgxoaY6QY6nWPoiqQg?sub_confirmation=1\" target=\"_blank\" rel=\"noreferrer noopener\">GP<\/a>&nbsp;|&nbsp;<a href=\"https:\/\/www.youtube.com\/channel\/UC9csiS6q_C3C0FYhyr1rnFA?sub_confirmation=1\" target=\"_blank\" rel=\"noreferrer noopener\">GP2<\/a><\/strong><br><strong><img decoding=\"async\" src=\"https:\/\/a.slack-edge.com\/production-standard-emoji-assets\/14.0\/google-medium\/25b6-fe0f.png\" alt=\":seta_para_frente:\">&nbsp;LEIA TAMB\u00c9M<\/strong>:&nbsp;<strong><a href=\"https:\/\/www.grandepremio.com\/br\/f1\/noticias\/adrian-newey-incomoda-ferrari-pedida-alta-esfria-negociacao-f1-2025\/\">Newey incomoda Ferrari com pedida alta e esfria negocia\u00e7\u00e3o para F1 2025<\/a><\/strong><\/p>\n\n\n\n<figure class=\"wp-block-embed is-type-video is-provider-youtube wp-block-embed-youtube wp-embed-aspect-16-9 wp-has-aspect-ratio\"><div class=\"wp-block-embed__wrapper\">\n<iframe loading=\"lazy\" title=\"RED BULL PROCESSA McLAREN + Hungria \u00e9 PROVA FINAL da FERRARI na F1 2024? | TTGP #144\" width=\"500\" height=\"281\" src=\"https:\/\/www.youtube.com\/embed\/W5b_G7yCLeI?feature=oembed\" frameborder=\"0\" allow=\"accelerometer; autoplay; clipboard-write; encrypted-media; gyroscope; picture-in-picture; web-share\" referrerpolicy=\"strict-origin-when-cross-origin\" allowfullscreen><\/iframe>\n<\/div><\/figure>\n","protected":false},"excerpt":{"rendered":"<p>Kevin Magnussen deixou a F1 ao final da temporada 2020 para dar vez a uma dupla jovem na Haas, mas a equipe precisou acionar o veterano para voltar aos trilhos de 2022 em diante<\/p>\n","protected":false},"author":0,"featured_media":1000836920,"comment_status":"closed","ping_status":"closed","sticky":false,"template":"","format":"standard","meta":{"42wp_featured_image_caption":"","42wp_featured_image_credits":"","42wp_featured_video":"","42wp_featured_image_hidden":false,"42wp_authors_list":[],"footnotes":""},"categories":[2],"tags":[8866,26271,5273,147,3230,180,30909,28995,1647,1491,28285,119,30840,4122,40307,32082,3967,40308,4005,117,35129,33301],"42wp_author":[47147],"class_list":["post-69900","post","type-post","status-publish","format-standard","has-post-thumbnail","hentry","category-f1","tag-budapeste","tag-calendario-f1","tag-classificacao-f1","tag-f1","tag-f1-2024","tag-formula-1","tag-formula-1-2024","tag-formula-1-hoje","tag-gp-da-hungria","tag-grande-premio","tag-grandepremio","tag-haas","tag-horarios-f1","tag-hungaroring","tag-hungaroring-2024","tag-hungaroring-f1","tag-hungria","tag-hungria-2024","tag-hungria-f1","tag-kevin-magnussen","tag-onde-assistir-f1","tag-temporada-2024-f1","42wp_author-luana-marino"],"_links":{"self":[{"href":"https:\/\/grandepremio.com\/br\/wp-json\/wp\/v2\/posts\/69900","targetHints":{"allow":["GET"]}}],"collection":[{"href":"https:\/\/grandepremio.com\/br\/wp-json\/wp\/v2\/posts"}],"about":[{"href":"https:\/\/grandepremio.com\/br\/wp-json\/wp\/v2\/types\/post"}],"replies":[{"embeddable":true,"href":"https:\/\/grandepremio.com\/br\/wp-json\/wp\/v2\/comments?post=69900"}],"version-history":[{"count":0,"href":"https:\/\/grandepremio.com\/br\/wp-json\/wp\/v2\/posts\/69900\/revisions"}],"wp:featuredmedia":[{"embeddable":true,"href":"https:\/\/grandepremio.com\/br\/wp-json\/wp\/v2\/media\/1000836920"}],"wp:attachment":[{"href":"https:\/\/grandepremio.com\/br\/wp-json\/wp\/v2\/media?parent=69900"}],"wp:term":[{"taxonomy":"category","embeddable":true,"href":"https:\/\/grandepremio.com\/br\/wp-json\/wp\/v2\/categories?post=69900"},{"taxonomy":"post_tag","embeddable":true,"href":"https:\/\/grandepremio.com\/br\/wp-json\/wp\/v2\/tags?post=69900"},{"taxonomy":"42wp_author","embeddable":true,"href":"https:\/\/grandepremio.com\/br\/wp-json\/wp\/v2\/42wp_author?post=69900"}],"curies":[{"name":"wp","href":"https:\/\/api.w.org\/{rel}","templated":true}]}}