{"id":69976,"date":"2024-07-17T08:05:57","date_gmt":"2024-07-17T11:05:57","guid":{"rendered":"https:\/\/grandepremio.com\/br\/noticias\/sergio-perez-aproveita-periodo-antes-gp-da-hungria-escapar-ruido-pistas\/"},"modified":"2024-07-17T16:05:56","modified_gmt":"2024-07-17T19:05:56","slug":"sergio-perez-aproveita-periodo-antes-gp-da-hungria-escapar-ruido-pistas","status":"publish","type":"post","link":"https:\/\/grandepremio.com\/br\/f1\/sergio-perez-aproveita-periodo-antes-gp-da-hungria-escapar-ruido-pistas\/","title":{"rendered":"P\u00e9rez diz que aproveita per\u00edodo antes da Hungria para escapar de &#8220;ru\u00eddos das pistas&#8221;"},"content":{"rendered":"\n<p class=\"wp-block-paragraph\">\u00c9 dif\u00edcil de argumentar contra o fato de que <strong>Sergio P\u00e9rez<\/strong> vive o momento de maior press\u00e3o como piloto da <strong>Red Bull<\/strong>. Com o rendimento em baixa e o recesso de meio de temporada pr\u00f3ximo, P\u00e9rez lida com a possibilidade real de ser sacado mesmo ap\u00f3s renovar o contrato para 2025. Muito por isso, aproveita as duas semanas entre os <strong>GPs de <a href=\"https:\/\/www.grandepremio.com\/br\/f1\/noticias\/lewis-hamilton-encerra-espera-cai-bracos-povo-vitoria-gp-da-inglaterra-gala-formula-1\/\">Inglaterra<\/a> e Hungria<\/strong> para sair do olho do furac\u00e3o.<\/p>\n\n\n\n<p class=\"wp-block-paragraph\">P\u00e9rez vive situa\u00e7\u00e3o curiosa. H\u00e1 uma cren\u00e7a geral de que o contrato do piloto tem gatilhos que permitem uma demiss\u00e3o por parte da Red Bull caso a diferen\u00e7a entre ele e <strong>Max Verstappen<\/strong> no intervalo da temporada seja de mais de 100 pontos e cinco posi\u00e7\u00f5es no <a href=\"https:\/\/www.grandepremio.com\/br\/f1\/noticias\/max-verstappen-abre-84-pontos-lando-norris-apos-gp-da-inglaterra-confira-classificacao\/\"><strong>Mundial de Pilotos<\/strong><\/a> &#8211; atualmente, os dois est\u00e3o separados por 137 pontos e justamente cinco posi\u00e7\u00f5es. A F1 ainda tem duas corridas antes do recesso: Hungria e <strong>B\u00e9lgica<\/strong>.<\/p>\n\n\n\n<p class=\"wp-block-paragraph\">No \u00faltimo fim de semana, P\u00e9rez fez parte das festividades pelos 20 anos da Red Bull no Festival de Goodwood e falou brevemente sobre o que anda fazendo. O momento \u00e9 desse afastar dos barulhos.<\/p>\n\n\n\n<p class=\"wp-block-paragraph\">&#8220;Em momentos como o Festival de Goodwood \u00e9 poss\u00edvel ver como a Red Bull \u00e9 especial, como nossa hist\u00f3ria \u00e9 claramente, passar por tudo juntos\u2026 Tudo isso lembra quanta coisa alcan\u00e7amos e quanto ainda temos pela frente&#8221;, afirmou.<\/p>\n\n\n\n<figure class=\"wp-block-image size-full\"><img decoding=\"async\" src=\"https:\/\/www.grandepremio.com\/br\/wp-content\/uploads\/2024\/07\/SI202308250194_hires_jpeg_24bit_rgb-1.jpg\" alt=\"\" class=\"wp-image-838586\"\/><figcaption class=\"wp-element-caption\">Christian Horner j\u00e1 deixa claro que h\u00e1 press\u00e3o em Sergio P\u00e9rez (Foto: Red Bull Content Pool)<\/figcaption><\/figure>\n\n\n\n<p class=\"wp-block-paragraph\">&#8220;Esses p\u00f3s-GP da Inglaterra tem sido um per\u00edodo para me tirar dos ru\u00eddos das pistas, algo que \u00e0s vezes \u00e9 importante&#8221;, pontuou.<\/p>\n\n\n\n<p class=\"wp-block-paragraph\">&#8220;Passei muito tempo com minha fam\u00edlia e treinando duro, al\u00e9m de na f\u00e1brica com a equipe, guiando o simulador e analisando como podemos melhorar a sequ\u00eancia atual. Sempre trabalhamos juntos em solu\u00e7\u00f5es e no que estamos fazendo. \u00c9 um trabalho coletivo para superar problemas&#8221;, finalizou.<\/p>\n\n\n\n<p class=\"wp-block-paragraph\">Especialmente ap\u00f3s a corrida de Silverstone, os figur\u00f5es da Red Bull fizeram press\u00e3o p\u00fablica. O <strong>chefe Christian Horner<\/strong> <strong><a href=\"https:\/\/www.grandepremio.com\/br\/f1\/noticias\/red-bull-sai-serio-sergio-perez-inglaterra-indefensavel-nao-pontuar-esse-carro\/\">disse que n\u00e3o era poss\u00edvel P\u00e9rez ficar sem pontuar com o carro que tem em m\u00e3os<\/a><\/strong>, enquanto o <strong>consultor Helmut Marko<\/strong> <strong><a href=\"https:\/\/www.grandepremio.com\/br\/f1\/noticias\/consultor-red-bull-confirma-risco-demissao-sergio-perez-promete-analise-recesso-formula-1\/\">confirmou que a equipe vai aproveitar o recesso para conversar sobre a situa\u00e7\u00e3o do piloto<\/a><\/strong>. P\u00e9rez marcou somente 11 pontos nas \u00faltimas cinco corridas, contando a <strong><a href=\"https:\/\/www.grandepremio.com\/br\/f1\/noticias\/max-verstappen-vence-duelo-mclaren-leva-corrida-sprint-gp-austria-f1\/\">sprint da \u00c1ustria<\/a><\/strong>.<\/p>\n\n\n\n<p class=\"wp-block-paragraph\">A&nbsp;<a href=\"https:\/\/www.grandepremio.com\/br\/f1\/\" target=\"_blank\" rel=\"noreferrer noopener\"><\/a><a href=\"https:\/\/www.grandepremio.com\/br\/f1\/\" target=\"_blank\" rel=\"noreferrer noopener\">F\u00f3rmula 1<\/a>&nbsp;volta \u00e0 a\u00e7\u00e3o neste fim de semana com o&nbsp;<strong>GP da Hungria&nbsp;<\/strong>entre os dias 19 e 21 de julho no&nbsp;<strong><a href=\"https:\/\/www.grandepremio.com\/br\/circuito\/hungaroring\/\" target=\"_blank\" rel=\"noreferrer noopener\">Hungaroring<\/a><\/strong>.<\/p>\n\n\n\n<p class=\"wp-block-paragraph\">\u25b6\ufe0f&nbsp;<strong>Inscreva-se nos dois canais do GRANDE PR\u00caMIO no YouTube:&nbsp;<a href=\"https:\/\/www.youtube.com\/channel\/UC9OlHEgxoaY6QY6nWPoiqQg?sub_confirmation=1\" target=\"_blank\" rel=\"noreferrer noopener\">GP<\/a>&nbsp;|&nbsp;<a href=\"https:\/\/www.youtube.com\/channel\/UC9csiS6q_C3C0FYhyr1rnFA?sub_confirmation=1\" target=\"_blank\" rel=\"noreferrer noopener\">GP2<\/a><\/strong><\/p>\n\n\n\n<figure class=\"wp-block-embed is-type-video is-provider-youtube wp-block-embed-youtube wp-embed-aspect-16-9 wp-has-aspect-ratio\"><div class=\"wp-block-embed__wrapper\">\n<iframe loading=\"lazy\" title=\"VERSTAPPEN PUNIDO no GP da HUNGRIA de F1? + 6 HORAS de S\u00c3O PAULO do WEC | Paddock GP #380\" width=\"500\" height=\"281\" src=\"https:\/\/www.youtube.com\/embed\/5kwCxzvhEsY?feature=oembed\" frameborder=\"0\" allow=\"accelerometer; autoplay; clipboard-write; encrypted-media; gyroscope; picture-in-picture; web-share\" referrerpolicy=\"strict-origin-when-cross-origin\" allowfullscreen><\/iframe>\n<\/div><figcaption class=\"wp-element-caption\">VERSTAPPEN PUNIDO no GP da HUNGRIA de F1? + 6 HORAS de S\u00c3O PAULO do WEC | Paddock GP #380<\/figcaption><\/figure>\n","protected":false},"excerpt":{"rendered":"<p>Pressionado antes do recesso de meio de temporada da F\u00f3rmula 1, Sergio P\u00e9rez aproveita per\u00edodo entre GPs da Inglaterra e Hungria para sair do olho do furac\u00e3o<\/p>\n","protected":false},"author":0,"featured_media":1000832292,"comment_status":"closed","ping_status":"closed","sticky":false,"template":"","format":"standard","meta":{"42wp_featured_image_caption":"","42wp_featured_image_credits":"","42wp_featured_video":"","42wp_featured_image_hidden":false,"42wp_authors_list":[],"footnotes":""},"categories":[2],"tags":[655,5660,3230,642,258,204,3132],"42wp_author":[47120],"class_list":["post-69976","post","type-post","status-publish","format-standard","has-post-thumbnail","hentry","category-f1","tag-christian-horner","tag-classificacao","tag-f1-2024","tag-f1-ao-vivo","tag-helmut-marko","tag-red-bull","tag-sergio-perez","42wp_author-pedro-henrique-marum"],"_links":{"self":[{"href":"https:\/\/grandepremio.com\/br\/wp-json\/wp\/v2\/posts\/69976","targetHints":{"allow":["GET"]}}],"collection":[{"href":"https:\/\/grandepremio.com\/br\/wp-json\/wp\/v2\/posts"}],"about":[{"href":"https:\/\/grandepremio.com\/br\/wp-json\/wp\/v2\/types\/post"}],"replies":[{"embeddable":true,"href":"https:\/\/grandepremio.com\/br\/wp-json\/wp\/v2\/comments?post=69976"}],"version-history":[{"count":0,"href":"https:\/\/grandepremio.com\/br\/wp-json\/wp\/v2\/posts\/69976\/revisions"}],"wp:featuredmedia":[{"embeddable":true,"href":"https:\/\/grandepremio.com\/br\/wp-json\/wp\/v2\/media\/1000832292"}],"wp:attachment":[{"href":"https:\/\/grandepremio.com\/br\/wp-json\/wp\/v2\/media?parent=69976"}],"wp:term":[{"taxonomy":"category","embeddable":true,"href":"https:\/\/grandepremio.com\/br\/wp-json\/wp\/v2\/categories?post=69976"},{"taxonomy":"post_tag","embeddable":true,"href":"https:\/\/grandepremio.com\/br\/wp-json\/wp\/v2\/tags?post=69976"},{"taxonomy":"42wp_author","embeddable":true,"href":"https:\/\/grandepremio.com\/br\/wp-json\/wp\/v2\/42wp_author?post=69976"}],"curies":[{"name":"wp","href":"https:\/\/api.w.org\/{rel}","templated":true}]}}