{"id":70066,"date":"2024-07-16T10:05:16","date_gmt":"2024-07-16T13:05:16","guid":{"rendered":"https:\/\/grandepremio.com\/br\/noticias\/abt-cupra-oficializa-saida-nico-muller-formula-e-nosso-desejo-mante-lo\/"},"modified":"2024-07-16T12:23:24","modified_gmt":"2024-07-16T15:23:24","slug":"abt-cupra-oficializa-saida-nico-muller-formula-e-nosso-desejo-mante-lo","status":"publish","type":"post","link":"https:\/\/grandepremio.com\/br\/formula-e\/abt-cupra-oficializa-saida-nico-muller-formula-e-nosso-desejo-mante-lo\/","title":{"rendered":"ABT Cupra oficializa sa\u00edda de M\u00fcller na F\u00f3rmula E e admite: &#8220;Desejo era mant\u00ea-lo&#8221;"},"content":{"rendered":"\n<p class=\"wp-block-paragraph\">A <strong>ABT Cupra <\/strong>confirmou nesta ter\u00e7a-feira (16) que o <strong>eP de Londres <\/strong>deste fim de semana ser\u00e1 o \u00faltimo de <strong>Nico<\/strong> <strong>M\u00fcller <\/strong>na equipe. <a href=\"https:\/\/www.grandepremio.com\/br\/formula-e\/noticias\/nico-muller-vira-alvo-andretti-parceria-longo-prazo-porsche-formula-e\/\" target=\"_blank\" rel=\"noreferrer noopener\">Em conversas com a<\/a> <strong>Andretti <\/strong>para 2025, antes de uma transi\u00e7\u00e3o para a <strong>Porsche <\/strong>no ano seguinte, o piloto su\u00ed\u00e7o vai confirmar seu destino apenas ap\u00f3s o encerramento do campeonato, mas o time alem\u00e3o admitiu que o objetivo era mant\u00ea-lo para o ano que vem.<\/p>\n\n\n\n<p class=\"wp-block-paragraph\">&#8220;Era nosso desejo manter Nico [M\u00fcller] na equipe e ter sucesso com ele novamente&#8221;, admitiu o CEO da ABT e chefe da equipe na F\u00f3rmula E, <strong>Thomas Biermaier<\/strong>. &#8220;Agora, temos de aceitar sua decis\u00e3o e desejar a ele o melhor para o futuro. Gostaria de agradecer a ele por todo o comprometimento e dedica\u00e7\u00e3o&#8221;, afirmou.<\/p>\n\n\n\n<p class=\"wp-block-paragraph\">&#8220;\u00c9 claro que gostar\u00edamos de ter tido mais sucesso, mas mesmo nesses tempos dif\u00edceis, ele sempre liderou o caminho e mostrou fortes performances. Nico continuar\u00e1 a fazer parte da fam\u00edlia ABT e sempre ser\u00e1 bem-vindo aqui&#8221;, completou.<\/p>\n\n\n\n<p class=\"wp-block-paragraph\">M\u00fcller vem de uma longa rela\u00e7\u00e3o com a ABT, n\u00e3o apenas na F\u00f3rmula E. O su\u00ed\u00e7o foi piloto da equipe no DTM entre <strong>2016 <\/strong>e <strong>2020<\/strong>, conquistando dois vices na categoria nas duas \u00faltimas temporadas. Desde que passou a fazer parte da escuderia na modalidade el\u00e9trica, em 2023, conquistou um <strong>quarto lugar <\/strong>em <strong>Misano <\/strong>como melhor resultado.<\/p>\n\n\n\n<figure class=\"wp-block-image size-large\"><img decoding=\"async\" src=\"https:\/\/www.grandepremio.com\/br\/wp-content\/uploads\/2024\/06\/EPS1013_070455SB1_6532-2048x2048-1-1200x800.jpg\" alt=\"\" class=\"wp-image-834882\"\/><figcaption class=\"wp-element-caption\">M\u00fcller est\u00e1 em conversas para substituir Norman Nato na Andretti (Foto: F\u00f3rmula E)<\/figcaption><\/figure>\n\n\n\n<p class=\"wp-block-paragraph\">&#8220;Esse ser\u00e1 um fim de semana muito especial para mim&#8221;, disse M\u00fcller. &#8220;Por um lado, estou ansioso pelo local, pela pista e os f\u00e3s. Por outro, sinto um pouco de melancolia e muita gratid\u00e3o depois de dois anos nessa equipe. Foi muito desafiador, mas tamb\u00e9m nos aproximou muito. Sempre permanecemos juntos, e tenho certeza de que \u00e9 o que faremos em Londres mais uma vez&#8221;, destacou.<\/p>\n\n\n\n<p class=\"wp-block-paragraph\">&#8220;Queremos dar nosso m\u00e1ximo com toda a equipe, aproveitar esses dias e buscar dois bons resultados. Londres \u00e9 uma pista legal, muito apertada, com trechos internos e externos e muros como conhecemos na F\u00f3rmula E. Vou dar tudo de mim para fazer o time se orgulhar mais uma vez&#8221;, completou.<\/p>\n\n\n\n<p class=\"wp-block-paragraph\">Desde que se juntou \u00e0 ABT Cupra na F\u00f3rmula E, no in\u00edcio de 2023, M\u00fcller disputou <strong>27 <\/strong>corridas e teve o quarto lugar do <strong>eP de Misano 1<\/strong>, em 2024, como melhor resultado. As \u00fanicas aus\u00eancias foram na <strong>Cidade do Cabo<\/strong>, quando a equipe decidiu n\u00e3o disputar a prova por motivos de seguran\u00e7a, e na rodada dupla de <strong>Berlim<\/strong>, devido a compromissos com a <strong>Peugeot <\/strong>no WEC.<\/p>\n\n\n\n<figure class=\"wp-block-image size-large\"><img decoding=\"async\" src=\"https:\/\/www.grandepremio.com\/br\/wp-content\/uploads\/2024\/01\/EPS1003_103827SMG_2850-2048x2048-1-1024x683.jpg\" alt=\"\" class=\"wp-image-773275\"\/><figcaption class=\"wp-element-caption\">Nico M\u00fcller se despede da ABT Cupra em 2024 (Foto: F\u00f3rmula E)<\/figcaption><\/figure>\n\n\n\n<p class=\"wp-block-paragraph\">No total, o piloto somou <strong>51 <\/strong>pontos, <strong>15 <\/strong>em 2023 e <strong>36 <\/strong>em 2024. Atualmente, ocupa a <strong>14\u00aa <\/strong>coloca\u00e7\u00e3o no Mundial de Pilotos e tentar\u00e1, em Londres, manter a ABT Cupra na <strong>nona posi\u00e7\u00e3o <\/strong>do Mundial de Equipes da F\u00f3rmula E.<\/p>\n\n\n\n<p class=\"wp-block-paragraph\">A&nbsp;<strong><a href=\"https:\/\/www.grandepremio.com\/br\/formula-e\/\" target=\"_blank\" rel=\"noreferrer noopener\">F\u00f3rmula E<\/a>&nbsp;2024<\/strong>&nbsp;chega ao fim com o&nbsp;<strong>eP de&nbsp;<a href=\"https:\/\/www.grandepremio.com\/br\/circuito\/londres\/\" target=\"_blank\" rel=\"noreferrer noopener\">Londres<\/a>,<\/strong>&nbsp;que&nbsp;acontece entre os dias<strong>&nbsp;19 a 21 de julho<\/strong>, e todas as sess\u00f5es de pista ter\u00e3o&nbsp;transmiss\u00e3o&nbsp;<strong>AO VIVO e COM IMAGENS<\/strong>&nbsp;nos canais do&nbsp;<strong>GRANDE PR\u00caMIO<\/strong>&nbsp;no&nbsp;<strong><a href=\"https:\/\/www.youtube.com\/c\/GrandePremioTV\" target=\"_blank\" rel=\"noreferrer noopener\">YouTube<\/a><\/strong>&nbsp;e no&nbsp;<strong><a href=\"https:\/\/m.kwai.com\/user\/@grandepremio\" target=\"_blank\" rel=\"noreferrer noopener\">Kwai<\/a><\/strong>.&nbsp;<a href=\"https:\/\/www.grandepremio.com\/br\/chefao\/\" target=\"_blank\" rel=\"noreferrer noopener\"><\/a><\/p>\n\n\n\n<figure class=\"wp-block-embed is-type-video is-provider-youtube wp-block-embed-youtube wp-embed-aspect-16-9 wp-has-aspect-ratio\"><div class=\"wp-block-embed__wrapper\">\n<iframe loading=\"lazy\" title=\"F\u00d3RMULA E 2024 COM IMAGENS | eP DE PORTLAND | 13\u00aa etapa | Corrida\" width=\"500\" height=\"281\" src=\"https:\/\/www.youtube.com\/embed\/c429s2OhOPk?feature=oembed\" frameborder=\"0\" allow=\"accelerometer; autoplay; clipboard-write; encrypted-media; gyroscope; picture-in-picture; web-share\" referrerpolicy=\"strict-origin-when-cross-origin\" allowfullscreen><\/iframe>\n<\/div><\/figure>\n","protected":false},"excerpt":{"rendered":"<p>Depois de duas temporadas completas na equipe, Nico M\u00fcller vai deixar a ABT Cupra ap\u00f3s a pr\u00f3xima etapa da F\u00f3rmula E, que encerra a temporada 2023\/24 no eP de Londres<\/p>\n","protected":false},"author":0,"featured_media":1000841295,"comment_status":"closed","ping_status":"closed","sticky":false,"template":"","format":"standard","meta":{"42wp_featured_image_caption":"","42wp_featured_image_credits":"","42wp_featured_video":"","42wp_featured_image_hidden":false,"42wp_authors_list":[],"footnotes":""},"categories":[19],"tags":[417,28679,6853,19052,31184,379,36881,840,35967,40291,1601,1491,30103,28285,2349,36219],"42wp_author":[47142],"class_list":["post-70066","post","type-post","status-publish","format-standard","has-post-thumbnail","hentry","category-formula-e","tag-andretti","tag-calendario-formula-e","tag-classificacao-formula-e","tag-ep-de-londres","tag-excel-arena","tag-fe","tag-fe-2024","tag-formula-e","tag-formula-e-2024","tag-formula-e-london","tag-gen3","tag-grande-premio","tag-grande-premio-f1","tag-grandepremio","tag-nico-muller","tag-onde-assistir-formula-e","42wp_author-jp-nascimento"],"_links":{"self":[{"href":"https:\/\/grandepremio.com\/br\/wp-json\/wp\/v2\/posts\/70066","targetHints":{"allow":["GET"]}}],"collection":[{"href":"https:\/\/grandepremio.com\/br\/wp-json\/wp\/v2\/posts"}],"about":[{"href":"https:\/\/grandepremio.com\/br\/wp-json\/wp\/v2\/types\/post"}],"replies":[{"embeddable":true,"href":"https:\/\/grandepremio.com\/br\/wp-json\/wp\/v2\/comments?post=70066"}],"version-history":[{"count":0,"href":"https:\/\/grandepremio.com\/br\/wp-json\/wp\/v2\/posts\/70066\/revisions"}],"wp:featuredmedia":[{"embeddable":true,"href":"https:\/\/grandepremio.com\/br\/wp-json\/wp\/v2\/media\/1000841295"}],"wp:attachment":[{"href":"https:\/\/grandepremio.com\/br\/wp-json\/wp\/v2\/media?parent=70066"}],"wp:term":[{"taxonomy":"category","embeddable":true,"href":"https:\/\/grandepremio.com\/br\/wp-json\/wp\/v2\/categories?post=70066"},{"taxonomy":"post_tag","embeddable":true,"href":"https:\/\/grandepremio.com\/br\/wp-json\/wp\/v2\/tags?post=70066"},{"taxonomy":"42wp_author","embeddable":true,"href":"https:\/\/grandepremio.com\/br\/wp-json\/wp\/v2\/42wp_author?post=70066"}],"curies":[{"name":"wp","href":"https:\/\/api.w.org\/{rel}","templated":true}]}}