{"id":70082,"date":"2024-07-16T07:45:53","date_gmt":"2024-07-16T10:45:53","guid":{"rendered":"https:\/\/grandepremio.com\/br\/noticias\/cal-crutchlow-perde-gp-da-gra-bretanha-complicacao-cirurgia-remy-gardner-substitui\/"},"modified":"2024-07-16T15:00:12","modified_gmt":"2024-07-16T18:00:12","slug":"cal-crutchlow-perde-gp-da-gra-bretanha-complicacao-cirurgia-remy-gardner-substitui","status":"publish","type":"post","link":"https:\/\/grandepremio.com\/br\/motogp\/cal-crutchlow-perde-gp-da-gra-bretanha-complicacao-cirurgia-remy-gardner-substitui\/","title":{"rendered":"Crutchlow perde GP da Gr\u00e3-Bretanha por complica\u00e7\u00e3o de cirurgia. Gardner substitui"},"content":{"rendered":"\n<p class=\"wp-block-paragraph\">A <strong>Yamaha<\/strong> ter\u00e1 novamente mudan\u00e7a de \u00faltima hora na escala\u00e7\u00e3o planejada no pr\u00f3ximo fim de semana. Ap\u00f3s o titular <strong>\u00c1lex Rins<\/strong> <strong><a href=\"https:\/\/www.grandepremio.com\/br\/motogp\/noticias\/alex-rins-fica-fora-gp-da-alemanha-apos-cirurgia-punho-acidente-paises-baixos-motogp\/\">ficar fora do GP da Alemanha<\/a><\/strong> por conta de cirurgia no punho, agora \u00e9 <strong>Cal Crutchlow<\/strong> quem vai perder a barca do <strong>GP da Gr\u00e3-Bretanha<\/strong>. Crutchlow faria a participa\u00e7\u00e3o como wild-card, mas anunciou que n\u00e3o est\u00e1 recuperado da <strong><a href=\"https:\/\/www.grandepremio.com\/br\/motogp\/noticias\/cal-crutchlow-passa-cirurgia-mao-direita-acaba-barrado-yamaha-gp-italia\/\">les\u00e3o tratada \u00faltimo m\u00eas de maio<\/a><\/strong>.<\/p>\n\n\n\n<p class=\"wp-block-paragraph\">A Yamaha anunciou Crutchlow, que \u00e9 piloto de testes, <strong><a href=\"https:\/\/www.grandepremio.com\/br\/motogp\/noticias\/yamaha-escala-cal-crutchlow-wild-cards-gps-italia-gra-bretanha-san-marino\/\">para tr\u00eas participa\u00e7\u00f5es como wild-card<\/a><\/strong> na temporada: <strong><a href=\"https:\/\/www.grandepremio.com\/br\/motogp\/noticias\/francesco-bagnaia-coloca-rivais-bolso-comanda-dobradinha-ducati-italia\/\">It\u00e1lia<\/a>, Gr\u00e3-Bretanha e San Marino<\/strong>. Por conta de dores insistentes na m\u00e3o direita, por\u00e9m, o piloto passou por cirurgia e perdeu a corrida na It\u00e1lia com a expectativa de voltar para Silverstone. Mas as coisas n\u00e3o correram conforme o esperado: a cirurgia n\u00e3o resolveu o problema e rendeu complica\u00e7\u00f5es e uma nova interven\u00e7\u00e3o.<\/p>\n\n\n\n<p class=\"wp-block-paragraph\">&#8220;Infelizmente, n\u00e3o poderei fazer a participa\u00e7\u00e3o de wild-card no GP da Gr\u00e3-Bretanha em Silverstone neste ano. Passei por uma cirurgia na minha m\u00e3o h\u00e1 duas meses, e a recupera\u00e7\u00e3o n\u00e3o correu conforme o esperado, terminando em nova cirurgia e complica\u00e7\u00f5es&#8221;, apontou.<\/p>\n\n\n\n<p class=\"wp-block-paragraph\">&#8220;\u00c9 importante deixar que minha m\u00e3o se recupere totalmente antes de tentar guiar uma moto da MotoGP. Estou ansioso para voltar e guiar pela equipe de testes da Yamaha assim que poss\u00edvel e seguir no projeto de melhorar o conjunto do ano que vem&#8221;, declarou.<\/p>\n\n\n\n<figure class=\"wp-block-image size-large\"><img decoding=\"async\" src=\"https:\/\/www.grandepremio.com\/br\/wp-content\/uploads\/2024\/05\/cal-crutchlow-1200x827.jpg\" alt=\"\" class=\"wp-image-815987\"\/><figcaption class=\"wp-element-caption\">Cal Crutchlow agora vai fazer s\u00f3 uma etapa no ano: o GP de San Marino, em setembro (Foto: Yamaha)<\/figcaption><\/figure>\n\n\n\n<p class=\"wp-block-paragraph\">&#8220;Neste ano, j\u00e1 vimos melhores gra\u00e7as ao trabalho intermin\u00e1vel de todos na Yamaha. Espero assistir a um GP da Gr\u00e3-Bretanha divertido e que todo mundo tenha um \u00f3timo fim de semana&#8221;, desejou.<\/p>\n\n\n\n<p class=\"wp-block-paragraph\">Sem Crutchlow, Remy Gardner ser\u00e1 novamente o substituto, como foi na aus\u00eancia de Rins h\u00e1 duas semanas.<\/p>\n\n\n\n<p class=\"wp-block-paragraph\">&#8220;Por fim, quero desejar boa sorte a Remy e esperar que ele se divirta. J\u00e1 tem experi\u00eancia na MotoGP e p\u00f4de andar bastante na Alemanha na \u00faltima corrida, ent\u00e3o \u00e9 a situa\u00e7\u00e3o perfeita para que esteja novamente na moto&#8221;, finalizou.<\/p>\n\n\n\n<p class=\"wp-block-paragraph\">Em Sachsenring, fazendo a estreia na temporada, Gardner ficou na 19\u00aa coloca\u00e7\u00e3o quando esteve na vaga de Rins &#8211; que, ali\u00e1s, retorna \u00e0 pista. <\/p>\n\n\n\n<figure class=\"wp-block-image size-large\"><img decoding=\"async\" src=\"https:\/\/www.grandepremio.com\/br\/wp-content\/uploads\/2024\/07\/Mundial-de-Superbike-2024-GYTR-GRT-Yamaha-WorldSBK-Team-Remy-Gardner-1200x725.jpg\" alt=\"\" class=\"wp-image-835880\"\/><figcaption class=\"wp-element-caption\">Remy Gardner volta ao grid da MotoGP (Foto: GYTR GRT Yamaha)<\/figcaption><\/figure>\n\n\n\n<p class=\"wp-block-paragraph\">&#8220;Em primeiro lugar, quero desejar melhoras prontas a Cal. Encontrei com ele na semana passada e espero que consiga voltar a ajudar o projeto [da Yamaha] logo&#8221;, falou o substituto.<\/p>\n\n\n\n<p class=\"wp-block-paragraph\">&#8220;\u00c9 uma oportunidade legal de guiar a M1 novamente, ent\u00e3o estou muito feliz. Silverstone \u00e9 uma pista que eu gosto e, al\u00e9m disso, espero poder dar mais feedback importante para a Yamaha e continuar a curtir o momento. Agrade\u00e7o a todos na equipe e estou ansioso para voltar \u00e0 pista&#8221;, encerrou.<\/p>\n\n\n\n<p class=\"wp-block-paragraph\">Pelo novo sistema de concess\u00f5es, a Yamaha tem direito a at\u00e9 seis wild-cards na temporada: tr\u00eas antes da pausa e ver\u00e3o e tr\u00eas depois. No entanto, a participa\u00e7\u00e3o precisa ser confirmada pela\u00a0<strong>IRTA (Associa\u00e7\u00e3o Internacional das Equipes de Corrida)<\/strong>.<\/p>\n\n\n\n<p class=\"wp-block-paragraph\">A f\u00e1brica japonesa \u00e9 a \u00fanica construtora do grid sem equipes sat\u00e9lites. Assim, a participa\u00e7\u00e3o de um terceiro piloto nas corridas tem import\u00e2ncia especial.<\/p>\n\n\n\n<p class=\"wp-block-paragraph\">Em 2024, a\u00a0<strong>Ducati<\/strong>\u00a0ser\u00e1 a \u00fanica f\u00e1brica impedida de fazer wild-cards.\u00a0<strong>Aprilia<\/strong>,\u00a0<strong>KTM\u00a0<\/strong>e\u00a0<strong>Honda\u00a0<\/strong>colocaram convidados na pista no GP da\u00a0<a href=\"https:\/\/es.grandepremio.com\/\" target=\"_blank\" rel=\"noreferrer noopener\">Espanha<\/a>, com\u00a0<strong>Lorenzo Savadori<\/strong>,\u00a0<strong>Dani Pedrosa\u00a0<\/strong>e\u00a0<strong>Stefan<\/strong>\u00a0<strong>Bradl<\/strong>, respectivamente.<\/p>\n\n\n\n<p class=\"wp-block-paragraph\">A&nbsp;<a href=\"https:\/\/grandepremio.com\/motovelocidade\/\" target=\"_blank\" rel=\"noreferrer noopener\"><\/a><a href=\"https:\/\/grandepremio.com\/motovelocidade\/\" target=\"_blank\" rel=\"noreferrer noopener\">MotoGP<\/a>&nbsp;volta \u00e0 a\u00e7\u00e3o apenas no dia 4 de agosto para o&nbsp;<strong>GP da Gr\u00e3-Bretanha<\/strong>, em&nbsp;<strong><a href=\"https:\/\/www.grandepremio.com\/br\/circuito\/silverstone\/\" target=\"_blank\" rel=\"noreferrer noopener\">Silverstone<\/a><\/strong>, 10\u00aa etapa da temporada 2024. O&nbsp;<strong>GRANDE PR\u00caMIO&nbsp;<\/strong>faz a cobertura completa do evento, assim como das outras classes do Mundial de&nbsp;<a href=\"https:\/\/www.grandepremio.com\/motovelocidade\/\">Motovelocidade&nbsp;<\/a>durante todo o ano.<\/p>\n\n\n\n<p class=\"wp-block-paragraph\"><strong>\u25b6\ufe0f Inscreva-se nos dois canais do\u00a0GRANDE PR\u00caMIO\u00a0no YouTube:\u00a0<a href=\"https:\/\/www.youtube.com\/channel\/UC9OlHEgxoaY6QY6nWPoiqQg?sub_confirmation=1\">GP<\/a>\u00a0|\u00a0<a href=\"https:\/\/www.youtube.com\/channel\/UC9csiS6q_C3C0FYhyr1rnFA?sub_confirmation=1\">GP2<\/a><\/strong><\/p>\n\n\n\n<figure class=\"wp-block-embed is-type-video is-provider-youtube wp-block-embed-youtube wp-embed-aspect-16-9 wp-has-aspect-ratio\"><div class=\"wp-block-embed__wrapper\">\n<iframe loading=\"lazy\" title=\"MART\u00cdN abusa dos ERROS e repete cen\u00e1rio passado na MOTOGP | GP \u00c0S 10\" width=\"500\" height=\"281\" src=\"https:\/\/www.youtube.com\/embed\/HJBNZq3Kyh0?feature=oembed\" frameborder=\"0\" allow=\"accelerometer; autoplay; clipboard-write; encrypted-media; gyroscope; picture-in-picture; web-share\" referrerpolicy=\"strict-origin-when-cross-origin\" allowfullscreen><\/iframe>\n<\/div><figcaption class=\"wp-element-caption\">MART\u00cdN abusa dos ERROS e repete cen\u00e1rio passado na MOTOGP | GP \u00c0S 10<\/figcaption><\/figure>\n","protected":false},"excerpt":{"rendered":"<p>Cal Crutchlow n\u00e3o vai poder fazer guiar como wild-card no GP da Gr\u00e3-Bretanha da MotoGP ap\u00f3s sofrer complica\u00e7\u00f5es de uma cirurgia na m\u00e3o. Yamaha volta a contar com Remy Gardner<\/p>\n","protected":false},"author":0,"featured_media":1000639429,"comment_status":"closed","ping_status":"closed","sticky":false,"template":"","format":"standard","meta":{"42wp_featured_image_caption":"","42wp_featured_image_credits":"","42wp_featured_video":"","42wp_featured_image_hidden":false,"42wp_authors_list":[],"footnotes":""},"categories":[8],"tags":[141,5660,24849,34329,2290,172],"42wp_author":[47120],"class_list":["post-70082","post","type-post","status-publish","format-standard","has-post-thumbnail","hentry","category-motogp","tag-cal-crutchlow","tag-classificacao","tag-moto-gp-ao-vivo","tag-motogp-2024","tag-remy-gardner","tag-yamaha","42wp_author-pedro-henrique-marum"],"_links":{"self":[{"href":"https:\/\/grandepremio.com\/br\/wp-json\/wp\/v2\/posts\/70082","targetHints":{"allow":["GET"]}}],"collection":[{"href":"https:\/\/grandepremio.com\/br\/wp-json\/wp\/v2\/posts"}],"about":[{"href":"https:\/\/grandepremio.com\/br\/wp-json\/wp\/v2\/types\/post"}],"replies":[{"embeddable":true,"href":"https:\/\/grandepremio.com\/br\/wp-json\/wp\/v2\/comments?post=70082"}],"version-history":[{"count":0,"href":"https:\/\/grandepremio.com\/br\/wp-json\/wp\/v2\/posts\/70082\/revisions"}],"wp:featuredmedia":[{"embeddable":true,"href":"https:\/\/grandepremio.com\/br\/wp-json\/wp\/v2\/media\/1000639429"}],"wp:attachment":[{"href":"https:\/\/grandepremio.com\/br\/wp-json\/wp\/v2\/media?parent=70082"}],"wp:term":[{"taxonomy":"category","embeddable":true,"href":"https:\/\/grandepremio.com\/br\/wp-json\/wp\/v2\/categories?post=70082"},{"taxonomy":"post_tag","embeddable":true,"href":"https:\/\/grandepremio.com\/br\/wp-json\/wp\/v2\/tags?post=70082"},{"taxonomy":"42wp_author","embeddable":true,"href":"https:\/\/grandepremio.com\/br\/wp-json\/wp\/v2\/42wp_author?post=70082"}],"curies":[{"name":"wp","href":"https:\/\/api.w.org\/{rel}","templated":true}]}}