{"id":70389,"date":"2024-07-13T09:38:20","date_gmt":"2024-07-13T12:38:20","guid":{"rendered":"https:\/\/grandepremio.com\/br\/noticias\/wec-encara-ceu-nublado-baixas-temperaturas-classificacao-6h-sp\/"},"modified":"2024-07-13T09:46:35","modified_gmt":"2024-07-13T12:46:35","slug":"wec-encara-ceu-nublado-baixas-temperaturas-classificacao-6h-sp","status":"publish","type":"post","link":"https:\/\/grandepremio.com\/br\/endurance\/wec\/wec-encara-ceu-nublado-baixas-temperaturas-classificacao-6h-sp\/","title":{"rendered":"WEC encara c\u00e9u nublado e baixas temperaturas para classifica\u00e7\u00e3o das 6H de SP"},"content":{"rendered":"\n<p class=\"wp-block-paragraph\">A sexta-feira (13) amanheceu com a cara de\u00a0<strong><a href=\"https:\/\/www.grandepremio.com\/br\/circuito\/sao-paulo\/\" target=\"_blank\" rel=\"noreferrer noopener\">S\u00e3o Paulo<\/a><\/strong>: frio e c\u00e9u muito nublado sobre o circuito de\u00a0<strong>Interlagos<\/strong>,\u00a0<a href=\"https:\/\/www.grandepremio.com\/br\/endurance\/wec\/noticias\/wec-volta-brasil-equilibrio-entre-14-marcas-dois-brasileiros-grid\/\">que recebe a quinta etapa do\u00a0<strong>Mundial de Endurance<\/strong>\u00a0<\/a>ap\u00f3s hiato de dez anos. Diferente do dia anterior, a possibilidade de chuva \u00e9 m\u00ednima.<\/p>\n\n\n\n<p class=\"wp-block-paragraph\">S\u00e3o v\u00e1rias atividades de pista no dia, com a primeira marcada para logo mais, \u00e0s 10h30 (de Bras\u00edlia, GMT-3), com o terceiro treino livre. Nesse momento, os term\u00f4metros marcam 14\u00b0C de temperatura com sensa\u00e7\u00e3o t\u00e9rmica de 12\u00baC, enquanto a umidade relativa do ar \u00e9 de 25% e sem presen\u00e7a de chuva.<\/p>\n\n\n\n<p class=\"wp-block-paragraph\">Os ventos sopram a 13 km\/h de velocidade na dire\u00e7\u00e3o sudeste, com uma n\u00e9voa seca afetando a visibilidade. A sess\u00e3o est\u00e1 programada para terminar \u00e0s 11h30, com pouca varia\u00e7\u00e3o de temperatura dentro do per\u00edodo.<\/p>\n\n\n\n<p class=\"wp-block-paragraph\">Depois, \u00e0s 14h30, os pilotos retornam para as classifica\u00e7\u00f5es do dia, com LMGT3 abrindo a fila seguida pelos hipercarros. A temperatura sobe pouco, chegando a 16\u00b0C, e a chance de pancadas de chuva no circuito paulistano seguem baixas.<\/p>\n\n\n\n<figure class=\"wp-block-image size-large\"><img decoding=\"async\" src=\"https:\/\/www.grandepremio.com\/br\/wp-content\/uploads\/2024\/07\/interlagos-sabado-01-1200x900.jpg\" alt=\"\" class=\"wp-image-840054\"\/><figcaption class=\"wp-element-caption\">S\u00e3o Paulo amanheceu com tempo nublado e muito frio neste s\u00e1bado (Foto: Pedro Luis Cuenca\/Grande Pr\u00eamio)<\/figcaption><\/figure>\n\n\n\n<p class=\"wp-block-paragraph\"><strong>\u25b6\ufe0f Inscreva-se nos dois canais do\u00a0GRANDE PR\u00caMIO\u00a0no YouTube:\u00a0<a href=\"https:\/\/www.youtube.com\/channel\/UC9OlHEgxoaY6QY6nWPoiqQg?sub_confirmation=1\">GP<\/a>\u00a0|\u00a0<a href=\"https:\/\/www.youtube.com\/channel\/UC9csiS6q_C3C0FYhyr1rnFA?sub_confirmation=1\">GP2<\/a><\/strong><\/p>\n\n\n\n<p class=\"wp-block-paragraph\">As informa\u00e7\u00f5es s\u00e3o do servi\u00e7o de meteorologia AccuWeather. As&nbsp;<strong>6 Horas de&nbsp;<a href=\"https:\/\/www.grandepremio.com\/br\/circuito\/sao-paulo\/\" target=\"_blank\" rel=\"noreferrer noopener\">S\u00e3o Paulo<\/a>&nbsp;<\/strong>de 2024 marcam o retorno do WEC ao Brasil desde 2014, ano da \u00faltima edi\u00e7\u00e3o.<\/p>\n\n\n\n<p class=\"wp-block-paragraph\">O\u00a0<strong>GRANDE PR\u00caMIO<\/strong>\u00a0cobre in loco as\u00a0<strong>6 Horas de\u00a0<a href=\"https:\/\/www.grandepremio.com\/br\/circuito\/sao-paulo\/\" target=\"_blank\" rel=\"noreferrer noopener\"><\/a><a href=\"https:\/\/www.grandepremio.com\/br\/circuito\/sao-paulo\/\" target=\"_blank\" rel=\"noreferrer noopener\">S\u00e3o Paulo<\/a><\/strong>\u00a0com Victor Martins, Jo\u00e3o Pedro Nascimento, Pedro Luis Cuenca, Luana Marino, Bernardo Castro, Kaio Esteves, Vicente Soella, Carol Verg\u00edlio e Rodrigo Berton. A equipe de\u00a0<a href=\"https:\/\/formula1aovivo.com\/\" target=\"_blank\" rel=\"noreferrer noopener\">transmiss\u00e3o<\/a>\u00a0ter\u00e1 Matheus Pinheiro na narra\u00e7\u00e3o e coment\u00e1rios de Bruno Taiar e Ricardo Arcuri. No s\u00e1bado (13), a transmiss\u00e3o do\u00a0<strong>TL3\u00a0<\/strong>na\u00a0<strong>GPTV<\/strong>, o canal do\u00a0<strong>GRANDE PR\u00caMIO\u00a0<\/strong>no YouTube, abre \u00e0s\u00a0<strong>10h20\u00a0<\/strong>(de Bras\u00edlia, GMT-3), enquanto a classifica\u00e7\u00e3o ser\u00e1 \u00e0s\u00a0<strong>14h20<\/strong>. No domingo (14), o\u00a0<strong>GP\u00a0<\/strong>come\u00e7a a transmiss\u00e3o das 6 Horas de S\u00e3o Paulo \u00e0s\u00a0<strong>11h<\/strong>, com largada prevista para as\u00a0<strong>11h30<\/strong>.<\/p>\n\n\n\n<figure class=\"wp-block-embed is-type-video is-provider-youtube wp-block-embed-youtube wp-embed-aspect-16-9 wp-has-aspect-ratio\"><div class=\"wp-block-embed__wrapper\">\n<iframe loading=\"lazy\" title=\"WEC VAI FERVER S\u00e3o Paulo com 110 pilotos em EDI\u00c7\u00c3O HIST\u00d3RICA DE INTERLAGOS | GP \u00e0s 10\" width=\"500\" height=\"281\" src=\"https:\/\/www.youtube.com\/embed\/p_MtE--IHG4?feature=oembed\" frameborder=\"0\" allow=\"accelerometer; autoplay; clipboard-write; encrypted-media; gyroscope; picture-in-picture; web-share\" referrerpolicy=\"strict-origin-when-cross-origin\" allowfullscreen><\/iframe>\n<\/div><\/figure>\n","protected":false},"excerpt":{"rendered":"<p>O Mundial de Endurance (WEC) acelera em Interlagos neste s\u00e1bado para definir o grid de largada das classes hipercarros e LMGT3 para as 6 Horas de S\u00e3o Paulo. Apesar de estar sem chuva, o frio pode ser um problema para equipes e pilotos<\/p>\n","protected":false},"author":0,"featured_media":1000840053,"comment_status":"closed","ping_status":"closed","sticky":false,"template":"","format":"standard","meta":{"42wp_featured_image_caption":"","42wp_featured_image_credits":"","42wp_featured_video":"","42wp_featured_image_hidden":false,"42wp_authors_list":[],"footnotes":""},"categories":[52],"tags":[35263,35678,35266,40221,36399,36401,36398,36400,427,37431,1491,28285,124,357,32068,2380,37799,37800,356,29560],"42wp_author":[47135],"class_list":["post-70389","post","type-post","status-publish","format-standard","has-post-thumbnail","hentry","category-wec","tag-6-horas-de-sao-paulo","tag-6-horas-de-sp","tag-6h-de-sao-paulo","tag-6h-de-sp","tag-calendario-mundial-de-endurance","tag-calendario-wec","tag-classificacao-mundial-de-endurance","tag-classificacao-wec","tag-endurance","tag-endurance-2024","tag-grande-premio","tag-grandepremio","tag-interlagos","tag-mundial-de-endurance","tag-mundial-de-endurance-2024","tag-sao-paulo","tag-temporada-2024-do-mundial-de-endurance","tag-temporada-2024-do-wec","tag-wec","tag-wec-2024","42wp_author-pedro-luis-cuenca"],"_links":{"self":[{"href":"https:\/\/grandepremio.com\/br\/wp-json\/wp\/v2\/posts\/70389","targetHints":{"allow":["GET"]}}],"collection":[{"href":"https:\/\/grandepremio.com\/br\/wp-json\/wp\/v2\/posts"}],"about":[{"href":"https:\/\/grandepremio.com\/br\/wp-json\/wp\/v2\/types\/post"}],"replies":[{"embeddable":true,"href":"https:\/\/grandepremio.com\/br\/wp-json\/wp\/v2\/comments?post=70389"}],"version-history":[{"count":0,"href":"https:\/\/grandepremio.com\/br\/wp-json\/wp\/v2\/posts\/70389\/revisions"}],"wp:featuredmedia":[{"embeddable":true,"href":"https:\/\/grandepremio.com\/br\/wp-json\/wp\/v2\/media\/1000840053"}],"wp:attachment":[{"href":"https:\/\/grandepremio.com\/br\/wp-json\/wp\/v2\/media?parent=70389"}],"wp:term":[{"taxonomy":"category","embeddable":true,"href":"https:\/\/grandepremio.com\/br\/wp-json\/wp\/v2\/categories?post=70389"},{"taxonomy":"post_tag","embeddable":true,"href":"https:\/\/grandepremio.com\/br\/wp-json\/wp\/v2\/tags?post=70389"},{"taxonomy":"42wp_author","embeddable":true,"href":"https:\/\/grandepremio.com\/br\/wp-json\/wp\/v2\/42wp_author?post=70389"}],"curies":[{"name":"wp","href":"https:\/\/api.w.org\/{rel}","templated":true}]}}