{"id":70507,"date":"2024-07-12T04:45:00","date_gmt":"2024-07-12T07:45:00","guid":{"rendered":"https:\/\/grandepremio.com\/br\/noticias\/augusto-farfus-ve-interlagos-grande-palco-espera-vitoria-sair-lideranca-wec\/"},"modified":"2024-07-12T09:18:50","modified_gmt":"2024-07-12T12:18:50","slug":"augusto-farfus-ve-interlagos-grande-palco-espera-vitoria-sair-lideranca-wec","status":"publish","type":"post","link":"https:\/\/grandepremio.com\/br\/endurance\/wec\/augusto-farfus-ve-interlagos-grande-palco-espera-vitoria-sair-lideranca-wec\/","title":{"rendered":"Farfus v\u00ea Interlagos como &#8220;grande palco&#8221; e espera vit\u00f3ria para &#8220;sair na lideran\u00e7a&#8221; do WEC"},"content":{"rendered":"\n<p class=\"wp-block-paragraph\"><strong>Augusto Farfus <\/strong>volta a disputar uma competi\u00e7\u00e3o internacional em <strong>Interlagos <\/strong>neste fim de semana. Apesar de ter feito apari\u00e7\u00f5es espor\u00e1dicas na Stock Car em anos anteriores, o brasileiro agora vai correr com o <strong>Mundial de Endurance<\/strong> (<strong>WEC<\/strong>). Em <strong>entrevista exclusiva ao GRANDE PR\u00caMIO<\/strong>, o piloto da WRT destacou o bom in\u00edcio de temporada da equipe e as chances nas <strong>6 Horas de S\u00e3o Paulo<\/strong>.<\/p>\n\n\n\n<p class=\"wp-block-paragraph\">&#8220;A gente come\u00e7ou o ano sem saber o que esperar, mas andando na frente. A gente vem em crescimento constante em todas as provas, ent\u00e3o vir para Interlagos sem pensar em vit\u00f3ria seria ilus\u00e3o. A gente quer lutar pelo t\u00edtulo e Interlagos seria um grande palco para sairmos com a lideran\u00e7a, com a vit\u00f3ria&#8221;, pontuou.<\/p>\n\n\n\n<p class=\"wp-block-paragraph\">&#8220;A gente deveria estar liderando. Em <strong>Spa<\/strong>, um prot\u00f3tipo acabou batendo e acabamos abandonando. Naquela corrida, provavelmente chegar\u00edamos em segundo, o que nos daria pontua\u00e7\u00e3o para estar na lideran\u00e7a do campeonato. A gente vem mostrando que a regularidade \u00e9 a chave. Ter execu\u00e7\u00e3o perfeita do fim de semana \u00e9 crucial e isso a gente aqui&#8221;, seguiu.<\/p>\n\n\n\n<p class=\"wp-block-paragraph\">Vencedor em <strong>\u00cdmola <\/strong>com o <strong>BMW #31<\/strong>, Farfus ainda ressaltou o crescimento do Mundial de Endurance em todos os locais por onde passa. Em Interlagos, o brasileiro acredita que as 6 Horas de S\u00e3o Paulo ser\u00e3o sucesso de p\u00fablico.<\/p>\n\n\n\n<figure class=\"wp-block-image size-large\"><img decoding=\"async\" src=\"https:\/\/www.grandepremio.com\/br\/wp-content\/uploads\/2024\/07\/P90544677_highRes_nuerburgring-ger-22--1200x800.jpg\" alt=\"\" class=\"wp-image-836526\"\/><figcaption class=\"wp-element-caption\">Augusto Farfus volta ao Brasil para a disputa das 6H de S\u00e3o Paulo (Foto: BMW)<\/figcaption><\/figure>\n\n\n\n<p class=\"wp-block-paragraph\"><strong>\u25b6\ufe0f Inscreva-se nos dois canais do&nbsp;GRANDE PR\u00caMIO&nbsp;no YouTube:&nbsp;<a href=\"https:\/\/www.youtube.com\/channel\/UC9OlHEgxoaY6QY6nWPoiqQg?sub_confirmation=1\">GP<\/a>&nbsp;|&nbsp;<a href=\"https:\/\/www.youtube.com\/channel\/UC9csiS6q_C3C0FYhyr1rnFA?sub_confirmation=1\">GP2<\/a><\/strong><\/p>\n\n\n\n<p class=\"wp-block-paragraph\">&#8220;O p\u00fablico vem crescendo muito no WEC e aprendendo a amar a corrida de longa dura\u00e7\u00e3o. Mostra o quanto o p\u00fablico era carente de corridas diferentes. Na Europa, o WEC vem com aut\u00f3dromos cheios e acredito que no Brasil ser\u00e1 da mesma maneira&#8221;, disse o brasileiro.<\/p>\n\n\n\n<p class=\"wp-block-paragraph\">Por fim, Farfus viu o clima como uma quest\u00e3o imprevis\u00edvel, com chance de chuva e at\u00e9 de dias ensolarados ao longo do fim de semana. O veterano piloto brasileiro acredita que a prepara\u00e7\u00e3o ser\u00e1 bem dif\u00edcil por toda essa varia\u00e7\u00e3o clim\u00e1tica nos pr\u00f3ximos dias.<\/p>\n\n\n\n<p class=\"wp-block-paragraph\">&#8220;Aqui n\u00e3o tem muito o que estudar. Interlagos \u00e9 a Silverstone ou N\u00fcrburgring do automobilismo, com as quatro esta\u00e7\u00f5es no mesmo dia. N\u00e3o tem uma forma certa de preparar. A gente treinou aqui na chuva, mas vai ter que improvisar no domingo. Vai ser dif\u00edcil antecipar o quanto de chuva vai vir&#8221;, finalizou.<\/p>\n\n\n\n<p class=\"wp-block-paragraph\">Ap\u00f3s as quatro primeiras etapas, o trio do carro #31 \u2014 que conta com Augusto Farfus, <strong>Sean Gelael<\/strong> e <strong>Darren Leung<\/strong> \u2014 ocupa a terceira posi\u00e7\u00e3o da classe <strong>LGMT3<\/strong>, com 73 pontos, apenas dois tentos atr\u00e1s do l\u00edderes.<\/p>\n\n\n\n<p class=\"wp-block-paragraph\">A disputa das&nbsp;<strong>6 Horas de&nbsp;<a href=\"https:\/\/www.grandepremio.com\/br\/circuito\/sao-paulo\/\" target=\"_blank\" rel=\"noreferrer noopener\"><\/a><a href=\"https:\/\/www.grandepremio.com\/br\/circuito\/sao-paulo\/\" target=\"_blank\" rel=\"noreferrer noopener\">S\u00e3o Paulo<\/a><\/strong>&nbsp;em&nbsp;<strong>Interlagos<\/strong>&nbsp;ter\u00e1 cobertura in loco do&nbsp;<strong>GRANDE PR\u00caMIO<\/strong>. O&nbsp;<strong>GP&nbsp;<\/strong>tamb\u00e9m transmite a edi\u00e7\u00e3o completa do&nbsp;<strong><a href=\"https:\/\/www.grandepremio.com\/br\/endurance\/wec\/\" target=\"_blank\" rel=\"noreferrer noopener\">WEC<\/a>&nbsp;<\/strong>2024&nbsp;<strong>AO VIVO<\/strong>&nbsp;e&nbsp;<strong>COM<\/strong>&nbsp;<strong>IMAGENS&nbsp;<\/strong>no&nbsp;<strong><a href=\"https:\/\/www.youtube.com\/c\/GrandePremioTV\" target=\"_blank\" rel=\"noreferrer noopener\">YouTube<\/a><\/strong>.<\/p>\n\n\n\n<figure class=\"wp-block-embed is-type-video is-provider-youtube wp-block-embed-youtube wp-embed-aspect-16-9 wp-has-aspect-ratio\"><div class=\"wp-block-embed__wrapper\">\n<iframe loading=\"lazy\" title=\"WEC VAI FERVER S\u00e3o Paulo com 110 pilotos em EDI\u00c7\u00c3O HIST\u00d3RICA DE INTERLAGOS | GP \u00e0s 10\" width=\"500\" height=\"281\" src=\"https:\/\/www.youtube.com\/embed\/p_MtE--IHG4?feature=oembed\" frameborder=\"0\" allow=\"accelerometer; autoplay; clipboard-write; encrypted-media; gyroscope; picture-in-picture; web-share\" referrerpolicy=\"strict-origin-when-cross-origin\" allowfullscreen><\/iframe>\n<\/div><\/figure>\n","protected":false},"excerpt":{"rendered":"<p>Em entrevista exclusiva para o GRANDE PR\u00caMIO, Augusto Farfus valorizou o crescimento do WEC nos \u00faltimos anos, inclusive no Brasil e disse que espera uma vit\u00f3ria em Interlagos para seguir na briga pelo t\u00edtulo na temporada 2024<\/p>\n","protected":false},"author":0,"featured_media":1000839623,"comment_status":"closed","ping_status":"closed","sticky":false,"template":"","format":"standard","meta":{"42wp_featured_image_caption":"","42wp_featured_image_credits":"","42wp_featured_video":"","42wp_featured_image_hidden":false,"42wp_authors_list":[],"footnotes":""},"categories":[52],"tags":[35263,35266,72,36399,36401,36398,36400,427,1491,28285,124,357,32068,2380,37799,37800,356,29560],"42wp_author":[47161,47135],"class_list":["post-70507","post","type-post","status-publish","format-standard","has-post-thumbnail","hentry","category-wec","tag-6-horas-sao-paulo","tag-6h-sao-paulo","tag-augusto-farfus","tag-calendario-mundial-de-endurance","tag-calendario-wec","tag-classificacao-mundial-de-endurance","tag-classificacao-wec","tag-endurance","tag-grande-premio","tag-grandepremio","tag-interlagos","tag-mundial-de-endurance","tag-mundial-de-endurance-2024","tag-sao-paulo","tag-temporada-2024-do-mundial-de-endurance","tag-temporada-2024-do-wec","tag-wec","tag-wec-2024","42wp_author-kaio-esteves","42wp_author-pedro-luis-cuenca"],"_links":{"self":[{"href":"https:\/\/grandepremio.com\/br\/wp-json\/wp\/v2\/posts\/70507","targetHints":{"allow":["GET"]}}],"collection":[{"href":"https:\/\/grandepremio.com\/br\/wp-json\/wp\/v2\/posts"}],"about":[{"href":"https:\/\/grandepremio.com\/br\/wp-json\/wp\/v2\/types\/post"}],"replies":[{"embeddable":true,"href":"https:\/\/grandepremio.com\/br\/wp-json\/wp\/v2\/comments?post=70507"}],"version-history":[{"count":0,"href":"https:\/\/grandepremio.com\/br\/wp-json\/wp\/v2\/posts\/70507\/revisions"}],"wp:featuredmedia":[{"embeddable":true,"href":"https:\/\/grandepremio.com\/br\/wp-json\/wp\/v2\/media\/1000839623"}],"wp:attachment":[{"href":"https:\/\/grandepremio.com\/br\/wp-json\/wp\/v2\/media?parent=70507"}],"wp:term":[{"taxonomy":"category","embeddable":true,"href":"https:\/\/grandepremio.com\/br\/wp-json\/wp\/v2\/categories?post=70507"},{"taxonomy":"post_tag","embeddable":true,"href":"https:\/\/grandepremio.com\/br\/wp-json\/wp\/v2\/tags?post=70507"},{"taxonomy":"42wp_author","embeddable":true,"href":"https:\/\/grandepremio.com\/br\/wp-json\/wp\/v2\/42wp_author?post=70507"}],"curies":[{"name":"wp","href":"https:\/\/api.w.org\/{rel}","templated":true}]}}