{"id":70784,"date":"2024-07-09T07:13:43","date_gmt":"2024-07-09T10:13:43","guid":{"rendered":"https:\/\/grandepremio.com\/br\/noticias\/aston-martin-confirma-expectativa-anuncia-enrico-cardile-diretor-tecnico-f1\/"},"modified":"2024-07-09T07:44:56","modified_gmt":"2024-07-09T10:44:56","slug":"aston-martin-confirma-expectativa-anuncia-enrico-cardile-diretor-tecnico-f1","status":"publish","type":"post","link":"https:\/\/grandepremio.com\/br\/f1\/aston-martin-confirma-expectativa-anuncia-enrico-cardile-diretor-tecnico-f1\/","title":{"rendered":"Aston Martin confirma expectativa e anuncia Enrico Cardile como diretor-t\u00e9cnico na F1"},"content":{"rendered":"\n<p class=\"wp-block-paragraph\">Como j\u00e1 era esperado, a <strong>Aston Martin <\/strong>confirmou nesta ter\u00e7a-feira (9) que <strong>Enrico Cardile <\/strong>vai se juntar \u00e0 equipe na<strong> F\u00f3rmula 1<\/strong>. O italiano, que trabalhou com a <strong>Ferrari <\/strong>por quase duas d\u00e9cadas, vai assumir o posto de diretor-t\u00e9cnico.<\/p>\n\n\n\n<p class=\"wp-block-paragraph\">A chegada de Cardile \u00e9 mais uma cartada do time de\u00a0<strong><a href=\"https:\/\/www.grandepremio.com\/br\/circuito\/silverstone\/\" target=\"_blank\" rel=\"noreferrer noopener\">Silverstone<\/a><\/strong>\u00a0para voltar a brigar pelas primeiras posi\u00e7\u00f5es da tabela.\u00a0<strong>Adrian Newey<\/strong>, que est\u00e1 de malas prontas para deixar a<strong> Red Bull<\/strong>, \u00e9 o sonho maior da esquadra de\u00a0<strong>Lawrence Stroll<\/strong>.<\/p>\n\n\n\n<p class=\"wp-block-paragraph\">&#8220;Quero dar boas-vindas a Enrico no momento em que buscamos refor\u00e7ar a lideran\u00e7a t\u00e9cnica antes da mudan\u00e7a de regulamento em 2026&#8221;, disse o pai de <strong>Lance Stroll<\/strong> no comunicado oficial emitido pela Aston Martin, salientando o entusiasmo &#8220;por continuarmos atraindo talentos de n\u00edvel mundial para nossa equipe&#8221;.<\/p>\n\n\n\n<p class=\"wp-block-paragraph\">&#8220;Enrico divide comigo a motiva\u00e7\u00e3o pelo sucesso na F1 e ter\u00e1 todos os recursos dispon\u00edveis para alcan\u00e7ar isso. Juntamente com <strong>Andy Cowell<\/strong>, unindo-se ao grupo como CEO em outubro, e os l\u00edderes que j\u00e1 est\u00e3o aqui, estamos montando um time formid\u00e1vel&#8221;, enfatizou.<\/p>\n\n\n\n<figure class=\"wp-block-image size-large\"><img decoding=\"async\" src=\"https:\/\/www.grandepremio.com\/br\/wp-content\/uploads\/2024\/07\/inglaterra-2024-f1-corrida-aston-martin-lance-stroll-01-1200x800.jpg\" alt=\"\" class=\"wp-image-838457\"\/><figcaption class=\"wp-element-caption\">A Aston Martin tem investido pesado para voltar a brigar pelas primeiras posi\u00e7\u00f5es na F1 (Foto: Aston Martin)<\/figcaption><\/figure>\n\n\n\n<p class=\"wp-block-paragraph\">O chefe, <strong>Mike Krack<\/strong>, tamb\u00e9m celebrou a adi\u00e7\u00e3o de Cardile e &#8220;os quase 20 anos de experi\u00eancia na Ferrari que oferecer\u00e3o uma nova perspectiva \u00e0 estrat\u00e9gia t\u00e9cnica&#8221;. &#8220;\u00c9 uma nomea\u00e7\u00e3o fundamental para a equipe \u00e0 medida que avan\u00e7amos em dire\u00e7\u00e3o ao regulamento de 2026&#8221;, completou.<\/p>\n\n\n\n<p class=\"wp-block-paragraph\">&#8220;Estou ansioso para ingressar na Aston Martin&#8221;, come\u00e7ou o novo diretor-t\u00e9cnico. &#8220;A ambi\u00e7\u00e3o e o desejo s\u00e3o claros, e fazer parte desta jornada \u00e9 uma oportunidade \u00fanica. \u00c9 um desafio pessoal e profissional e estou ansioso para trabalhar com a equipe e trazer sucesso a esta marca ic\u00f4nica&#8221;, concluiu.<\/p>\n\n\n\n<p class=\"wp-block-paragraph\">Cardile come\u00e7ou a colaborar com a Ferrari ainda em 2002, sendo efetivado em 2005. A carreira na equipe de Maranello come\u00e7ou na divis\u00e3o de GT, sendo transferido para a gest\u00e3o esportiva em 2016 e, depois, assumindo o posto de designer de ve\u00edculos no ano seguinte.<\/p>\n\n\n\n<p class=\"wp-block-paragraph\">Dali em diante, atuou estreitamente na equipe respons\u00e1vel pelo desenvolvimento da unidade de pot\u00eancia na era h\u00edbrida e foi nomeado diretor-t\u00e9cnico na gest\u00e3o de\u00a0<strong>Mattia Binotto<\/strong>\u00a0da equipe italiana. Com a chegada de\u00a0Vasseur, passou a administrar tamb\u00e9m a divis\u00e3o de chassi, al\u00e9m do setor de aerodin\u00e2mica.<\/p>\n\n\n\n<p class=\"wp-block-paragraph\">O fim do v\u00ednculo, no entanto, passou a ser iminente quando o site italiano Formu1a.Uno  noticiou <a href=\"https:\/\/www.grandepremio.com\/br\/f1\/noticias\/aston-martin-surpreende-ofensiva-tirar-diretor-tecnico-ferrari-formula-1\/\"> que o veterano engenheiro havia assinado contrato<\/a>\u00a0com a\u00a0<strong>Aston Martin\u00a0<\/strong>para a\u00a0<strong>temporada 2025\u00a0<\/strong>da\u00a0<strong><a href=\"https:\/\/www.grandepremio.com\/br\/f1\/\" target=\"_blank\" rel=\"noreferrer noopener\">F\u00f3rmula 1<\/a><\/strong>. <\/p>\n\n\n\n<p class=\"wp-block-paragraph\">Ainda segundo o Formu1a.Uno, a sa\u00edda de Cardile ser\u00e1 suprida por\u00a0<strong>Lo\u00efc Serra<\/strong>, ex-diretor de desempenho da\u00a0<strong>Mercedes<\/strong>\u00a0e que assumir\u00e1 fun\u00e7\u00f5es em Maranello a partir de outubro deste ano. O engenheiro franc\u00eas j\u00e1 havia sido anunciado como chefe de engenharia de desempenho de chassi.<\/p>\n\n\n\n<p class=\"wp-block-paragraph\">A\u00a0<a href=\"https:\/\/www.grandepremio.com\/br\/f1\/\" target=\"_blank\" rel=\"noreferrer noopener\"><\/a><a href=\"https:\/\/www.grandepremio.com\/br\/f1\/\" target=\"_blank\" rel=\"noreferrer noopener\"><strong>F\u00f3rmula 1<\/strong><\/a>\u00a0continua a temporada 2024 entre os dias 19 e 21 de julho, em\u00a0<strong><a href=\"https:\/\/www.grandepremio.com\/br\/circuito\/hungaroring\/\" target=\"_blank\" rel=\"noreferrer noopener\">Hungaroring<\/a><\/strong>, com o\u00a0<strong>GP da Hungria<\/strong>.<\/p>\n\n\n\n<p class=\"wp-block-paragraph\"><strong><img decoding=\"async\" src=\"https:\/\/a.slack-edge.com\/production-standard-emoji-assets\/14.0\/google-medium\/25b6-fe0f.png\" alt=\":seta_para_frente:\">\u00a0Inscreva-se nos dois canais do GRANDE PR\u00caMIO no YouTube:\u00a0<a href=\"https:\/\/www.youtube.com\/channel\/UC9OlHEgxoaY6QY6nWPoiqQg?sub_confirmation=1\" target=\"_blank\" rel=\"noreferrer noopener\">GP<\/a>\u00a0|\u00a0<a href=\"https:\/\/www.youtube.com\/channel\/UC9csiS6q_C3C0FYhyr1rnFA?sub_confirmation=1\" target=\"_blank\" rel=\"noreferrer noopener\">GP2<\/a><\/strong><br><strong><img decoding=\"async\" src=\"https:\/\/a.slack-edge.com\/production-standard-emoji-assets\/14.0\/google-medium\/25b6-fe0f.png\" alt=\":seta_para_frente:\">\u00a0LEIA TAMB\u00c9M<\/strong>:\u00a0<strong><a href=\"https:\/\/www.grandepremio.com\/br\/f1\/noticias\/opiniao-gp-lewis-hamilton-pazes-consigo-apoteotica-vitoria-inglaterra\/\">Opini\u00e3o GP: Hamilton faz as pazes consigo mesmo em apote\u00f3tica vit\u00f3ria na Inglaterra<\/a><\/strong><\/p>\n\n\n\n<figure class=\"wp-block-embed is-type-video is-provider-youtube wp-block-embed-youtube wp-embed-aspect-16-9 wp-has-aspect-ratio\"><div class=\"wp-block-embed__wrapper\">\n<iframe loading=\"lazy\" title=\"HAMILTON VOLTA AO TOPO NA F1: VEM OCTA EM 2025? | Paddock GP #379\" width=\"500\" height=\"281\" src=\"https:\/\/www.youtube.com\/embed\/h542Rojrkgs?feature=oembed\" frameborder=\"0\" allow=\"accelerometer; autoplay; clipboard-write; encrypted-media; gyroscope; picture-in-picture; web-share\" referrerpolicy=\"strict-origin-when-cross-origin\" allowfullscreen><\/iframe>\n<\/div><\/figure>\n","protected":false},"excerpt":{"rendered":"<p>A sa\u00edda de Enrico Cardile da Ferrari foi confirmada na segunda-feira (8). O italiano agora far\u00e1 parte do ambicioso projeto de Lawrence Stroll para levar a Aston Martin de volta ao topo<\/p>\n","protected":false},"author":0,"featured_media":1000399253,"comment_status":"closed","ping_status":"closed","sticky":false,"template":"","format":"standard","meta":{"42wp_featured_image_caption":"","42wp_featured_image_credits":"","42wp_featured_video":"","42wp_featured_image_hidden":false,"42wp_authors_list":[],"footnotes":""},"categories":[2],"tags":[309,26271,5273,25590,147,3230,207,180,30909,1491,28285,30840,454,30559,35129,33301],"42wp_author":[47147],"class_list":["post-70784","post","type-post","status-publish","format-standard","has-post-thumbnail","hentry","category-f1","tag-aston-martin","tag-calendario-f1","tag-classificacao-f1","tag-enrico-cardile","tag-f1","tag-f1-2024","tag-ferrari","tag-formula-1","tag-formula-1-2024","tag-grande-premio","tag-grandepremio","tag-horarios-f1","tag-lawrence-stroll","tag-mike-krack","tag-onde-assistir-f1","tag-temporada-2024-f1","42wp_author-luana-marino"],"_links":{"self":[{"href":"https:\/\/grandepremio.com\/br\/wp-json\/wp\/v2\/posts\/70784","targetHints":{"allow":["GET"]}}],"collection":[{"href":"https:\/\/grandepremio.com\/br\/wp-json\/wp\/v2\/posts"}],"about":[{"href":"https:\/\/grandepremio.com\/br\/wp-json\/wp\/v2\/types\/post"}],"replies":[{"embeddable":true,"href":"https:\/\/grandepremio.com\/br\/wp-json\/wp\/v2\/comments?post=70784"}],"version-history":[{"count":0,"href":"https:\/\/grandepremio.com\/br\/wp-json\/wp\/v2\/posts\/70784\/revisions"}],"wp:featuredmedia":[{"embeddable":true,"href":"https:\/\/grandepremio.com\/br\/wp-json\/wp\/v2\/media\/1000399253"}],"wp:attachment":[{"href":"https:\/\/grandepremio.com\/br\/wp-json\/wp\/v2\/media?parent=70784"}],"wp:term":[{"taxonomy":"category","embeddable":true,"href":"https:\/\/grandepremio.com\/br\/wp-json\/wp\/v2\/categories?post=70784"},{"taxonomy":"post_tag","embeddable":true,"href":"https:\/\/grandepremio.com\/br\/wp-json\/wp\/v2\/tags?post=70784"},{"taxonomy":"42wp_author","embeddable":true,"href":"https:\/\/grandepremio.com\/br\/wp-json\/wp\/v2\/42wp_author?post=70784"}],"curies":[{"name":"wp","href":"https:\/\/api.w.org\/{rel}","templated":true}]}}