{"id":70848,"date":"2024-07-08T10:46:29","date_gmt":"2024-07-08T13:46:29","guid":{"rendered":"https:\/\/grandepremio.com\/br\/noticias\/eric-granado-recebe-alta-hospital-grave-acidente-corrida-motoe-alemanha\/"},"modified":"2024-07-08T10:47:19","modified_gmt":"2024-07-08T13:47:19","slug":"eric-granado-recebe-alta-hospital-grave-acidente-corrida-motoe-alemanha","status":"publish","type":"post","link":"https:\/\/grandepremio.com\/br\/motogp\/eric-granado-recebe-alta-hospital-grave-acidente-corrida-motoe-alemanha\/","title":{"rendered":"Granado recebe alta de hospital ap\u00f3s grave acidente em corrida da MotoE na Alemanha"},"content":{"rendered":"\n<p class=\"wp-block-paragraph\"><strong>Eric Granado <\/strong>viveu momentos dram\u00e1ticos no \u00faltimo s\u00e1bado (6), durante a primeira corrida da <strong>MotoE <\/strong>em <strong>Sachsenring<\/strong>, palco do <strong>GP da Alemanha<\/strong>. Ap\u00f3s acidente logo na largada, Granado foi diagnosticado com uma concuss\u00e3o cerebral e precisou ficar em observa\u00e7\u00e3o no hospital pelo menos 24 horas, antes de ser liberado no domingo (7).<\/p>\n\n\n\n<p class=\"wp-block-paragraph\">Na largada, o brasileiro foi tocado por <strong>Oscar Gutierrez<\/strong>, caiu com for\u00e7a no asfalto e escapou de ser atropelado por outros tr\u00eas competidores. Depois, <a href=\"https:\/\/www.grandepremio.com\/br\/motogp\/noticias\/eric-granado-levado-ambulancia-apos-violenta-queda-corrida-1-motoe-alemanha\/\">precisou ser retirado de ambul\u00e2ncia para um hospital<\/a> na cidade de Chemnitz, onde fez exames detalhados. Agora, por\u00e9m, j\u00e1 recebeu alta m\u00e9dica e comentou o incidente.<\/p>\n\n\n\n<p class=\"wp-block-paragraph\">&#8220;Fiz uma boa largada, mas infelizmente um piloto saiu do tra\u00e7ado e retornou de forma irrespons\u00e1vel, eu n\u00e3o consegui v\u00ea-lo e acabei sendo derrubado de forma agressiva. Senti muita dor na cabe\u00e7a e na perna esquerda naquele momento, mas as radiografias n\u00e3o mostraram nenhuma fratura ou les\u00e3o importante&#8221;, disse Eric.<\/p>\n\n\n\n<p class=\"wp-block-paragraph\">&#8220;Agora \u00e9 continuar me recuperando do trauma na cabe\u00e7a aqui em Barcelona e me preparar pelo que vem pela frente. N\u00e3o tem sido uma temporada f\u00e1cil, mas vou me preparar para dar o meu melhor na pr\u00f3xima etapa, na \u00c1ustria&#8221;, completou o brasileiro.<\/p>\n\n\n\n<figure class=\"wp-block-video\"><video class=\"video-js vjs-big-play-centered\" data-gp-vjs=\"1\" controls src=\"https:\/\/www.grandepremio.com\/br\/wp-content\/uploads\/2024\/07\/eric-granado-acidente.mp4\"><\/video><figcaption class=\"wp-element-caption\">Queda forte do brasileiro na Alemanha. Eric foi levado ao hospital (V\u00eddeo: Reprodu\u00e7\u00e3o\/MotoE)<\/figcaption><\/figure>\n\n\n\n<p class=\"wp-block-paragraph\"><strong>\u25b6\ufe0f Inscreva-se nos dois canais do&nbsp;GRANDE PR\u00caMIO&nbsp;no YouTube:&nbsp;<a href=\"https:\/\/www.youtube.com\/channel\/UC9OlHEgxoaY6QY6nWPoiqQg?sub_confirmation=1\">GP<\/a>&nbsp;|&nbsp;<a href=\"https:\/\/www.youtube.com\/channel\/UC9csiS6q_C3C0FYhyr1rnFA?sub_confirmation=1\">GP2<\/a><\/strong><\/p>\n\n\n\n<p class=\"wp-block-paragraph\">Granado viajou para Barcelona para seguir a recupera\u00e7\u00e3o em casa. O piloto da <strong>LCR <\/strong>vai passar por mais exames nesta ter\u00e7a-feira (9) para saber quando est\u00e1 liberado para realizar atividades f\u00edsicas novamente. Para ajudar, a MotoE s\u00f3 volta a acelerar nos dia 16 e 17 de agosto, no <strong>Red Bull Ring<\/strong>, com o <strong>GP da \u00c1ustria<\/strong>.<\/p>\n\n\n\n<p class=\"wp-block-paragraph\">A\u00a0<strong><a href=\"https:\/\/grandepremio.com\/motovelocidade\/\" target=\"_blank\" rel=\"noreferrer noopener\">MotoGP<\/a>\u00a0<\/strong>agora entra nas f\u00e9rias de ver\u00e3o e volta apenas entre os dias 2 e 4 de agosto, para o\u00a0<strong>GP da<\/strong>\u00a0<strong>Gr\u00e3-Bretanha<\/strong>, em\u00a0<strong><a href=\"https:\/\/www.grandepremio.com\/br\/circuito\/silverstone\/\" target=\"_blank\" rel=\"noreferrer noopener\">Silverstone<\/a><\/strong>, 10\u00aa etapa da temporada 2024. O\u00a0<strong>GRANDE PR\u00caMIO\u00a0<\/strong>faz a cobertura completa do evento, assim como das outras classes do\u00a0Mundial de\u00a0<a href=\"https:\/\/www.grandepremio.com\/motovelocidade\/\" target=\"_blank\" rel=\"noreferrer noopener\">Motovelocidade<\/a>\u00a0durante todo o ano.<\/p>\n\n\n\n<figure class=\"wp-block-embed is-type-video is-provider-youtube wp-block-embed-youtube wp-embed-aspect-16-9 wp-has-aspect-ratio\"><div class=\"wp-block-embed__wrapper\">\n<iframe loading=\"lazy\" title=\"Bagnaia TEM ATUA\u00c7\u00c3O M\u00c1GICA em Assen e CONSOLIDA REA\u00c7\u00c3O POR TRI da MotoGP | GP \u00e0s 10\" width=\"500\" height=\"281\" src=\"https:\/\/www.youtube.com\/embed\/gnqJXs7sfpQ?feature=oembed\" frameborder=\"0\" allow=\"accelerometer; autoplay; clipboard-write; encrypted-media; gyroscope; picture-in-picture; web-share\" referrerpolicy=\"strict-origin-when-cross-origin\" allowfullscreen><\/iframe>\n<\/div><\/figure>\n","protected":false},"excerpt":{"rendered":"<p>Eric Granado foi liberado pelos m\u00e9dicos ap\u00f3s ficar 24 horas em observa\u00e7\u00e3o em hospital na cidade de Chemnitz. Brasileiro sofreu forte queda na primeira corrida da MotoE na Alemanha e teve uma concuss\u00e3o<\/p>\n","protected":false},"author":0,"featured_media":1000838610,"comment_status":"closed","ping_status":"closed","sticky":false,"template":"","format":"standard","meta":{"42wp_featured_image_caption":"","42wp_featured_image_credits":"","42wp_featured_video":"","42wp_featured_image_hidden":false,"42wp_authors_list":[],"footnotes":""},"categories":[8],"tags":[983,5214,286,1504,28285,3269,79,280,78,34329,37693,37691,37692,25819,29345,28766,37694,26690,3346],"42wp_author":[47135],"class_list":["post-70848","post","type-post","status-publish","format-standard","has-post-thumbnail","hentry","category-motogp","tag-alemanha","tag-classificacao-motogp","tag-eric-granado","tag-gp-da-alemanha","tag-grandepremio","tag-hospital","tag-moto-gp","tag-motoe","tag-motogp","tag-motogp-2024","tag-motogp-2024-calendario","tag-motogp-calendario-2024","tag-motogp-classificacao-2024","tag-motogp-hoje","tag-motogp-horario","tag-motogp-standings","tag-onde-assistir-motogp-2024","tag-pilotos-motogp","tag-sachsenring","42wp_author-pedro-luis-cuenca"],"_links":{"self":[{"href":"https:\/\/grandepremio.com\/br\/wp-json\/wp\/v2\/posts\/70848","targetHints":{"allow":["GET"]}}],"collection":[{"href":"https:\/\/grandepremio.com\/br\/wp-json\/wp\/v2\/posts"}],"about":[{"href":"https:\/\/grandepremio.com\/br\/wp-json\/wp\/v2\/types\/post"}],"replies":[{"embeddable":true,"href":"https:\/\/grandepremio.com\/br\/wp-json\/wp\/v2\/comments?post=70848"}],"version-history":[{"count":0,"href":"https:\/\/grandepremio.com\/br\/wp-json\/wp\/v2\/posts\/70848\/revisions"}],"wp:featuredmedia":[{"embeddable":true,"href":"https:\/\/grandepremio.com\/br\/wp-json\/wp\/v2\/media\/1000838610"}],"wp:attachment":[{"href":"https:\/\/grandepremio.com\/br\/wp-json\/wp\/v2\/media?parent=70848"}],"wp:term":[{"taxonomy":"category","embeddable":true,"href":"https:\/\/grandepremio.com\/br\/wp-json\/wp\/v2\/categories?post=70848"},{"taxonomy":"post_tag","embeddable":true,"href":"https:\/\/grandepremio.com\/br\/wp-json\/wp\/v2\/tags?post=70848"},{"taxonomy":"42wp_author","embeddable":true,"href":"https:\/\/grandepremio.com\/br\/wp-json\/wp\/v2\/42wp_author?post=70848"}],"curies":[{"name":"wp","href":"https:\/\/api.w.org\/{rel}","templated":true}]}}