{"id":70943,"date":"2024-07-07T17:00:39","date_gmt":"2024-07-07T20:00:39","guid":{"rendered":"https:\/\/grandepremio.com\/br\/noticias\/carlos-sainz-destaca-falta-ritmo-ferrari-uma-das-minhas-corridas-mais-solidas-gp-da-inglaterra\/"},"modified":"2024-07-07T17:01:44","modified_gmt":"2024-07-07T20:01:44","slug":"carlos-sainz-destaca-falta-ritmo-ferrari-uma-das-minhas-corridas-mais-solidas-gp-da-inglaterra","status":"publish","type":"post","link":"https:\/\/grandepremio.com\/br\/f1\/carlos-sainz-destaca-falta-ritmo-ferrari-uma-das-minhas-corridas-mais-solidas-gp-da-inglaterra\/","title":{"rendered":"Sainz destaca falta de ritmo da Ferrari em &#8220;uma das minhas corridas mais s\u00f3lidas&#8221;"},"content":{"rendered":"\n<p class=\"wp-block-paragraph\"><strong>Carlos Sainz <\/strong><a href=\"https:\/\/www.grandepremio.com\/br\/f1\/noticias\/lewis-hamilton-encerra-espera-cai-bracos-povo-vitoria-gp-da-inglaterra-gala-formula-1\/\">chegou em quinto e ainda fez a volta mais r\u00e1pida<\/a> do <strong>GP da Inglaterra<\/strong> deste domingo (7). Para o espanhol, melhor que a encomenda, afinal, a <strong>Ferrari<\/strong>, de novo, n\u00e3o apresentou ritmo nem pr\u00f3ximo aos de<strong> Red Bull, McLaren <\/strong>e <strong>Mercedes.<\/strong><\/p>\n\n\n\n<p class=\"wp-block-paragraph\">O espanhol valorizou bastante os pontos anotados e fez quest\u00e3o de destacar a pr\u00f3pria performance de pneus slick na pista molhada. Para Sainz, foi o \u00fanico momento da corrida em que teve condi\u00e7\u00f5es parecidas com os rivais.<\/p>\n\n\n\n<p class=\"wp-block-paragraph\">&#8220;Em geral, acho que fizemos uma corrida muito boa. Era um dia em que acertar tudo era bem dif\u00edcil, mas fizemos quase tudo com perfei\u00e7\u00e3o. Infelizmente a gente n\u00e3o tinha ritmo nas primeiras voltas para acompanhar a McLaren, assim abriram uns 6s. Assim que come\u00e7ou a chover, est\u00e1vamos todos em condi\u00e7\u00f5es muito complicadas com os pneus slick, mas consegui arriscar, fazer a diferen\u00e7a e voltar a me aproximar dos l\u00edderes, at\u00e9 do pr\u00f3prio Verstappen&#8221;, disse \u00e0 emissora espanhola DAZN.<\/p>\n\n\n\n<p class=\"wp-block-paragraph\">Carlos valorizou o trabalho de estrat\u00e9gia que fez junto ao time e admitiu que, com os pneus certos, era sempre mais lento que os carros da frente.<\/p>\n\n\n\n<figure class=\"wp-block-image size-large\"><img decoding=\"async\" src=\"https:\/\/www.grandepremio.com\/br\/wp-content\/uploads\/2024\/07\/inglaterra-2024-f1-corrida-ferrari-carlos-sainz-01-1200x800.jpg\" alt=\"\" class=\"wp-image-838119\"\/><figcaption class=\"wp-element-caption\">Carlos Sainz saiu satisfeito com a performance pr\u00f3pria, mas n\u00e3o com o ritmo da Ferrari (Foto: Ferrari)<\/figcaption><\/figure>\n\n\n\n<p class=\"wp-block-paragraph\">&#8220;Depois choveu muito e n\u00e3o andamos bem com os intermedi\u00e1rios. No final da corrida, com tudo seco, tamb\u00e9m n\u00e3o, mas o importante \u00e9 que hoje em condi\u00e7\u00f5es mistas fomos r\u00e1pidos, fomos bem em todas as chamadas dos boxes e tivemos um quinto lugar que tem um gosto melhor com aquele b\u00f4nus de volta mais r\u00e1pida&#8221;, seguiu.<\/p>\n\n\n\n<p class=\"wp-block-paragraph\">Sainz teve mais um fim de semana bem melhor que o de <strong>Charles Leclerc<\/strong>. Mesmo com o erro da Ferrari na t\u00e1tica do monegasco, o espanhol j\u00e1 tinha desempenho mais s\u00f3lido na etapa.<\/p>\n\n\n\n<p class=\"wp-block-paragraph\">&#8220;Acho que foi uma das minhas corridas mais s\u00f3lidas pela Ferrari, por causa das chamadas dos boxes, de como lidamos com as situa\u00e7\u00f5es e como ataquei em uma pista dif\u00edcil. No campeonato, voc\u00ea precisa tamb\u00e9m estar bem mesmo quando o carro n\u00e3o est\u00e1. Somamos 11 pontos importantes porque McLaren e Mercedes est\u00e3o vindo fortes e s\u00e3o mais r\u00e1pidas que a gente atualmente&#8221;, completou.<\/p>\n\n\n\n<p class=\"wp-block-paragraph\">Sainz <a href=\"https:\/\/www.grandepremio.com\/br\/f1\/noticias\/max-verstappen-abre-84-pontos-lando-norris-apos-gp-da-inglaterra-confira-classificacao\/\">segue na quarta coloca\u00e7\u00e3o <\/a>do <strong>Mundial de Pilotos<\/strong>, com 146 pontos anotados. O espanhol tem apenas 4 a menos que Leclerc.<\/p>\n\n\n\n<p class=\"wp-block-paragraph\">A\u00a0<a href=\"https:\/\/www.grandepremio.com\/br\/f1\/\" target=\"_blank\" rel=\"noreferrer noopener\"><\/a><a href=\"https:\/\/www.grandepremio.com\/br\/f1\/\" target=\"_blank\" rel=\"noreferrer noopener\">F\u00f3rmula 1<\/a>\u00a0continua a temporada 2024 entre os dias 19 e 21 de julho, em\u00a0<strong><a href=\"https:\/\/www.grandepremio.com\/br\/circuito\/hungaroring\/\" target=\"_blank\" rel=\"noreferrer noopener\">Hungaroring<\/a><\/strong>, com o\u00a0<strong>GP da Hungria<\/strong>.<\/p>\n\n\n\n<p class=\"wp-block-paragraph\"><strong>Inscreva-se nos dois canais do GRANDE PR\u00caMIO no YouTube:&nbsp;<a href=\"https:\/\/www.youtube.com\/channel\/UC9OlHEgxoaY6QY6nWPoiqQg?sub_confirmation=1\" target=\"_blank\" rel=\"noreferrer noopener\">GP<\/a>&nbsp;|&nbsp;<a href=\"https:\/\/www.youtube.com\/channel\/UC9csiS6q_C3C0FYhyr1rnFA?sub_confirmation=1\" target=\"_blank\" rel=\"noreferrer noopener\">GP2<\/a><\/strong><\/p>\n\n\n\n<figure class=\"wp-block-embed is-type-video is-provider-youtube wp-block-embed-youtube wp-embed-aspect-16-9 wp-has-aspect-ratio\"><div class=\"wp-block-embed__wrapper\">\n<iframe loading=\"lazy\" title=\"HAMILTON VENCE GP da INGLATERRA de F1 E EMOCIONA O MUNDO! VERSTAPPEN 2\u00ba| Briefing\" width=\"500\" height=\"281\" src=\"https:\/\/www.youtube.com\/embed\/48MM8pDTniQ?feature=oembed\" frameborder=\"0\" allow=\"accelerometer; autoplay; clipboard-write; encrypted-media; gyroscope; picture-in-picture; web-share\" referrerpolicy=\"strict-origin-when-cross-origin\" allowfullscreen><\/iframe>\n<\/div><\/figure>\n","protected":false},"excerpt":{"rendered":"<p>Carlos Sainz reconheceu que, mais uma vez, a Ferrari n\u00e3o apresentou um bom ritmo para brigar na parte da frente do pelot\u00e3o, mas elogiou bastante o pr\u00f3prio desempenho na Inglaterra, em meio a condi\u00e7\u00f5es mistas e pista trai\u00e7oeira<\/p>\n","protected":false},"author":0,"featured_media":1000838148,"comment_status":"closed","ping_status":"closed","sticky":false,"template":"","format":"standard","meta":{"42wp_featured_image_caption":"","42wp_featured_image_credits":"","42wp_featured_video":"","42wp_featured_image_hidden":false,"42wp_authors_list":[],"footnotes":""},"categories":[2],"tags":[654,20491,27776,34186,27487,309,35624,37759,546,209,5660,8235,37760,211,302,3230,642,31870,25745,11958,40130,31850,37761,176,207,40152,800,1505,40153,40154,3746,119,117,485,547,87,25553,203,90,82,1521,2916,676,39061,204,1197,3132,3632,612,215,597],"42wp_author":[47117],"class_list":["post-70943","post","type-post","status-publish","format-standard","has-post-thumbnail","hentry","category-f1","tag-alexander-albon","tag-alpine","tag-assistir-f1-ao-vivo","tag-assistir-f1-gratis","tag-assistir-f1-online","tag-aston-martin","tag-calendario-f1-2024","tag-calendario-f1-2024-horarios","tag-carlos-sainz","tag-charles-leclerc","tag-classificacao","tag-classificacao-da-f1","tag-classificacao-f1-2024","tag-daniel-ricciardo","tag-esteban-ocon","tag-f1-2024","tag-f1-ao-vivo","tag-f1-gra-bretanha","tag-f1-inglaterra","tag-f1-live","tag-f1-na-inglaterra","tag-f1-silverstone","tag-f1-tv-2024","tag-fernando-alonso","tag-ferrari","tag-fim-de-semana-inglaterra","tag-george-russell","tag-gp-da-inglaterra","tag-gp-gra-bretanha","tag-gp-silverstone","tag-guanyu-zhou","tag-haas","tag-kevin-magnussen","tag-lance-stroll","tag-lando-norris","tag-lewis-hamilton","tag-logan-sargeant","tag-max-verstappen","tag-mclaren","tag-mercedes","tag-nico-hulkenberg","tag-oscar-piastri","tag-pierre-gasly","tag-rb-2","tag-red-bull","tag-sauber","tag-sergio-perez","tag-silverstone","tag-valtteri-bottas","tag-williams","tag-yuki-tsunoda","42wp_author-gabriel-curty"],"_links":{"self":[{"href":"https:\/\/grandepremio.com\/br\/wp-json\/wp\/v2\/posts\/70943","targetHints":{"allow":["GET"]}}],"collection":[{"href":"https:\/\/grandepremio.com\/br\/wp-json\/wp\/v2\/posts"}],"about":[{"href":"https:\/\/grandepremio.com\/br\/wp-json\/wp\/v2\/types\/post"}],"replies":[{"embeddable":true,"href":"https:\/\/grandepremio.com\/br\/wp-json\/wp\/v2\/comments?post=70943"}],"version-history":[{"count":0,"href":"https:\/\/grandepremio.com\/br\/wp-json\/wp\/v2\/posts\/70943\/revisions"}],"wp:featuredmedia":[{"embeddable":true,"href":"https:\/\/grandepremio.com\/br\/wp-json\/wp\/v2\/media\/1000838148"}],"wp:attachment":[{"href":"https:\/\/grandepremio.com\/br\/wp-json\/wp\/v2\/media?parent=70943"}],"wp:term":[{"taxonomy":"category","embeddable":true,"href":"https:\/\/grandepremio.com\/br\/wp-json\/wp\/v2\/categories?post=70943"},{"taxonomy":"post_tag","embeddable":true,"href":"https:\/\/grandepremio.com\/br\/wp-json\/wp\/v2\/tags?post=70943"},{"taxonomy":"42wp_author","embeddable":true,"href":"https:\/\/grandepremio.com\/br\/wp-json\/wp\/v2\/42wp_author?post=70943"}],"curies":[{"name":"wp","href":"https:\/\/api.w.org\/{rel}","templated":true}]}}