{"id":70954,"date":"2024-07-07T16:33:45","date_gmt":"2024-07-07T19:33:45","guid":{"rendered":"https:\/\/grandepremio.com\/br\/noticias\/charles-leclerc-lamenta-tatica-falha-gp-da-inglaterra-muita-coisa-dando-errado\/"},"modified":"2024-07-07T16:34:59","modified_gmt":"2024-07-07T19:34:59","slug":"charles-leclerc-lamenta-tatica-falha-gp-da-inglaterra-muita-coisa-dando-errado","status":"publish","type":"post","link":"https:\/\/grandepremio.com\/br\/f1\/charles-leclerc-lamenta-tatica-falha-gp-da-inglaterra-muita-coisa-dando-errado\/","title":{"rendered":"Leclerc lamenta t\u00e1tica falha na Inglaterra e se preocupa: &#8220;Muita coisa dando errado&#8221;"},"content":{"rendered":"\n<p class=\"wp-block-paragraph\"><strong>Charles Leclerc <\/strong>terminou o <strong>GP da Inglaterra <\/strong>fora do top-10 <a href=\"https:\/\/www.grandepremio.com\/br\/f1\/noticias\/lewis-hamilton-encerra-espera-cai-bracos-povo-vitoria-gp-da-inglaterra-gala-formula-1\/\">e sem pontuar pela segunda vez<\/a> seguida nesta temporada. Depois de largar em 11\u00ba, o monegasco escolheu a hora errada para colocar os pneus intermedi\u00e1rios e sofreu com a pista majoritariamente seca. Ao <a href=\"https:\/\/www.grandepremio.com\/br\/f1\/noticias\/lewis-hamilton-encerra-espera-cai-bracos-povo-vitoria-gp-da-inglaterra-gala-formula-1\/\">final de 52 voltas<\/a> e depois de virar retardat\u00e1rio cedo, o piloto da <strong>Ferrari <\/strong>ficou em 14\u00ba e lamentou os resultados ruins recentes.\u00a0<\/p>\n\n\n\n<p class=\"wp-block-paragraph\">&#8220;Preciso avaliar bem, porque muitas coisas est\u00e3o dando errado para mim nas condi\u00e7\u00f5es atuais&#8221;, disse.<\/p>\n\n\n\n<p class=\"wp-block-paragraph\">Desde sua <a href=\"https:\/\/www.grandepremio.com\/br\/f1\/noticias\/charles-leclerc-espanta-maldicao-vence-gp-monaco-f1-1a-vez-max-verstappen-6\/\">vit\u00f3ria em casa<\/a>, no <strong>GP de M\u00f4naco<\/strong>, Leclerc somou apenas 12 pontos e terminou somente uma vez \u2014 em quatro provas \u2014 no top-10. No <strong>GP da Espanha<\/strong>, o ferrarista ficou em quinto, mas abandonou no <strong>Canad\u00e1<\/strong>, cruzou a linha de chegada em 11\u00ba na <strong>\u00c1ustria <\/strong>e foi o 14\u00ba neste domingo (7), em <strong>Silverstone<\/strong>.\u00a0<\/p>\n\n\n\n<p class=\"wp-block-paragraph\">Leclerc tamb\u00e9m comentou a estrat\u00e9gia de colocar os pneus intermedi\u00e1rios cedo na corrida, quando a chuva ainda n\u00e3o tinha apertado.\u00a0T\u00e1tica que, ali\u00e1s, o jogou de s\u00e9timo para retardat\u00e1rio.<\/p>\n\n\n\n<figure class=\"wp-block-image size-large\"><img decoding=\"async\" src=\"https:\/\/www.grandepremio.com\/br\/wp-content\/uploads\/2024\/07\/inglaterra-2024-f1-classificacao-ferrari-charles-leclerc-02-1200x800.jpg\" alt=\"\" class=\"wp-image-837583\"\/><figcaption class=\"wp-element-caption\">Charles Leclerc ficou sem pontos na Inglaterra (Foto: Ferrari)<\/figcaption><\/figure>\n\n\n\n<p class=\"wp-block-paragraph\">Na volta 19, quando estava em s\u00e9timo, o monegasco entrou nos boxes para fazer sua primeira parada e arriscou colocar intermedi\u00e1rios, mas acabou se precipitando e teve de parar mais uma vez na volta 27.\u00a0<\/p>\n\n\n\n<p class=\"wp-block-paragraph\">&#8220;Tentamos uma estrat\u00e9gia extremamente agressiva, mas que n\u00e3o se pagou&#8221;, analisou o vencedor do GP de M\u00f4naco deste ano. &#8220;Esper\u00e1vamos que a chuva viesse, mas ela chegou oito voltas depois do momento em que cont\u00e1vamos com ela. Precisei parar outra vez nos boxes&#8221;, relatou.<\/p>\n\n\n\n<p class=\"wp-block-paragraph\">A&nbsp;<a href=\"https:\/\/www.grandepremio.com\/br\/f1\/\" target=\"_blank\" rel=\"noreferrer noopener\"><\/a><a href=\"https:\/\/www.grandepremio.com\/br\/f1\/\" target=\"_blank\" rel=\"noreferrer noopener\">F\u00f3rmula 1<\/a>&nbsp;continua a temporada 2024 entre os dias 19 e 21 de julho, em&nbsp;<strong><a href=\"https:\/\/www.grandepremio.com\/br\/circuito\/hungaroring\/\" target=\"_blank\" rel=\"noreferrer noopener\">Hungaroring<\/a><\/strong>, com o&nbsp;<strong>GP da Hungria<\/strong>.<\/p>\n\n\n\n<p class=\"wp-block-paragraph\">\u25b6\ufe0f\u00a0<strong>Inscreva-se nos dois canais do GRANDE PR\u00caMIO no YouTube:\u00a0<a href=\"https:\/\/www.youtube.com\/channel\/UC9OlHEgxoaY6QY6nWPoiqQg?sub_confirmation=1\" target=\"_blank\" rel=\"noreferrer noopener\">GP<\/a>\u00a0|\u00a0<a href=\"https:\/\/www.youtube.com\/channel\/UC9csiS6q_C3C0FYhyr1rnFA?sub_confirmation=1\" target=\"_blank\" rel=\"noreferrer noopener\">GP2<\/a><\/strong><\/p>\n\n\n\n<figure class=\"wp-block-embed is-type-video is-provider-youtube wp-block-embed-youtube wp-embed-aspect-16-9 wp-has-aspect-ratio\"><div class=\"wp-block-embed__wrapper\">\n<iframe loading=\"lazy\" title=\"HAMILTON VENCE GP da INGLATERRA de F1 E EMOCIONA O MUNDO! VERSTAPPEN 2\u00ba| Briefing\" width=\"500\" height=\"281\" src=\"https:\/\/www.youtube.com\/embed\/48MM8pDTniQ?feature=oembed\" frameborder=\"0\" allow=\"accelerometer; autoplay; clipboard-write; encrypted-media; gyroscope; picture-in-picture; web-share\" referrerpolicy=\"strict-origin-when-cross-origin\" allowfullscreen><\/iframe>\n<\/div><\/figure>\n","protected":false},"excerpt":{"rendered":"<p>Charles Leclerc se complicou nas condi\u00e7\u00f5es adversas de Silverstone e terminou novamente fora dos pontos depois de uma parada fora de hora quando a chuva come\u00e7ou<\/p>\n","protected":false},"author":0,"featured_media":1000837585,"comment_status":"closed","ping_status":"closed","sticky":false,"template":"","format":"standard","meta":{"42wp_featured_image_caption":"","42wp_featured_image_credits":"","42wp_featured_video":"","42wp_featured_image_hidden":false,"42wp_authors_list":[],"footnotes":""},"categories":[2],"tags":[654,20491,309,546,209,5660,211,302,3230,642,176,207,40152,800,1505,40153,40154,3746,119,117,485,547,87,25553,203,90,82,1521,2916,676,39061,204,1197,3132,3632,612,215,597],"42wp_author":[47162],"class_list":["post-70954","post","type-post","status-publish","format-standard","has-post-thumbnail","hentry","category-f1","tag-alexander-albon","tag-alpine","tag-aston-martin","tag-carlos-sainz","tag-charles-leclerc","tag-classificacao","tag-daniel-ricciardo","tag-esteban-ocon","tag-f1-2024","tag-f1-ao-vivo","tag-fernando-alonso","tag-ferrari","tag-fim-de-semana-inglaterra","tag-george-russell","tag-gp-da-inglaterra","tag-gp-gra-bretanha","tag-gp-silverstone","tag-guanyu-zhou","tag-haas","tag-kevin-magnussen","tag-lance-stroll","tag-lando-norris","tag-lewis-hamilton","tag-logan-sargeant","tag-max-verstappen","tag-mclaren","tag-mercedes","tag-nico-hulkenberg","tag-oscar-piastri","tag-pierre-gasly","tag-rb-2","tag-red-bull","tag-sauber","tag-sergio-perez","tag-silverstone","tag-valtteri-bottas","tag-williams","tag-yuki-tsunoda","42wp_author-giovani-danjo"],"_links":{"self":[{"href":"https:\/\/grandepremio.com\/br\/wp-json\/wp\/v2\/posts\/70954","targetHints":{"allow":["GET"]}}],"collection":[{"href":"https:\/\/grandepremio.com\/br\/wp-json\/wp\/v2\/posts"}],"about":[{"href":"https:\/\/grandepremio.com\/br\/wp-json\/wp\/v2\/types\/post"}],"replies":[{"embeddable":true,"href":"https:\/\/grandepremio.com\/br\/wp-json\/wp\/v2\/comments?post=70954"}],"version-history":[{"count":0,"href":"https:\/\/grandepremio.com\/br\/wp-json\/wp\/v2\/posts\/70954\/revisions"}],"wp:featuredmedia":[{"embeddable":true,"href":"https:\/\/grandepremio.com\/br\/wp-json\/wp\/v2\/media\/1000837585"}],"wp:attachment":[{"href":"https:\/\/grandepremio.com\/br\/wp-json\/wp\/v2\/media?parent=70954"}],"wp:term":[{"taxonomy":"category","embeddable":true,"href":"https:\/\/grandepremio.com\/br\/wp-json\/wp\/v2\/categories?post=70954"},{"taxonomy":"post_tag","embeddable":true,"href":"https:\/\/grandepremio.com\/br\/wp-json\/wp\/v2\/tags?post=70954"},{"taxonomy":"42wp_author","embeddable":true,"href":"https:\/\/grandepremio.com\/br\/wp-json\/wp\/v2\/42wp_author?post=70954"}],"curies":[{"name":"wp","href":"https:\/\/api.w.org\/{rel}","templated":true}]}}