{"id":71229,"date":"2024-07-06T07:37:23","date_gmt":"2024-07-06T10:37:23","guid":{"rendered":"https:\/\/grandepremio.com\/br\/noticias\/eric-granado-levado-ambulancia-apos-violenta-queda-corrida-1-motoe-alemanha\/"},"modified":"2024-07-06T07:43:21","modified_gmt":"2024-07-06T10:43:21","slug":"eric-granado-levado-ambulancia-apos-violenta-queda-corrida-1-motoe-alemanha","status":"publish","type":"post","link":"https:\/\/grandepremio.com\/br\/motogp\/eric-granado-levado-ambulancia-apos-violenta-queda-corrida-1-motoe-alemanha\/","title":{"rendered":"Granado \u00e9 levado de ambul\u00e2ncia ap\u00f3s violenta queda na corrida 1 da MotoE na Alemanha"},"content":{"rendered":"\n<p class=\"wp-block-paragraph\">A primeira corrida da <strong>MotoE <\/strong>deste s\u00e1bado (6) na <strong>Alemanha <\/strong>teve um grande susto logo na largada. <strong>Eric Granado<\/strong> sofreu uma forte queda ap\u00f3s ser tocado por <strong>Oscar Gutierrez<\/strong> e precisou de atendimento m\u00e9dico na pista, inclusive saindo de ambul\u00e2ncia do circuito.<\/p>\n\n\n\n<p class=\"wp-block-paragraph\">Na largada, Gutierrez partiu bem e chegou a assumir a lideran\u00e7a por alguns metros, mas passou espalhou na curva 1. Quando voltou para a pista, fechou a porta de Granado, que acabou tocando e caindo com viol\u00eancia no ch\u00e3o. O brasileiro ainda contou com a sorte e escapou de ser atropelado pelos demais concorrentes.<\/p>\n\n\n\n<p class=\"wp-block-paragraph\">Ap\u00f3s o incidente, a dire\u00e7\u00e3o de prova acionou a bandeira vermelha e uma ambul\u00e2ncia entrou na pista de <strong>Sachsenring <\/strong>para prestar atendimento ao brasileiro. De acordo com as primeiras informa\u00e7\u00f5es, Granado est\u00e1 <strong>consciente <\/strong>e foi levado ao centro m\u00e9dico do circuito. Logo depois, foi encaminhado a um hospital da regi\u00e3o para exames mais detalhados.<\/p>\n\n\n\n<p class=\"wp-block-paragraph\">Por conta da queda, a presen\u00e7a de Eric na segunda corrida do dia, prevista para 11h10 (de Bras\u00edlia) n\u00e3o est\u00e1 garantida e \u00e9 bem prov\u00e1vel que seja descartada pela equipe <strong>LCR <\/strong>por quest\u00f5es de seguran\u00e7a.<\/p>\n\n\n\n<figure class=\"wp-block-video\"><video class=\"video-js vjs-big-play-centered\" data-gp-vjs=\"1\" controls src=\"https:\/\/www.grandepremio.com\/br\/wp-content\/uploads\/2024\/07\/eric-granado-acidente.mp4\"><\/video><\/figure>\n\n\n\n<p class=\"wp-block-paragraph\"><strong>\u25b6\ufe0f Inscreva-se nos dois canais do&nbsp;GRANDE PR\u00caMIO&nbsp;no YouTube:&nbsp;<a href=\"https:\/\/www.youtube.com\/channel\/UC9OlHEgxoaY6QY6nWPoiqQg?sub_confirmation=1\">GP<\/a>&nbsp;|&nbsp;<a href=\"https:\/\/www.youtube.com\/channel\/UC9csiS6q_C3C0FYhyr1rnFA?sub_confirmation=1\">GP2<\/a><\/strong><\/p>\n\n\n\n<p class=\"wp-block-paragraph\">Em incidente separado, mas tamb\u00e9m na largada da corrida 1 na Alemanha, Armando Pontone tamb\u00e9m caiu e abandonou a disputa. O italiano, no entanto, est\u00e1 bem e n\u00e3o precisou de aux\u00edlio dos m\u00e9dicos do <strong>Mundial de Motovelocidade<\/strong>.<\/p>\n\n\n\n<p class=\"wp-block-paragraph\">A&nbsp;<strong><a href=\"https:\/\/grandepremio.com\/motovelocidade\/\" target=\"_blank\" rel=\"noreferrer noopener\">MotoGP<\/a>&nbsp;<\/strong>volta a acelerar ainda neste s\u00e1bado (6), a partir de 10h (de Bras\u00edlia), para a corrida sprint da&nbsp;<strong>Alemanha<\/strong>, em&nbsp;<strong><a href=\"https:\/\/www.grandepremio.com\/br\/circuito\/sachsenring\/\" target=\"_blank\" rel=\"noreferrer noopener\">Sachsenring<\/a><\/strong>. O&nbsp;<strong>GRANDE PR\u00caMIO&nbsp;<\/strong>faz a cobertura completa do evento, assim como das outras classes do&nbsp;Mundial de&nbsp;<a href=\"https:\/\/www.grandepremio.com\/motovelocidade\/\" target=\"_blank\" rel=\"noreferrer noopener\">Motovelocidade<\/a>&nbsp;durante todo o ano.<\/p>\n\n\n\n<figure class=\"wp-block-embed is-type-video is-provider-youtube wp-block-embed-youtube wp-embed-aspect-16-9 wp-has-aspect-ratio\"><div class=\"wp-block-embed__wrapper\">\n<iframe loading=\"lazy\" title=\"Bagnaia TEM ATUA\u00c7\u00c3O M\u00c1GICA em Assen e CONSOLIDA REA\u00c7\u00c3O POR TRI da MotoGP | GP \u00e0s 10\" width=\"500\" height=\"281\" src=\"https:\/\/www.youtube.com\/embed\/gnqJXs7sfpQ?feature=oembed\" frameborder=\"0\" allow=\"accelerometer; autoplay; clipboard-write; encrypted-media; gyroscope; picture-in-picture; web-share\" referrerpolicy=\"strict-origin-when-cross-origin\" allowfullscreen><\/iframe>\n<\/div><\/figure>\n","protected":false},"excerpt":{"rendered":"<p>Eric Granado foi tocado por Oscar Gutierrez na largada da corrida 1 da MotoE na Alemanha, caiu no meio do pelot\u00e3o e escapou de uma trag\u00e9dia. O brasileiro foi atendido pelos m\u00e9dicos no local e saiu de ambul\u00e2ncia para o centro m\u00e9dico, mas a categoria afirma que o piloto est\u00e1 consciente<\/p>\n","protected":false},"author":0,"featured_media":1000837356,"comment_status":"closed","ping_status":"closed","sticky":false,"template":"","format":"standard","meta":{"42wp_featured_image_caption":"","42wp_featured_image_credits":"","42wp_featured_video":"","42wp_featured_image_hidden":false,"42wp_authors_list":[],"footnotes":""},"categories":[8],"tags":[983,5214,286,1504,28285,79,280,78,34329,37693,37691,37692,25819,29345,28766,37694,26690,3346],"42wp_author":[47135],"class_list":["post-71229","post","type-post","status-publish","format-standard","has-post-thumbnail","hentry","category-motogp","tag-alemanha","tag-classificacao-motogp","tag-eric-granado","tag-gp-da-alemanha","tag-grandepremio","tag-moto-gp","tag-motoe","tag-motogp","tag-motogp-2024","tag-motogp-2024-calendario","tag-motogp-calendario-2024","tag-motogp-classificacao-2024","tag-motogp-hoje","tag-motogp-horario","tag-motogp-standings","tag-onde-assistir-motogp-2024","tag-pilotos-motogp","tag-sachsenring","42wp_author-pedro-luis-cuenca"],"_links":{"self":[{"href":"https:\/\/grandepremio.com\/br\/wp-json\/wp\/v2\/posts\/71229","targetHints":{"allow":["GET"]}}],"collection":[{"href":"https:\/\/grandepremio.com\/br\/wp-json\/wp\/v2\/posts"}],"about":[{"href":"https:\/\/grandepremio.com\/br\/wp-json\/wp\/v2\/types\/post"}],"replies":[{"embeddable":true,"href":"https:\/\/grandepremio.com\/br\/wp-json\/wp\/v2\/comments?post=71229"}],"version-history":[{"count":0,"href":"https:\/\/grandepremio.com\/br\/wp-json\/wp\/v2\/posts\/71229\/revisions"}],"wp:featuredmedia":[{"embeddable":true,"href":"https:\/\/grandepremio.com\/br\/wp-json\/wp\/v2\/media\/1000837356"}],"wp:attachment":[{"href":"https:\/\/grandepremio.com\/br\/wp-json\/wp\/v2\/media?parent=71229"}],"wp:term":[{"taxonomy":"category","embeddable":true,"href":"https:\/\/grandepremio.com\/br\/wp-json\/wp\/v2\/categories?post=71229"},{"taxonomy":"post_tag","embeddable":true,"href":"https:\/\/grandepremio.com\/br\/wp-json\/wp\/v2\/tags?post=71229"},{"taxonomy":"42wp_author","embeddable":true,"href":"https:\/\/grandepremio.com\/br\/wp-json\/wp\/v2\/42wp_author?post=71229"}],"curies":[{"name":"wp","href":"https:\/\/api.w.org\/{rel}","templated":true}]}}